{"id":27119,"date":"2024-09-06T22:02:33","date_gmt":"2024-09-06T19:02:33","guid":{"rendered":"https:\/\/marmarayerelhizmet.com\/?p=27119"},"modified":"2024-09-09T22:04:30","modified_gmt":"2024-09-09T19:04:30","slug":"avrupa-miras-gunleri-baslayacak","status":"publish","type":"post","link":"https:\/\/marmarayerelhizmet.com\/index.php\/2024\/09\/06\/avrupa-miras-gunleri-baslayacak\/","title":{"rendered":"Avrupa Miras G\u00fcnleri Ba\u015flayacak"},"content":{"rendered":"<p><strong><span style=\"font-family: arial, helvetica, sans-serif; font-size: 14px;\">Beyo\u011flu Belediyesi taraf\u0131ndan d\u00fczenlenen Avrupa Miras G\u00fcnleri\u2019nde Tarih\u00e7i Yazar \u0130lber Ortayl\u0131 konuk olacak.<\/span><\/strong><\/p>\n<p><span style=\"font-family: arial, helvetica, sans-serif; font-size: 14px;\">Beyo\u011flu Belediyesi, bu y\u0131l &#8220;Rotalar, A\u011flar ve Ba\u011flant\u0131lar\u0131n Miras\u0131&#8221; temas\u0131yla d\u00fczenlenecek olan Avrupa Miras G\u00fcnleri kapsam\u0131nda Beyo\u011flu\u2019nun t\u00fcm k\u00fclt\u00fcrel payda\u015flar\u0131n\u0131 bir araya getirecek. \u201cBeyo\u011flu\u2019nun Miras\u0131n\u0131 Yeniden Ke\u015ffe \u00c7\u0131k\u0131yoruz\u201d slogan\u0131yla ger\u00e7ekle\u015ftirilecek etkinliklere, k\u00fclt\u00fcr merkezlerinden kitapevlerine, konsolosluklardan m\u00fczelere, \u00fcniversitelerden vak\u0131flara kadar 50\u2019den fazla kurum mekanlar\u0131yla kat\u0131l\u0131m sa\u011flayacak.<\/span><\/p>\n<p><strong><span style=\"font-family: arial, helvetica, sans-serif; font-size: 14px;\">\u0130lber Ortayl\u0131 ile 6. dairenin tarihine yolculuk<br \/>\n<\/span><\/strong><span style=\"font-family: arial, helvetica, sans-serif; font-size: 14px;\">Beyo\u011flu Avrupa Miras G\u00fcnleri\u2019nin en \u00f6nemli konuklar\u0131ndan birisi de Tarih\u00e7i Yazar \u0130lber Ortayl\u0131 olacak. Pelin Batu moderat\u00f6rl\u00fc\u011f\u00fcnde ger\u00e7ekle\u015ftirilecek s\u00f6yle\u015fide \u0130lber Ortayl\u0131, \u015ei\u015fhane Meydan\u0131\u2019nda Beyo\u011flu Belediyesi Ba\u015fkanl\u0131k Binas\u0131 6. Dairenin hikayesini ve belle\u011fini anlatacak. 8 Eyl\u00fcl Pazar g\u00fcn\u00fc yap\u0131lacak olan s\u00f6yle\u015fi saat 17.00\u2019da ba\u015flayacak.<\/span><\/p>\n<p><strong><span style=\"font-family: arial, helvetica, sans-serif; font-size: 14px;\">Sanatseverler sanat\u00e7\u0131lar\u0131n \u00fcretim s\u00fcrecine tan\u0131kl\u0131k etme imkan\u0131 bulacak<br \/>\n<\/span><\/strong><span style=\"font-family: arial, helvetica, sans-serif; font-size: 14px;\">Beyo\u011flu Avrupa Miras G\u00fcnleri kapsam\u0131nda, 7 Eyl\u00fcl Cumartesi g\u00fcn\u00fc Tokatl\u0131yan Han\u2019da 14.00 &#8211; 18.00 saatleri as\u0131nda \u201cA\u00e7\u0131k At\u00f6lye&#8221; etkinli\u011fi ger\u00e7ekle\u015ftirilecek. Ziyaret\u00e7iler, 19. y\u00fczy\u0131lda Beyo\u011flu\u2019nun g\u00f6zde otellerinden ve hala \u0130stiklal Caddesi\u2019nin simgelerinden biri olan tarihi han\u0131n b\u00fcy\u00fcleyici atmosferinde bir\u00e7ok ba\u015far\u0131l\u0131 ba\u011f\u0131ms\u0131z sanat\u00e7\u0131n\u0131n at\u00f6lyelerini ziyaret edip, \u00fcretim s\u00fcrecine tan\u0131kl\u0131k etme imkan\u0131 bulacak.<\/span><\/p>\n<p><strong><span style=\"font-family: arial, helvetica, sans-serif; font-size: 14px;\">80\u2019e yak\u0131n \u00fccretsiz etkinlik d\u00fczenlenecek<br \/>\n<\/span><\/strong><span style=\"font-family: arial, helvetica, sans-serif; font-size: 14px;\">16 Eyl\u00fcl\u2019e kadar devam edecek olan Beyo\u011flu\u2019nun k\u00fclt\u00fcrel miras\u0131n\u0131 ke\u015ffetme turunda; rehberli ve rotal\u0131 turlar, s\u00f6yle\u015filer, sergiler, konserler ve at\u00f6lyeler ba\u015fta olmak \u00fczere 80\u2019e yak\u0131n \u00fccretsiz etkinlikle Beyo\u011flu miras\u0131n\u0131n bug\u00fcne kadar bilinmeyen y\u00f6nleri g\u00fcn y\u00fcz\u00fcne \u00e7\u0131kart\u0131lacak. Sanatseverler etkinliklerle ilgili detayl\u0131 bilgiye https:\/\/beyoglumiras.org\/ adresini ziyaret ederek ula\u015fabilecek.<\/span><\/p>\n","protected":false},"excerpt":{"rendered":"<p>Beyo\u011flu Belediyesi taraf\u0131ndan d\u00fczenlenen Avrupa Miras G\u00fcnleri\u2019nde Tarih\u00e7i Yazar \u0130lber Ortayl\u0131 konuk olacak. Beyo\u011flu Belediyesi, bu y\u0131l &#8220;Rotalar, A\u011flar ve<\/p>\n","protected":false},"author":3,"featured_media":27120,"comment_status":"open","ping_status":"open","sticky":false,"template":"","format":"standard","meta":{"colormag_page_container_layout":"default_layout","colormag_page_sidebar_layout":"default_layout","footnotes":""},"categories":[47,1,5,6,8],"tags":[],"class_list":["post-27119","post","type-post","status-publish","format-standard","has-post-thumbnail","hentry","category-dunya","category-genel","category-gundem","category-kultur-sanat","category-siyaset"],"_links":{"self":[{"href":"https:\/\/marmarayerelhizmet.com\/index.php\/wp-json\/wp\/v2\/posts\/27119","targetHints":{"allow":["GET"]}}],"collection":[{"href":"https:\/\/marmarayerelhizmet.com\/index.php\/wp-json\/wp\/v2\/posts"}],"about":[{"href":"https:\/\/marmarayerelhizmet.com\/index.php\/wp-json\/wp\/v2\/types\/post"}],"author":[{"embeddable":true,"href":"https:\/\/marmarayerelhizmet.com\/index.php\/wp-json\/wp\/v2\/users\/3"}],"replies":[{"embeddable":true,"href":"https:\/\/marmarayerelhizmet.com\/index.php\/wp-json\/wp\/v2\/comments?post=27119"}],"version-history":[{"count":0,"href":"https:\/\/marmarayerelhizmet.com\/index.php\/wp-json\/wp\/v2\/posts\/27119\/revisions"}],"wp:featuredmedia":[{"embeddable":true,"href":"https:\/\/marmarayerelhizmet.com\/index.php\/wp-json\/wp\/v2\/media\/27120"}],"wp:attachment":[{"href":"https:\/\/marmarayerelhizmet.com\/index.php\/wp-json\/wp\/v2\/media?parent=27119"}],"wp:term":[{"taxonomy":"category","embeddable":true,"href":"https:\/\/marmarayerelhizmet.com\/index.php\/wp-json\/wp\/v2\/categories?post=27119"},{"taxonomy":"post_tag","embeddable":true,"href":"https:\/\/marmarayerelhizmet.com\/index.php\/wp-json\/wp\/v2\/tags?post=27119"}],"curies":[{"name":"wp","href":"https:\/\/api.w.org\/{rel}","templated":true}]}}