{"id":27037,"date":"2024-09-02T20:47:05","date_gmt":"2024-09-02T17:47:05","guid":{"rendered":"https:\/\/marmarayerelhizmet.com\/?p=27037"},"modified":"2024-09-02T20:47:05","modified_gmt":"2024-09-02T17:47:05","slug":"degirmen-bogazi-yeniden-duzenlenecek","status":"publish","type":"post","link":"https:\/\/marmarayerelhizmet.com\/index.php\/2024\/09\/02\/degirmen-bogazi-yeniden-duzenlenecek\/","title":{"rendered":"De\u011firmen Bo\u011faz\u0131 Yeniden D\u00fczenlenecek"},"content":{"rendered":"<p><strong><span style=\"font-family: arial, helvetica, sans-serif; font-size: 14px;\">Bal\u0131kesir Kent Konseyi Engelli Meclisi \u00fcyeleriyle piknikte bir araya gelen B\u00fcy\u00fck\u015fehir Belediye Ba\u015fkan\u0131 Ahmet Ak\u0131n, De\u011firmen Bo\u011faz\u0131 Mesire Alan\u0131n\u0131n en h\u0131zl\u0131 \u015fekilde \u00f6zel gereksinimli bireylere uyumlu bir \u015fekilde d\u00fczenlenece\u011finin m\u00fcjdesini verdi.<\/p>\n<p><\/span><\/strong><span style=\"font-family: arial, helvetica, sans-serif; font-size: 14px;\">Bal\u0131kesir B\u00fcy\u00fck\u015fehir Belediyesi, Bal\u0131kesir Kent Konseyi Engelsiz \u015eehir Bal\u0131kesir Meclisi ile birlikte \u00f6zel gereksinimli bireylerle Sosyal Piknik Program\u0131 d\u00fczenledi. De\u011firmen Bo\u011faz\u0131 Mesire Alan\u0131nda ger\u00e7ekle\u015fen pikni\u011fe Bal\u0131kesir B\u00fcy\u00fck\u015fehir Belediye Ba\u015fkan\u0131 Ahmet Ak\u0131n, e\u015fi Arbil Ak\u0131n ile birlikte kat\u0131larak \u00f6zel gereksinimli bireyler ve aileleriyle keyifli vakit ge\u00e7irdi. De\u011firmen Bo\u011faz\u0131 Mesire Alan\u0131n\u0131n en h\u0131zl\u0131 \u015fekilde \u00f6zel gereksinimli bireylere uyumlu bir \u015fekilde d\u00fczenlenece\u011fini dile getiren Ba\u015fkan Ahmet Ak\u0131n, Engelsiz \u015eehir Bal\u0131kesir Meclisi Ba\u015fkan\u0131 Alper \u015eent\u00fcrk\u2019\u00fcn de do\u011fum g\u00fcn\u00fcn\u00fc kutlad\u0131. D\u00fczenlenen pikni\u011fe; Ba\u015fkan Ahmet Ak\u0131n ve e\u015fi Arbil Ak\u0131n\u2019\u0131n yan\u0131 s\u0131ra; CHP Bal\u0131kesir Milletvekili Serkan Sar\u0131, Bal\u0131kesir Kent Konseyi Ba\u015fkan\u0131 Sevin\u00e7 Baykan \u00d6zden, \u00f6zel gereksinimli bireyler ve aileleri kat\u0131ld\u0131.<\/p>\n<p><\/span><strong><span style=\"font-family: arial, helvetica, sans-serif; font-size: 14px;\">\u2018Engelleri ortadan kald\u0131raca\u011f\u0131z\u2019<br \/>\n<\/span><\/strong><span style=\"font-family: arial, helvetica, sans-serif; font-size: 14px;\">Engelleri ortadan kald\u0131rmak i\u00e7in d\u00fczenlemeler yapacaklar\u0131n\u0131 dile getiren Ba\u015fkan Ahmet Ak\u0131n \u201cEngelli karde\u015flerimizle, a\u011fabeylerimizle, b\u00fcy\u00fcklerimizle, k\u00fc\u00e7\u00fcklerimizle bir aradayd\u0131k. Burada Alper karde\u015fimizin do\u011fum g\u00fcn\u00fcn\u00fc kutlad\u0131k. Derdimiz \u2018Engelsiz Bal\u0131kesir.\u2019 Engelsiz bir y\u00f6netim i\u00e7in \u00f6nce engelleri ortadan kald\u0131racak inanca, kararl\u0131l\u0131\u011fa ihtiya\u00e7 var. Bu kararl\u0131l\u0131k bizde var. \u015eu anda oldu\u011fumuz alan\u0131 da bu karde\u015flerimize, bu b\u00fcy\u00fcklerimize, engellilerimize \u00f6zel bir alan haline getirece\u011fiz. Engelsiz mesire alan\u0131m\u0131zda, vatanda\u015flar\u0131m\u0131z burada aileleriyle birlikte gelecek. Kendilerine uygun \u015fekilde yemek yiyecekler, mangal yapacaklar, sohbet edecekler, muhabbet edecekler, burada kayna\u015facaklar. Burada, \u00e7ekilen s\u0131k\u0131nt\u0131lar\u0131 unutacaklar. Yar\u0131ndan itibaren tadilat\u0131na ba\u015flayaca\u011f\u0131z ve buran\u0131n a\u00e7\u0131l\u0131\u015f\u0131n\u0131 da ben ve b\u00fct\u00fcn engelli karde\u015flerimle birlikte yapaca\u011f\u0131z\u201d diye konu\u015ftu. \u0130HA<\/span><\/p>\n<p>&nbsp;<\/p>\n","protected":false},"excerpt":{"rendered":"<p>Bal\u0131kesir Kent Konseyi Engelli Meclisi \u00fcyeleriyle piknikte bir araya gelen B\u00fcy\u00fck\u015fehir Belediye Ba\u015fkan\u0131 Ahmet Ak\u0131n, De\u011firmen Bo\u011faz\u0131 Mesire Alan\u0131n\u0131n en<\/p>\n","protected":false},"author":3,"featured_media":27038,"comment_status":"open","ping_status":"open","sticky":false,"template":"","format":"standard","meta":{"colormag_page_container_layout":"default_layout","colormag_page_sidebar_layout":"default_layout","footnotes":""},"categories":[1,5,8],"tags":[],"class_list":["post-27037","post","type-post","status-publish","format-standard","has-post-thumbnail","hentry","category-genel","category-gundem","category-siyaset"],"_links":{"self":[{"href":"https:\/\/marmarayerelhizmet.com\/index.php\/wp-json\/wp\/v2\/posts\/27037","targetHints":{"allow":["GET"]}}],"collection":[{"href":"https:\/\/marmarayerelhizmet.com\/index.php\/wp-json\/wp\/v2\/posts"}],"about":[{"href":"https:\/\/marmarayerelhizmet.com\/index.php\/wp-json\/wp\/v2\/types\/post"}],"author":[{"embeddable":true,"href":"https:\/\/marmarayerelhizmet.com\/index.php\/wp-json\/wp\/v2\/users\/3"}],"replies":[{"embeddable":true,"href":"https:\/\/marmarayerelhizmet.com\/index.php\/wp-json\/wp\/v2\/comments?post=27037"}],"version-history":[{"count":0,"href":"https:\/\/marmarayerelhizmet.com\/index.php\/wp-json\/wp\/v2\/posts\/27037\/revisions"}],"wp:featuredmedia":[{"embeddable":true,"href":"https:\/\/marmarayerelhizmet.com\/index.php\/wp-json\/wp\/v2\/media\/27038"}],"wp:attachment":[{"href":"https:\/\/marmarayerelhizmet.com\/index.php\/wp-json\/wp\/v2\/media?parent=27037"}],"wp:term":[{"taxonomy":"category","embeddable":true,"href":"https:\/\/marmarayerelhizmet.com\/index.php\/wp-json\/wp\/v2\/categories?post=27037"},{"taxonomy":"post_tag","embeddable":true,"href":"https:\/\/marmarayerelhizmet.com\/index.php\/wp-json\/wp\/v2\/tags?post=27037"}],"curies":[{"name":"wp","href":"https:\/\/api.w.org\/{rel}","templated":true}]}}