{"id":26990,"date":"2024-08-30T19:22:20","date_gmt":"2024-08-30T16:22:20","guid":{"rendered":"https:\/\/marmarayerelhizmet.com\/?p=26990"},"modified":"2024-08-30T19:22:20","modified_gmt":"2024-08-30T16:22:20","slug":"sporcular-odullerini-aldi","status":"publish","type":"post","link":"https:\/\/marmarayerelhizmet.com\/index.php\/2024\/08\/30\/sporcular-odullerini-aldi\/","title":{"rendered":"Sporcular \u00d6d\u00fcllerini Ald\u0131"},"content":{"rendered":"<p><span style=\"font-family: arial, helvetica, sans-serif; font-size: 14px;\"><strong>Esenyurt 2. Gen\u00e7lik Festivali Gen\u00e7Fest\u2019te 30 A\u011fustos Zafer Bayram\u0131 co\u015fkusu ya\u015fand\u0131. Festivalin son g\u00fcn\u00fcnde dereceye giren sporcular \u00f6d\u00fcllerine kavu\u015furken, sahne alan Sakiler grubu \u015fark\u0131lar\u0131yla zafer co\u015fkusunu t\u00fcm il\u00e7eye yayd\u0131. <\/strong><\/p>\n<p>Gen\u00e7lere \u00f6d\u00fcllerini veren Esenyurt\u00a0Belediye\u00a0Ba\u015fkan\u0131 Prof. Dr. Ahmet \u00d6zer, \u201c30 A\u011fustos\u2019un co\u015fkusunu birlikte ya\u015f\u0131yoruz. Atalar\u0131m\u0131z\u0131n d\u00fc\u015fmana kar\u015f\u0131 birlik ve beraberlik ruhuyla sava\u015ft\u0131\u011f\u0131 gibi, biz de bug\u00fcn bu ruhu Esenyurt\u2019ta ya\u015fat\u0131yoruz\u201d dedi.<\/span><br \/>\n<span style=\"font-family: arial, helvetica, sans-serif; font-size: 14px;\">Gen\u00e7lerin yo\u011fun ilgi g\u00f6sterdi\u011fi Esenyurt 2. Gen\u00e7lik Festivali Gen\u00e7Fest, Cumhuriyet Meydan\u0131\u2019nda d\u00fczenlenen \u00f6d\u00fcl t\u00f6reni ve Sakiler grubunun konseriyle sona erdi. \u00dc\u00e7 g\u00fcn boyunca gen\u00e7leri spor ve e\u011flenceyle bulu\u015fturan festivalde d\u00fczenlenen turnuvalarda dereceye giren sporcular, \u00f6d\u00fcllerini Esenyurt\u00a0Belediye\u00a0Ba\u015fkan\u0131 Prof. Dr. Ahmet \u00d6zer\u2019in elinden ald\u0131. \u00d6d\u00fcl t\u00f6reninin ard\u0131ndan sahne alan Sakiler grubu Esenyurtlulara unutulmaz bir ak\u015fam ya\u015fatt\u0131. 30 A\u011fustos Zafer Bayram\u0131 co\u015fkusunun da ya\u015fand\u0131\u011f\u0131 gecede, vatanda\u015flar Sakiler\u2019in \u015fark\u0131lar\u0131na hep bir a\u011f\u0131zdan e\u015flik etti.<\/span><\/p>\n<p><strong><span style=\"font-family: arial, helvetica, sans-serif; font-size: 14px;\">\u201c30 A\u011fustos\u2019un co\u015fkusunu birlikte ya\u015f\u0131yoruz\u201d<\/span><\/strong><br \/>\n<span style=\"font-family: arial, helvetica, sans-serif; font-size: 14px;\">Esenyurt\u2019ta spor, k\u00fclt\u00fcr ve sanat etkinliklerinin devam edece\u011fini belirten Ba\u015fkan \u00d6zer, \u201cBu meydan\u0131 gen\u00e7lerimizin co\u015fkusuyla dolu g\u00f6rmek hepimize umut veriyor, \u00e7\u00fcnk\u00fc gen\u00e7lik demek yar\u0131nlar demek, umut demektir. Sanat\u00e7\u0131n\u0131n da dedi\u011fi gibi: \u201cYar\u0131nlar bizim.\u201d Esenyurt\u00a0Belediyesi olarak g\u00f6reve geldi\u011fimiz g\u00fcnden beri sizlerle kucakla\u015fmak, gen\u00e7lerimizle bir araya gelmek i\u00e7in k\u00fclt\u00fcr ve sanat etkinlikleri d\u00fczenliyoruz. Temmuz ay\u0131nda uluslararas\u0131 b\u00fcy\u00fck bir festival d\u00fczenledik, hemen ard\u0131ndan bu gen\u00e7lik festivalini ger\u00e7ekle\u015ftirdik. 30 A\u011fustos\u2019un co\u015fkusunu birlikte ya\u015f\u0131yoruz. Atalar\u0131m\u0131z\u0131n d\u00fc\u015fmana kar\u015f\u0131 birlik ve beraberlik ruhuyla sava\u015ft\u0131\u011f\u0131 gibi, biz de bug\u00fcn bu ruhu Esenyurt\u2019ta ya\u015fat\u0131yoruz\u201d \u015feklinde konu\u015ftu.<\/span><\/p>\n<p><strong><span style=\"font-family: arial, helvetica, sans-serif; font-size: 14px;\">\u201cZafer, bar\u0131\u015f i\u00e7inde birlikte ya\u015famakt\u0131r\u201d<\/span><\/strong><br \/>\n<span style=\"font-family: arial, helvetica, sans-serif; font-size: 14px;\">Esenyurt\u2019u k\u00fclt\u00fcr ve sanat\u0131n merkezi haline getireceklerini s\u00f6yleyen Prof. \u00d6zer,\u201c30 A\u011fustos i\u00e7in d\u00fczenledi\u011fimiz gen\u00e7lik festivalimiz de basketbol, voleybol, ayak tenisi ve masa tenisi gibi spor bran\u015flar\u0131nda toplam 410 sporcumuz yar\u0131\u015ft\u0131. Ba\u015far\u0131 g\u00f6steren 77 sporcumuzu kutluyoruz. Esenyurt\u2019u k\u00fclt\u00fcr ve sanat\u0131n merkezi yapaca\u011f\u0131z. Zafer bar\u0131\u015f i\u00e7inde birlikte ya\u015famak, gelece\u011fe umutla bakmakt\u0131r. Zafer, motorlar\u0131 \u00f6zg\u00fcrl\u00fcklere s\u00fcrmektir. Zafer, gelece\u011fin ayd\u0131nl\u0131k yar\u0131nlar\u0131na hep birlikte y\u00fcr\u00fcmektir. Ben bu vesileyle 30 A\u011fustos Zafer Bayram\u0131\u2019n\u0131n 102. y\u0131l d\u00f6n\u00fcm\u00fcn\u00fc kutluyor, her g\u00fcn\u00fc bir \u00f6nceki g\u00fcnden g\u00fczel yar\u0131nlar diliyorum. Yolumuz a\u00e7\u0131k olsun\u201d ifadelerini kulland\u0131.<\/span><\/p>\n<p><strong><span style=\"font-family: arial, helvetica, sans-serif; font-size: 14px;\">\u201cTurnuvalarda yar\u0131\u015fmak gurur verici\u201d<\/span><\/strong><br \/>\n<span style=\"font-family: arial, helvetica, sans-serif; font-size: 14px;\">Masa tenisi turnuvas\u0131nda birinci olan Nuray Bille\u00e7 desteklerinden dolay\u0131 Ba\u015fkan \u00d6zer\u2019e te\u015fekk\u00fcr ederek, \u201cEv han\u0131m\u0131 olarak b\u00f6yle bir f\u0131rsat\u0131 bulup gelip turnuvalarda oynamak \u00e7ok gurur verici. Her \u015fey harikayd\u0131. \u00c7ok g\u00fczeldi, \u00e7ok e\u011flenceliydik. \u0130lk defa sahnede\u00a0Belediye\u00a0Ba\u015fkan\u0131ndan \u00f6d\u00fcl alaca\u011f\u0131m i\u00e7in \u00e7ok heyecan\u0131y\u0131m. Bundan sonra da spora devam edece\u011fim\u201d dedi.<br \/>\n<\/span><br \/>\n<strong><span style=\"font-family: arial, helvetica, sans-serif; font-size: 14px;\">\u201cFestivaller sosyalle\u015fmemize katk\u0131 sa\u011fl\u0131yor\u201d<\/span><\/strong><br \/>\n<span style=\"font-family: arial, helvetica, sans-serif; font-size: 14px;\">Festival kapsam\u0131nda d\u00fczenlenen turnuvalarda basketbol bran\u015f\u0131ndan birinci olan Hasan Ar\u0131kan ise, \u201c\u00dc\u00e7 g\u00fcn \u00e7ok e\u011flenceliydi, g\u00fczeldi. Burada beraber tak\u0131mca yar\u0131\u015ft\u0131k ve kazand\u0131k. \u0130l\u00e7ede bu t\u00fcr festivallerin olmas\u0131 kayna\u015fmam\u0131za sosyalle\u015fmemize katk\u0131 sa\u011fl\u0131yor\u201d diye konu\u015ftu.<\/span><\/p>\n","protected":false},"excerpt":{"rendered":"<p>Esenyurt 2. Gen\u00e7lik Festivali Gen\u00e7Fest\u2019te 30 A\u011fustos Zafer Bayram\u0131 co\u015fkusu ya\u015fand\u0131. Festivalin son g\u00fcn\u00fcnde dereceye giren sporcular \u00f6d\u00fcllerine kavu\u015furken, sahne<\/p>\n","protected":false},"author":3,"featured_media":26991,"comment_status":"open","ping_status":"open","sticky":false,"template":"","format":"standard","meta":{"colormag_page_container_layout":"default_layout","colormag_page_sidebar_layout":"default_layout","footnotes":""},"categories":[1,5,6,8],"tags":[],"class_list":["post-26990","post","type-post","status-publish","format-standard","has-post-thumbnail","hentry","category-genel","category-gundem","category-kultur-sanat","category-siyaset"],"_links":{"self":[{"href":"https:\/\/marmarayerelhizmet.com\/index.php\/wp-json\/wp\/v2\/posts\/26990","targetHints":{"allow":["GET"]}}],"collection":[{"href":"https:\/\/marmarayerelhizmet.com\/index.php\/wp-json\/wp\/v2\/posts"}],"about":[{"href":"https:\/\/marmarayerelhizmet.com\/index.php\/wp-json\/wp\/v2\/types\/post"}],"author":[{"embeddable":true,"href":"https:\/\/marmarayerelhizmet.com\/index.php\/wp-json\/wp\/v2\/users\/3"}],"replies":[{"embeddable":true,"href":"https:\/\/marmarayerelhizmet.com\/index.php\/wp-json\/wp\/v2\/comments?post=26990"}],"version-history":[{"count":0,"href":"https:\/\/marmarayerelhizmet.com\/index.php\/wp-json\/wp\/v2\/posts\/26990\/revisions"}],"wp:featuredmedia":[{"embeddable":true,"href":"https:\/\/marmarayerelhizmet.com\/index.php\/wp-json\/wp\/v2\/media\/26991"}],"wp:attachment":[{"href":"https:\/\/marmarayerelhizmet.com\/index.php\/wp-json\/wp\/v2\/media?parent=26990"}],"wp:term":[{"taxonomy":"category","embeddable":true,"href":"https:\/\/marmarayerelhizmet.com\/index.php\/wp-json\/wp\/v2\/categories?post=26990"},{"taxonomy":"post_tag","embeddable":true,"href":"https:\/\/marmarayerelhizmet.com\/index.php\/wp-json\/wp\/v2\/tags?post=26990"}],"curies":[{"name":"wp","href":"https:\/\/api.w.org\/{rel}","templated":true}]}}