{"id":26984,"date":"2024-08-30T19:18:19","date_gmt":"2024-08-30T16:18:19","guid":{"rendered":"https:\/\/marmarayerelhizmet.com\/?p=26984"},"modified":"2024-08-30T19:18:19","modified_gmt":"2024-08-30T16:18:19","slug":"beyoglundan-dunyaya-baris-cagrisi","status":"publish","type":"post","link":"https:\/\/marmarayerelhizmet.com\/index.php\/2024\/08\/30\/beyoglundan-dunyaya-baris-cagrisi\/","title":{"rendered":"Beyo\u011flu\u2019ndan D\u00fcnyaya Bar\u0131\u015f \u00c7a\u011fr\u0131s\u0131"},"content":{"rendered":"<p><strong><span style=\"font-family: arial, helvetica, sans-serif; font-size: 14px;\">Beyo\u011flu\u00a0Belediyesi taraf\u0131ndan 1 Eyl\u00fcl D\u00fcnya Bar\u0131\u015f G\u00fcn\u00fc dolay\u0131s\u0131yla \u201cS\u00f6zlerimiz Bar\u0131\u015f Olsun\u201d temal\u0131 etkinlik d\u00fczenlenecek. \u015eair ve m\u00fczisyenlerin bir araya gelece\u011fi etkinlikte dizeler ve notalarla Beyo\u011flu\u2019ndan t\u00fcm d\u00fcnyaya bar\u0131\u015f \u00e7a\u011fr\u0131s\u0131nda bulunulacak.<br \/>\n<\/span><\/strong><br \/>\n<span style=\"font-family: arial, helvetica, sans-serif; font-size: 14px;\">D\u00fcnya \u00e7ap\u0131nda \u00e7at\u0131\u015fmalar\u0131n \u00f6nlenmesi ve bar\u0131\u015f\u0131n tesisi yolunda toplumlar\u0131n bilin\u00e7lendirilmesi amac\u0131yla her y\u0131l 1 Eyl\u00fcl\u2019de kutlanan \u201cD\u00fcnya Bar\u0131\u015f G\u00fcn\u00fc\u201d dolay\u0131s\u0131yla Beyo\u011flu\u2019nda \u00f6zel bir etkinlik ger\u00e7ekle\u015ftirilecek. Beyo\u011flu\u00a0Belediyesi, \u015fiirin ve sanat\u0131n birle\u015ftirici g\u00fcc\u00fcyle d\u00fcnya bar\u0131\u015f\u0131na katk\u0131 sunmak amac\u0131yla &#8220;D\u00fcnya Bar\u0131\u015f G\u00fcn\u00fc Bulu\u015fmalar\u0131&#8221; etkinli\u011fi d\u00fczenleyecek. \u201cS\u00f6zlerimiz Bar\u0131\u015f Olsun\u201d temas\u0131yla 1 Eyl\u00fcl Pazar g\u00fcn\u00fc Terra Santa\u2019da ger\u00e7ekle\u015ftirilecek etkinlikte \u015fairler ve m\u00fczisyenler \u2018bar\u0131\u015f\u2019 i\u00e7in bir araya gelecekler.<br \/>\n<\/span><br \/>\n<strong><span style=\"font-family: arial, helvetica, sans-serif; font-size: 14px;\">\u015eiirin ve sanat\u0131n birle\u015ftirici g\u00fcc\u00fc bar\u0131\u015f i\u00e7in bir arada<\/span><\/strong><br \/>\n<span style=\"font-family: arial, helvetica, sans-serif; font-size: 14px;\">K\u00fclt\u00fcr sanat\u0131n en \u00f6nemli bulu\u015fma noktalar\u0131ndan birisi olan tarihi Terra Santa\u2019da saat 20.00\u2019de ba\u015flayacak olan etkinlikte usta \u015fairler \u015e\u00fckr\u00fc Erba\u015f, Haydar Erg\u00fclen ve Pelin \u00d6zer dizelerini bar\u0131\u015f i\u00e7in seslendirecekler. Gecede T\u00fcrk musikisinin \u00f6nemli m\u00fczisyenlerinden Peyda Yurtsever, Mesut Ulusan, Nebi ve G\u00fcrkan Karaman\u2019da notalar\u0131yla t\u00fcm d\u00fcnyaya bar\u0131\u015f \u00e7a\u011fr\u0131s\u0131nda bulunacaklar.<\/span><\/p>\n","protected":false},"excerpt":{"rendered":"<p>Beyo\u011flu\u00a0Belediyesi taraf\u0131ndan 1 Eyl\u00fcl D\u00fcnya Bar\u0131\u015f G\u00fcn\u00fc dolay\u0131s\u0131yla \u201cS\u00f6zlerimiz Bar\u0131\u015f Olsun\u201d temal\u0131 etkinlik d\u00fczenlenecek. \u015eair ve m\u00fczisyenlerin bir araya gelece\u011fi<\/p>\n","protected":false},"author":3,"featured_media":26985,"comment_status":"open","ping_status":"open","sticky":false,"template":"","format":"standard","meta":{"colormag_page_container_layout":"default_layout","colormag_page_sidebar_layout":"default_layout","footnotes":""},"categories":[1,5,6,8],"tags":[],"class_list":["post-26984","post","type-post","status-publish","format-standard","has-post-thumbnail","hentry","category-genel","category-gundem","category-kultur-sanat","category-siyaset"],"_links":{"self":[{"href":"https:\/\/marmarayerelhizmet.com\/index.php\/wp-json\/wp\/v2\/posts\/26984","targetHints":{"allow":["GET"]}}],"collection":[{"href":"https:\/\/marmarayerelhizmet.com\/index.php\/wp-json\/wp\/v2\/posts"}],"about":[{"href":"https:\/\/marmarayerelhizmet.com\/index.php\/wp-json\/wp\/v2\/types\/post"}],"author":[{"embeddable":true,"href":"https:\/\/marmarayerelhizmet.com\/index.php\/wp-json\/wp\/v2\/users\/3"}],"replies":[{"embeddable":true,"href":"https:\/\/marmarayerelhizmet.com\/index.php\/wp-json\/wp\/v2\/comments?post=26984"}],"version-history":[{"count":0,"href":"https:\/\/marmarayerelhizmet.com\/index.php\/wp-json\/wp\/v2\/posts\/26984\/revisions"}],"wp:featuredmedia":[{"embeddable":true,"href":"https:\/\/marmarayerelhizmet.com\/index.php\/wp-json\/wp\/v2\/media\/26985"}],"wp:attachment":[{"href":"https:\/\/marmarayerelhizmet.com\/index.php\/wp-json\/wp\/v2\/media?parent=26984"}],"wp:term":[{"taxonomy":"category","embeddable":true,"href":"https:\/\/marmarayerelhizmet.com\/index.php\/wp-json\/wp\/v2\/categories?post=26984"},{"taxonomy":"post_tag","embeddable":true,"href":"https:\/\/marmarayerelhizmet.com\/index.php\/wp-json\/wp\/v2\/tags?post=26984"}],"curies":[{"name":"wp","href":"https:\/\/api.w.org\/{rel}","templated":true}]}}