{"id":26863,"date":"2024-08-21T19:22:08","date_gmt":"2024-08-21T16:22:08","guid":{"rendered":"https:\/\/marmarayerelhizmet.com\/?p=26863"},"modified":"2024-08-21T19:22:08","modified_gmt":"2024-08-21T16:22:08","slug":"esenyurtta-iett-ilce-bulusmalari","status":"publish","type":"post","link":"https:\/\/marmarayerelhizmet.com\/index.php\/2024\/08\/21\/esenyurtta-iett-ilce-bulusmalari\/","title":{"rendered":"Esenyurt&#8217;ta &#8216;\u0130ETT-\u0130l\u00e7e Bulu\u015fmalar\u0131&#8217;"},"content":{"rendered":"<p><strong><span style=\"font-family: arial, helvetica, sans-serif; font-size: 14px;\">\u0130stanbul Elektrik Tramvay ve T\u00fcnel \u0130\u015fletmeleri Genel M\u00fcd\u00fcrl\u00fc\u011f\u00fc (\u0130ETT) taraf\u0131ndan \u201c\u0130ETT-\u0130l\u00e7e Bulu\u015fmalar\u0131\u201d \u00e7er\u00e7evesinde ger\u00e7ekle\u015fen toplant\u0131da Esenyurt il\u00e7esinde ya\u015fanan toplu ula\u015f\u0131m sorunlar\u0131 ve \u00e7\u00f6z\u00fcm \u00f6nerileri ele al\u0131nd\u0131. Toplant\u0131da konu\u015fan Esenyurt Belediye Ba\u015fkan\u0131 Ahmet \u00d6zer, &#8220;B\u00fcy\u00fck\u015fehir&#8217;in ve bizim de d\u00f6rt g\u00f6zle bekledi\u011fimiz bir proje var: HIZRAY projesi&#8221; dedi.<br \/>\n<\/span><\/strong><br \/>\n<span style=\"font-family: arial, helvetica, sans-serif; font-size: 14px;\">\u0130ETT \u0130\u015fletmeleri Genel M\u00fcd\u00fcrl\u00fc\u011f\u00fc ile il\u00e7e belediyeleri aras\u0131nda toplu ula\u015f\u0131m konusunda ya\u015fanan problemlerin, taleplerin ve beklentilerin g\u00f6r\u00fc\u015f\u00fclerek, k\u0131sa, orta ve uzun vadeli \u00e7\u00f6z\u00fcmlerin \u00fcretilmesi amac\u0131yla \u201c\u0130ETT-\u0130l\u00e7e Belediyeleri Bulu\u015fmalar\u0131\u201d kapsam\u0131nda ger\u00e7ekle\u015ftirilen toplant\u0131lar\u0131n adresi bu kez Esenyurt oldu. Esenyurt Belediyesi Naz\u0131m Hikmet K\u00fclt\u00fcr Merkezi&#8217;nde ger\u00e7ekle\u015fen bulu\u015fmaya Esenyurt Belediye Ba\u015fkan\u0131 Ahmet \u00d6zer, \u0130ETT Genel M\u00fcd\u00fcr\u00fc \u0130rfan Demet, \u0130ETT Genel M\u00fcd\u00fcr Yard\u0131mc\u0131lar\u0131 Zeynep P\u0131nar Mutlu, Onur Temurlenk, \u0130ETT Koordinat\u00f6r\u00fc Sinan \u00d6zt\u00fcrk, Ula\u015f\u0131m Planlama Daire Ba\u015fkan\u0131 Yusuf Limon, Esenyurt Muhtarlar Derne\u011fi Ba\u015fkan\u0131 Ahmet Kuzgun, CHP Esenyurt \u0130l\u00e7e Ba\u015fkan\u0131 H\u00fcseyin Ergin, Esenyurt Muharip Gaziler Derne\u011fi Ba\u015fkan\u0131 \u0130smail Kalayc\u0131o\u011flu, birim m\u00fcd\u00fcrleri, belediye meclis \u00fcyeleri, STK temsilcileri, mahalle muhtarlar\u0131 ile \u00e7ok say\u0131da vatanda\u015f kat\u0131ld\u0131. Toplant\u0131da konu\u015fan Esenyurt Belediye Ba\u015fkan\u0131 \u00d6zer, il\u00e7e genelinde ya\u015fanan ula\u015f\u0131m sorunlar\u0131na de\u011finerek, \u00f6zellikle metro ve HIZRAY projelerinin \u00f6nemine dikkat \u00e7ekti. \u0130ETT yetkilileri ise Esenyurt&#8217;ta toplu ula\u015f\u0131m\u0131 iyile\u015ftirmek ad\u0131na at\u0131lacak ad\u0131mlar\u0131 ve planlanan projeleri kat\u0131l\u0131mc\u0131larla payla\u015ft\u0131. \u00d6zellikle yeni hatlar\u0131n eklenmesi, sefer say\u0131lar\u0131n\u0131n art\u0131r\u0131lmas\u0131 ve mevcut duraklar\u0131n yeniden d\u00fczenlenmesi gibi \u00e7al\u0131\u015fmalar\u0131n yak\u0131n zamanda hayata ge\u00e7irilece\u011fi belirtildi. Ayr\u0131ca b\u00f6lgedeki trafik yo\u011funlu\u011funu azalt\u0131lmas\u0131 ve toplu ta\u015f\u0131man\u0131n daha verimli hale gelmesi i\u00e7in de \u00e7al\u0131\u015fmalar\u0131n yap\u0131ld\u0131\u011f\u0131 ifade edildi.<\/span><\/p>\n<p><strong><span style=\"font-family: arial, helvetica, sans-serif; font-size: 14px;\">\u201c5 y\u0131l boyunca \u0130BB ile Esenyurt Belediyesi aras\u0131nda toplant\u0131 ger\u00e7ekle\u015ftirilmemi\u015f\u201d<\/span><\/strong><br \/>\n<span style=\"font-family: arial, helvetica, sans-serif; font-size: 14px;\">Toplant\u0131n\u0131n a\u00e7\u0131l\u0131\u015f konu\u015fmas\u0131n\u0131 yapan Ba\u015fkan \u00d6zer, g\u00f6reve geldi\u011fi g\u00fcnden itibaren s\u00fcrd\u00fcr\u00fclebilir bir Esenyurt i\u00e7in neler yap\u0131ld\u0131\u011f\u0131na de\u011finerek, \u201c\u00c7ok \u00f6nemli bir toplant\u0131 i\u00e7in bir araday\u0131z. G\u00f6reve geldi\u011fimiz g\u00fcnden beri hedefler koyduk. En temel hedeflerimizin ba\u015f\u0131nda temiz, ula\u015f\u0131labilir, ye\u015fil bir Esenyurt geliyor. S\u00fcrd\u00fcr\u00fclebilir bir ula\u015f\u0131m i\u00e7in Esenyurt&#8217;ta d\u00f6rt bu\u00e7uk ay i\u00e7inde 74 bin 881 ton asfalt d\u00f6kt\u00fck. Bu bir rekordur. 68 bin 923 bin metrekare parke yol d\u00f6\u015fedik. 306 farkl\u0131 noktada 19 bin 683 ton yama \u00e7al\u0131\u015fmas\u0131 yapt\u0131k. Bu nedenle de \u0130BB Ba\u015fkan\u0131m\u0131z Say\u0131n Ekrem \u0130mamo\u011flu&#8217;na \u015fahs\u0131m ve t\u00fcm Esenyurtlular ad\u0131na bize yapm\u0131\u015f oldu\u011fu katk\u0131lardan dolay\u0131 te\u015fekk\u00fcr ediyorum. \u00c7\u00fcnk\u00fc bu asfalt \u00e7al\u0131\u015fmalar\u0131n\u0131n i\u00e7inde \u0130BB&#8217;nin de katk\u0131lar\u0131 var. Ge\u00e7mi\u015f 5 y\u0131ll\u0131k d\u00f6nem boyunca \u0130BB ile Esenyurt Belediyesi aras\u0131nda bir toplant\u0131, ili\u015fki geli\u015ftirilememi\u015f. Bu durum bir \u015fehir i\u00e7in ne hazin bir noktad\u0131r\u201d dedi.<\/span><\/p>\n<p><strong><span style=\"font-family: arial, helvetica, sans-serif; font-size: 14px;\">Esenyurt&#8217;un ula\u015f\u0131m sorununu \u00e7\u00f6zecek olan proje: HIZRAY<\/span><\/strong><br \/>\n<span style=\"font-family: arial, helvetica, sans-serif; font-size: 14px;\">Esenyurt&#8217;un ula\u015f\u0131m sorununu \u00f6nemli \u00f6l\u00e7\u00fcde \u00e7\u00f6zecek olan HIZRAY projesine de vurgu yapan \u00d6zer, \u201cB\u00fcy\u00fck\u015fehir&#8217;in ve bizim de d\u00f6rt g\u00f6zle bekledi\u011fimiz bir proje var: HIZRAY projesi. O da buradan ba\u015fl\u0131yor; T\u00dcYAP&#8217;tan Cumhuriyet Meydan\u0131&#8217;na u\u011fruyor, oradan da 55 dakikada Sabiha G\u00f6k\u00e7en&#8217;e ula\u015f\u0131yor&#8221; dedi.<\/span><\/p>\n<p><strong><span style=\"font-family: arial, helvetica, sans-serif; font-size: 14px;\">\u201cY\u00fcr\u00fctt\u00fc\u011f\u00fcm\u00fcz i\u015f birli\u011finden \u00e7ok memnunum\u201d<\/span><\/strong><br \/>\n<span style=\"font-family: arial, helvetica, sans-serif; font-size: 14px;\">Esenyurt&#8217;ta tespit edilen ula\u015f\u0131m sorunlar\u0131n\u0131 da anlatan Ba\u015fkan \u00d6zer, \u015f\u00f6yle konu\u015ftu:<\/span><br \/>\n<span style=\"font-family: arial, helvetica, sans-serif; font-size: 14px;\">\u201cBize gelen tespitleri halk ad\u0131na buradan iletiyorum; \u0130ETT ula\u015f\u0131m\u0131 olmayan mahallelerin \u0130ETT ula\u015f\u0131m\u0131 sa\u011flanmal\u0131, sefer say\u0131lar\u0131n\u0131n art\u0131r\u0131lmas\u0131 gerekiyor. Kentler meydanlar\u0131yla, sembolleriyle an\u0131l\u0131rlar. El birli\u011fiyle kentimize semboller kazand\u0131raca\u011f\u0131z ve marka bir \u015fehir haline getirece\u011fiz. Esenyurt&#8217;u ula\u015f\u0131m ba\u015fta olmak \u00fczere hem sosyal belediyecilikte, hem k\u00fclt\u00fcr ve sanatta, hem imar sorunlar\u0131n\u0131n \u00e7\u00f6z\u00fcm\u00fcnde 21. y\u00fczy\u0131la yak\u0131\u015fan bir \u015fehir haline getirece\u011fiz. Onun i\u00e7in gece g\u00fcnd\u00fcz demeden \u00e7al\u0131\u015f\u0131yoruz ve bir kanavi\u00e7e \u00f6rer gibi ilmik ilmik dokuyoruz. \u0130stanbul B\u00fcy\u00fck\u015fehir Belediyesi ile bug\u00fcne kadar y\u00fcr\u00fctt\u00fc\u011f\u00fcm\u00fcz i\u015f birli\u011finden \u00e7ok memnunum. Bundan sonra da bu memnuniyetimiz artarak devam edecek. Ekrem Ba\u015fkan&#8217;a \u00e7ok \u00f6nem ve de\u011fer veriyoruz. Birlikte iyi i\u015fler yapaca\u011f\u0131z. \u0130stanbul&#8217;da yeni bir hik\u00e2yeyi Beyo\u011flu&#8217;nda, Kad\u0131k\u00f6y&#8217;de, \u015ei\u015fli&#8217;de yazamay\u0131z. Bir zincirin g\u00fcc\u00fc zay\u0131f halkas\u0131yla \u00f6l\u00e7\u00fcl\u00fcr. Zay\u0131f halka da \u0130stanbul&#8217;da Esenyurt&#8217;tur. Bir hik\u00e2ye yaz\u0131lacaksa bu Esenyurt&#8217;ta yaz\u0131lacak. Ben, burada belediye ba\u015fkan\u0131 oldu\u011fum i\u00e7in de\u011fil, bir sosyolog olarak da daha \u00f6nceki incelendi\u011fimde ayn\u0131 \u015feyleri dile getiriyordum. O hik\u00e2yenin \u00f6nc\u00fcs\u00fc de, lideri de Ekrem \u0130mamo\u011flu&#8217;dur. Hep beraber hik\u00e2yeyi burada yazaca\u011f\u0131z.\u201d<\/span><\/p>\n<p><strong><span style=\"font-family: arial, helvetica, sans-serif; font-size: 14px;\">\u201cEsenyurt&#8217;a pozitif katk\u0131lar\u0131 olarak sizlere d\u00f6n\u00fc\u015f sa\u011flayaca\u011f\u0131z\u201d<\/span><\/strong><br \/>\n<span style=\"font-family: arial, helvetica, sans-serif; font-size: 14px;\">Toplant\u0131da s\u00f6z alan \u0130ETT Genel M\u00fcd\u00fcr\u00fc \u0130rfan Demet, \u0130stanbul B\u00fcy\u00fck\u015fehir Belediye Ba\u015fkan\u0131 Ekrem \u0130mamo\u011flu&#8217;nun kat\u0131l\u0131mc\u0131 vizyonuyla sorunlar\u0131 yerinde tespit edip \u00e7\u00f6z\u00fcm \u00fcretmek amac\u0131yla T\u00fcrkiye&#8217;nin en kalabal\u0131k il\u00e7esi olan Esenyurt&#8217;ta olduklar\u0131n\u0131 ifade ederek, \u201cBiraz \u00f6nce ba\u015fkan\u0131m\u0131z\u0131n taleplerini ald\u0131k, onlar\u0131 en iyi \u015fekilde de\u011ferlendirece\u011fiz. Amac\u0131m\u0131z \u015fu; okullar a\u00e7\u0131lmadan Esenyurt ula\u015f\u0131m\u0131na katk\u0131 sa\u011flayacak en acil sorunlar\u0131nlar\u0131n \u00e7\u00f6z\u00fcm\u00fcn\u00fc sa\u011flamak. Buraya geldik, dinledik, gittik olmayacak. Tabii ki gidece\u011fiz ama mutlaka bu gidi\u015fimizin Esenyurt&#8217;a pozitif katk\u0131lar\u0131 olarak sizlere d\u00f6n\u00fc\u015f sa\u011flayaca\u011f\u0131z. Bunun g\u00fcvencesini ben sizlere \u0130ETT&#8217;nin genel m\u00fcd\u00fcr\u00fc olarak veriyorum. Bu toplant\u0131n\u0131n n\u00fcfus olarak T\u00fcrkiye&#8217;nin en b\u00fcy\u00fck il\u00e7esi olan Esenyurt&#8217;a mutlaka katk\u0131s\u0131 olacakt\u0131r\u201d dedi.<\/span><br \/>\n<span style=\"font-family: arial, helvetica, sans-serif; font-size: 14px;\">Demet, son 5 y\u0131lda \u0130ETT&#8217;nin yapt\u0131\u011f\u0131 \u00e7al\u0131\u015fmalar ve yat\u0131r\u0131mlardan da bahsederek, \u201c\u0130ETT Genel M\u00fcd\u00fcrl\u00fc\u011f\u00fc, 153 y\u0131ll\u0131k tecr\u00fcbesiyle \u0130stanbul genelinde 832 hatta bir g\u00fcnde 62 bin sefer yaparak, 5 milyona yak\u0131n yolculunun ula\u015f\u0131m\u0131n\u0131 ger\u00e7ekle\u015ftiriyor. \u0130ETT, g\u00fcnde 1 milyon 250 bin kilometre yap\u0131yor. D\u00fcnyan\u0131n \u00e7evresini bir g\u00fcnde 32 kez dola\u015facak kadar mesafe kat ediyor. \u00d6zel halk otob\u00fcslerinin personeliyle birlikte 20 bini a\u015fan \u00e7al\u0131\u015fan g\u00fcc\u00fcyle her g\u00fcn \u0130stanbullulara hizmet veriyoruz\u201d \u015feklinde konu\u015ftu.<\/span><br \/>\n<span style=\"font-family: arial, helvetica, sans-serif; font-size: 14px;\">\u0130ETT Ula\u015f\u0131m Planlama Dairesi Ba\u015fkan\u0131 Yusuf Limon ise Esenyurt&#8217;ta ta\u015f\u0131nan yolcu say\u0131s\u0131, kullan\u0131lan hatlar ve yap\u0131lmas\u0131 planlanan toplu ula\u015f\u0131m \u00e7al\u0131\u015fmalar\u0131yla ilgili bir sunum ger\u00e7ekle\u015ftirdi. Kat\u0131l\u0131mc\u0131lar, il\u00e7ede toplu ula\u015f\u0131m konusunda ya\u015fanan sorunlar\u0131, talep ve beklentilerini iletti.<\/span><\/p>\n","protected":false},"excerpt":{"rendered":"<p>\u0130stanbul Elektrik Tramvay ve T\u00fcnel \u0130\u015fletmeleri Genel M\u00fcd\u00fcrl\u00fc\u011f\u00fc (\u0130ETT) taraf\u0131ndan \u201c\u0130ETT-\u0130l\u00e7e Bulu\u015fmalar\u0131\u201d \u00e7er\u00e7evesinde ger\u00e7ekle\u015fen toplant\u0131da Esenyurt il\u00e7esinde ya\u015fanan toplu ula\u015f\u0131m<\/p>\n","protected":false},"author":3,"featured_media":26864,"comment_status":"open","ping_status":"open","sticky":false,"template":"","format":"standard","meta":{"colormag_page_container_layout":"default_layout","colormag_page_sidebar_layout":"default_layout","footnotes":""},"categories":[1,5,8],"tags":[],"class_list":["post-26863","post","type-post","status-publish","format-standard","has-post-thumbnail","hentry","category-genel","category-gundem","category-siyaset"],"_links":{"self":[{"href":"https:\/\/marmarayerelhizmet.com\/index.php\/wp-json\/wp\/v2\/posts\/26863","targetHints":{"allow":["GET"]}}],"collection":[{"href":"https:\/\/marmarayerelhizmet.com\/index.php\/wp-json\/wp\/v2\/posts"}],"about":[{"href":"https:\/\/marmarayerelhizmet.com\/index.php\/wp-json\/wp\/v2\/types\/post"}],"author":[{"embeddable":true,"href":"https:\/\/marmarayerelhizmet.com\/index.php\/wp-json\/wp\/v2\/users\/3"}],"replies":[{"embeddable":true,"href":"https:\/\/marmarayerelhizmet.com\/index.php\/wp-json\/wp\/v2\/comments?post=26863"}],"version-history":[{"count":0,"href":"https:\/\/marmarayerelhizmet.com\/index.php\/wp-json\/wp\/v2\/posts\/26863\/revisions"}],"wp:featuredmedia":[{"embeddable":true,"href":"https:\/\/marmarayerelhizmet.com\/index.php\/wp-json\/wp\/v2\/media\/26864"}],"wp:attachment":[{"href":"https:\/\/marmarayerelhizmet.com\/index.php\/wp-json\/wp\/v2\/media?parent=26863"}],"wp:term":[{"taxonomy":"category","embeddable":true,"href":"https:\/\/marmarayerelhizmet.com\/index.php\/wp-json\/wp\/v2\/categories?post=26863"},{"taxonomy":"post_tag","embeddable":true,"href":"https:\/\/marmarayerelhizmet.com\/index.php\/wp-json\/wp\/v2\/tags?post=26863"}],"curies":[{"name":"wp","href":"https:\/\/api.w.org\/{rel}","templated":true}]}}