{"id":26470,"date":"2024-07-29T19:10:55","date_gmt":"2024-07-29T16:10:55","guid":{"rendered":"https:\/\/marmarayerelhizmet.com\/?p=26470"},"modified":"2024-07-29T19:10:55","modified_gmt":"2024-07-29T16:10:55","slug":"esenlerde-kum-boyama-atolyesi","status":"publish","type":"post","link":"https:\/\/marmarayerelhizmet.com\/index.php\/2024\/07\/29\/esenlerde-kum-boyama-atolyesi\/","title":{"rendered":"Esenler&#8217;de Kum Boyama At\u00f6lyesi"},"content":{"rendered":"<p><strong><span style=\"font-family: arial, helvetica, sans-serif; font-size: 14px;\">Esenler Belediyesi taraf\u0131ndan ger\u00e7ekle\u015ftirilen \u00e7al\u0131\u015fmalar \u00e7er\u00e7evesinde \u00d6d\u00fcn\u00e7 Evi&#8217;nde bu pazar \u2018Kum Boyama At\u00f6lyesi&#8217; etkinli\u011fi d\u00fczenlendi.<br \/>\n<\/span><\/strong><br \/>\n<span style=\"font-family: arial, helvetica, sans-serif; font-size: 14px;\">Esenler Belediyesi, 15 Temmuz Millet Bah\u00e7esi&#8217;nde yer alan \u00d6d\u00fcn\u00e7 Evi&#8217;nde \u00e7ocuklara birbirinden e\u011fitici ve e\u011flenceli etkinlikler, \u00e7ocuklar\u0131n hem e\u011flenmesini hem de yeteneklerini ke\u015ffetmesini sa\u011fl\u0131yor. Hafta sonu d\u00fczenlenen renkli kumlar etkinli\u011fine \u00e7ok say\u0131da \u00e7ocuk kat\u0131ld\u0131. Etkinlik boyunca \u00e7ocuklar hem yeteneklerini konu\u015fturdu, hem de g\u00fczel havan\u0131n tad\u0131n\u0131 \u00e7\u0131kard\u0131. Renkli kumlarla yap\u0131lan boyamalar, \u00e7ocuklar\u0131n el becerilerini geli\u015ftirirken, onlara sanat\u0131n farkl\u0131 bir y\u00fcz\u00fcn\u00fc ke\u015ffetme imkan\u0131 da tan\u0131d\u0131.<\/span><\/p>\n<p><strong><span style=\"font-family: arial, helvetica, sans-serif; font-size: 14px;\">Her hafta sonu farkl\u0131 ve e\u011fitici etkinlikler d\u00fczenlenmeye devam ediyor<\/span><\/strong><br \/>\n<span style=\"font-family: arial, helvetica, sans-serif; font-size: 14px;\">\u00d6d\u00fcn\u00e7 Evi&#8217;nde de, her hafta sonu farkl\u0131 ve e\u011fitici etkinlikler d\u00fczenlenmeye devam ediyor. Ah\u015fap oyuncak boyama, ta\u015f boyama gibi at\u00f6lyelerin ard\u0131ndan bu hafta da kum boyama etkinli\u011fi ile \u00e7ocuklar yeni bir etkinli\u011fe kat\u0131lma f\u0131rsat\u0131 yakalad\u0131.<\/span><br \/>\n<span style=\"font-family: arial, helvetica, sans-serif; font-size: 14px;\">At\u00f6lyeye kat\u0131lan 7 ya\u015f\u0131ndaki bir \u00e7ocuk, &#8220;Bug\u00fcn kumlarla boyama yapt\u0131k. \u00c7ok e\u011flendim. Kumlarla resim yapmak e\u011flenceliydi \u00e7ok sevdim&#8221; dedi. Etkinli\u011fe o\u011fluyla birlikte kat\u0131lan anne ise, &#8220;O\u011flum Arda, bu etkinlikleri \u00e7ok seviyor. Her hafta sonu buraya gelmek istiyor. Kum boyama etkinli\u011fi de \u00e7ok keyifliydi. \u00c7ocuklar\u0131m\u0131z\u0131n b\u00f6yle g\u00fczel etkinliklerle vakit ge\u00e7irmesi harika&#8221; ifadelerini kulland\u0131.<\/span><\/p>\n","protected":false},"excerpt":{"rendered":"<p>Esenler Belediyesi taraf\u0131ndan ger\u00e7ekle\u015ftirilen \u00e7al\u0131\u015fmalar \u00e7er\u00e7evesinde \u00d6d\u00fcn\u00e7 Evi&#8217;nde bu pazar \u2018Kum Boyama At\u00f6lyesi&#8217; etkinli\u011fi d\u00fczenlendi. Esenler Belediyesi, 15 Temmuz Millet<\/p>\n","protected":false},"author":3,"featured_media":26471,"comment_status":"open","ping_status":"open","sticky":false,"template":"","format":"standard","meta":{"colormag_page_container_layout":"default_layout","colormag_page_sidebar_layout":"default_layout","footnotes":""},"categories":[45,1,5,8],"tags":[],"class_list":["post-26470","post","type-post","status-publish","format-standard","has-post-thumbnail","hentry","category-egitim","category-genel","category-gundem","category-siyaset"],"_links":{"self":[{"href":"https:\/\/marmarayerelhizmet.com\/index.php\/wp-json\/wp\/v2\/posts\/26470","targetHints":{"allow":["GET"]}}],"collection":[{"href":"https:\/\/marmarayerelhizmet.com\/index.php\/wp-json\/wp\/v2\/posts"}],"about":[{"href":"https:\/\/marmarayerelhizmet.com\/index.php\/wp-json\/wp\/v2\/types\/post"}],"author":[{"embeddable":true,"href":"https:\/\/marmarayerelhizmet.com\/index.php\/wp-json\/wp\/v2\/users\/3"}],"replies":[{"embeddable":true,"href":"https:\/\/marmarayerelhizmet.com\/index.php\/wp-json\/wp\/v2\/comments?post=26470"}],"version-history":[{"count":0,"href":"https:\/\/marmarayerelhizmet.com\/index.php\/wp-json\/wp\/v2\/posts\/26470\/revisions"}],"wp:featuredmedia":[{"embeddable":true,"href":"https:\/\/marmarayerelhizmet.com\/index.php\/wp-json\/wp\/v2\/media\/26471"}],"wp:attachment":[{"href":"https:\/\/marmarayerelhizmet.com\/index.php\/wp-json\/wp\/v2\/media?parent=26470"}],"wp:term":[{"taxonomy":"category","embeddable":true,"href":"https:\/\/marmarayerelhizmet.com\/index.php\/wp-json\/wp\/v2\/categories?post=26470"},{"taxonomy":"post_tag","embeddable":true,"href":"https:\/\/marmarayerelhizmet.com\/index.php\/wp-json\/wp\/v2\/tags?post=26470"}],"curies":[{"name":"wp","href":"https:\/\/api.w.org\/{rel}","templated":true}]}}