{"id":26431,"date":"2024-07-26T19:42:21","date_gmt":"2024-07-26T16:42:21","guid":{"rendered":"https:\/\/marmarayerelhizmet.com\/?p=26431"},"modified":"2024-07-26T19:42:21","modified_gmt":"2024-07-26T16:42:21","slug":"buyukcekmece-kultur-ve-sanat-festivali-taksimde","status":"publish","type":"post","link":"https:\/\/marmarayerelhizmet.com\/index.php\/2024\/07\/26\/buyukcekmece-kultur-ve-sanat-festivali-taksimde\/","title":{"rendered":"B\u00fcy\u00fck\u00e7ekmece K\u00fclt\u00fcr ve Sanat Festivali Taksim&#8217;de"},"content":{"rendered":"<p><strong><span style=\"font-family: arial, helvetica, sans-serif; font-size: 14px;\">\u0130stanbul B\u00fcy\u00fck\u00e7ekmece K\u00fclt\u00fcr ve Sanat Festivali, Taksim Meydan&#8217;\u0131nda y\u00fcr\u00fcy\u00fc\u015f ve ard\u0131ndan an\u0131ta \u00e7elenk b\u0131rak\u0131lmas\u0131yla ba\u015flad\u0131.<br \/>\n<\/span><\/strong><br \/>\n<span style=\"font-family: arial, helvetica, sans-serif; font-size: 14px;\">Bu y\u0131l 25\u2019incisi d\u00fczenlenen Uluslararas\u0131 \u0130stanbul B\u00fcy\u00fck\u00e7ekmece K\u00fclt\u00fcr ve Sanat Festivali, Taksim Meydan\u0131nda y\u00fcr\u00fcy\u00fc\u015f ile ba\u015flad\u0131. Y\u00fcr\u00fcy\u00fc\u015f\u00fcn ard\u0131ndan an\u0131ta \u00e7elenk b\u0131rakma ve son olarak g\u00f6steri yap\u0131ld\u0131. Festival, 75 \u00fclkeden bin 200 k\u00fclt\u00fcr ve sanat el\u00e7isini bir araya getirerek, d\u00fcnyan\u0131n d\u00f6rt bir yan\u0131ndan gelen kat\u0131l\u0131mc\u0131lar Taksim&#8217;de renkli anlara sahne oldu. Festival, 24 Temmuz ile 3 A\u011fustos tarihleri aras\u0131nda devam edecek. Bu s\u00fcre zarf\u0131nda, \u00e7e\u015fitli k\u00fclt\u00fcrel etkinlikler, sergiler, at\u00f6lye \u00e7al\u0131\u015fmalar\u0131 ve sahne performanslar\u0131 ile sanatseverleri bulu\u015fturacak. Uluslararas\u0131 \u0130stanbul B\u00fcy\u00fck\u00e7ekmece K\u00fclt\u00fcr ve Sanat Festivali, daha \u00f6nce 9 kez \u00fcst \u00fcste d\u00fcnyan\u0131n en iyi festivali se\u00e7ilmi\u015fti ve bu y\u0131l da en iyi olma hedefiyle yola \u00e7\u0131kt\u0131.<\/span><br \/>\n<span style=\"font-family: arial, helvetica, sans-serif; font-size: 14px;\">Festivalin a\u00e7\u0131l\u0131\u015f etkinlikleri kapsam\u0131nda d\u00fczenlenen y\u00fcr\u00fcy\u00fc\u015f, sokaklar\u0131 renklendirirken, \u00e7elenk b\u0131rakma ve g\u00f6steriler izleyenlere keyifli anlar ya\u015fatt\u0131. Etkinlikler boyunca, k\u00fclt\u00fcrel ve sanatsal payla\u015f\u0131mlar sayesinde kat\u0131l\u0131mc\u0131lar aras\u0131ndaki ba\u011flar g\u00fc\u00e7lenecek ve farkl\u0131 k\u00fclt\u00fcrler aras\u0131nda k\u00f6pr\u00fcler kurulacak. Uluslararas\u0131 \u0130stanbul B\u00fcy\u00fck\u00e7ekmece K\u00fclt\u00fcr ve Sanat Festivali, her y\u0131l oldu\u011fu gibi bu y\u0131l da zengin program\u0131 ve renkli atmosferiyle ziyaret\u00e7ilerini a\u011f\u0131rlamaya devam edecek.<br \/>\n<\/span><br \/>\n<strong><span style=\"font-family: arial, helvetica, sans-serif; font-size: 14px;\">\u201c150 \u00fclke ba\u015fvurdu, 75 \u00fclkeyi se\u00e7ti j\u00fcri ekibimiz. 75 \u00fclke 75 bayrak ile Atat\u00fcrk An\u0131t\u0131n\u0131 \u00e7evresinde dizilmi\u015f durumda\u201d<\/span><\/strong><br \/>\n<span style=\"font-family: arial, helvetica, sans-serif; font-size: 14px;\">B\u00fcy\u00fck\u00e7ekmece Belediye Ba\u015fkan\u0131 Hasan Akg\u00fcn \u201cTaksim Meydan\u0131nda Uluslararas\u0131 25\u2019inci \u0130stanbul K\u00fclt\u00fcr Sanat Festivalini ba\u015flad\u0131\u011f\u0131n\u0131 \u0130stanbul halk\u0131m\u0131z\u0131 duyurarak, \u0130stanbullu halk\u0131n\u0131 davet etmek i\u00e7in geldik. 150 \u00fclke ba\u015fvurdu. 75 \u00fclkeyi se\u00e7ti j\u00fcri ekibimiz. 75 \u00fclke 75 bayrak ile Atat\u00fcrk An\u0131t\u0131n\u0131 \u00e7evresinde dizilmi\u015f durumda. 4 ayaktan olu\u015fan festival, k\u00fclt\u00fcrlerin kayna\u015fmas\u0131 anlam\u0131na geliyor. D\u00fcnya heykel sempozyumu, Foto\u011fraf yar\u0131\u015fmas\u0131, halk danslar\u0131 \u00f6d\u00fcll\u00fc yar\u0131\u015fmas\u0131 ve d\u00fcnya el sanatlar\u0131 workshop \u00e7al\u0131\u015fmas\u0131 \u00e7al\u0131\u015ftay\u0131. B\u00fcy\u00fck\u00e7ekmece kervansarayda, Mimarsinan K\u00f6pr\u00fcs\u00fc \u00fczerinde, Atat\u00fcrk K\u00fclt\u00fcr Merkezinde ve di\u011fer mekanlar da m\u00fcthi\u015f zenginlik var. T\u00fcrkiye ve \u0130stanbulumuzun UNESCO\u2019daki en b\u00fcy\u00fck festivalinden bahsediyorum. T\u00fcrkiye\u2019de 25 y\u0131ldan beri covid ra\u011fmen, covid\u2019te bile y\u00fczde 20\u2019si fiziki y\u00fczde 80 online yap\u0131lan d\u00fcnyada ilk ve tek festivaldir\u201d dedi.<\/span><\/p>\n","protected":false},"excerpt":{"rendered":"<p>\u0130stanbul B\u00fcy\u00fck\u00e7ekmece K\u00fclt\u00fcr ve Sanat Festivali, Taksim Meydan&#8217;\u0131nda y\u00fcr\u00fcy\u00fc\u015f ve ard\u0131ndan an\u0131ta \u00e7elenk b\u0131rak\u0131lmas\u0131yla ba\u015flad\u0131. Bu y\u0131l 25\u2019incisi d\u00fczenlenen Uluslararas\u0131<\/p>\n","protected":false},"author":3,"featured_media":26432,"comment_status":"open","ping_status":"open","sticky":false,"template":"","format":"standard","meta":{"colormag_page_container_layout":"default_layout","colormag_page_sidebar_layout":"default_layout","footnotes":""},"categories":[1,5,8],"tags":[],"class_list":["post-26431","post","type-post","status-publish","format-standard","has-post-thumbnail","hentry","category-genel","category-gundem","category-siyaset"],"_links":{"self":[{"href":"https:\/\/marmarayerelhizmet.com\/index.php\/wp-json\/wp\/v2\/posts\/26431","targetHints":{"allow":["GET"]}}],"collection":[{"href":"https:\/\/marmarayerelhizmet.com\/index.php\/wp-json\/wp\/v2\/posts"}],"about":[{"href":"https:\/\/marmarayerelhizmet.com\/index.php\/wp-json\/wp\/v2\/types\/post"}],"author":[{"embeddable":true,"href":"https:\/\/marmarayerelhizmet.com\/index.php\/wp-json\/wp\/v2\/users\/3"}],"replies":[{"embeddable":true,"href":"https:\/\/marmarayerelhizmet.com\/index.php\/wp-json\/wp\/v2\/comments?post=26431"}],"version-history":[{"count":0,"href":"https:\/\/marmarayerelhizmet.com\/index.php\/wp-json\/wp\/v2\/posts\/26431\/revisions"}],"wp:featuredmedia":[{"embeddable":true,"href":"https:\/\/marmarayerelhizmet.com\/index.php\/wp-json\/wp\/v2\/media\/26432"}],"wp:attachment":[{"href":"https:\/\/marmarayerelhizmet.com\/index.php\/wp-json\/wp\/v2\/media?parent=26431"}],"wp:term":[{"taxonomy":"category","embeddable":true,"href":"https:\/\/marmarayerelhizmet.com\/index.php\/wp-json\/wp\/v2\/categories?post=26431"},{"taxonomy":"post_tag","embeddable":true,"href":"https:\/\/marmarayerelhizmet.com\/index.php\/wp-json\/wp\/v2\/tags?post=26431"}],"curies":[{"name":"wp","href":"https:\/\/api.w.org\/{rel}","templated":true}]}}