{"id":24542,"date":"2024-04-26T21:41:21","date_gmt":"2024-04-26T18:41:21","guid":{"rendered":"https:\/\/marmarayerelhizmet.com\/?p=24542"},"modified":"2024-04-26T21:41:21","modified_gmt":"2024-04-26T18:41:21","slug":"vali-ustaoglu-muhtarlarla-bulustu","status":"publish","type":"post","link":"https:\/\/marmarayerelhizmet.com\/index.php\/2024\/04\/26\/vali-ustaoglu-muhtarlarla-bulustu\/","title":{"rendered":"Vali Ustao\u011flu Muhtarlarla Bulu\u015ftu"},"content":{"rendered":"<p><strong><span style=\"font-family: arial, helvetica, sans-serif; font-size: 14px;\">Bal\u0131kesir Valisi \u0130smail Ustao\u011flu, Bal\u0131kesir\u2019in Karesi \u0130l\u00e7esi\u2019ne ba\u011fl\u0131 mahalle muhtarlar\u0131 ile bir araya geldi.<br \/>\n<\/span><\/strong><br \/>\n<span style=\"font-family: arial, helvetica, sans-serif; font-size: 14px;\">S\u0131rr\u0131 Y\u0131rcal\u0131 Anadolu Lisesi Toplant\u0131 Salonunda ger\u00e7ekle\u015ftirilen toplant\u0131ya Vali \u0130smail Ustao\u011flu\u2019nun yan\u0131 s\u0131ra \u0130l Jandarma Komutan\u0131 T\u00fcmg. Nurettin Alkan, Karesi Kaymakam\u0131 Metin Arslanba\u015f, \u0130l Emniyet M\u00fcd\u00fcr\u00fc Hasan Yi\u011fit, Karesi Belediye Ba\u015fkan\u0131 Mesut Akb\u0131y\u0131k, kurumlar\u0131n b\u00f6lge ve il m\u00fcd\u00fcrleri, muhtarlar ve ilgililer kat\u0131ld\u0131.<\/span><br \/>\n<span style=\"font-family: arial, helvetica, sans-serif; font-size: 14px;\">Sayg\u0131 duru\u015fu ve \u0130stiklal Mar\u015f\u0131\u2019n\u0131n okunmas\u0131yla ba\u015flayan toplant\u0131n\u0131n a\u00e7\u0131l\u0131\u015f konu\u015fmas\u0131n\u0131 yapan Karesi Karesi Kaymakam\u0131 Metin Arslanba\u015f yap\u0131lan ve planlanan \u00e7al\u0131\u015fmalar ile ilgili bilgi verdi. Toplant\u0131da konu\u015fan Karesi Belediye Ba\u015fkan\u0131 Mesut Akb\u0131y\u0131k da \u00f6nemli payda\u015flar\u0131 olan muhtarlarla belediye olarak i\u015fbirli\u011fi i\u00e7inde \u00e7al\u0131\u015fmalara devam edeceklerine de\u011findi.<\/span><br \/>\n<span style=\"font-family: arial, helvetica, sans-serif; font-size: 14px;\">Toplant\u0131n\u0131n devam\u0131nda J.Yrb. Samet Ali K\u0131l\u0131\u00e7o\u011flu \u0130l Jandarma Komutanl\u0131\u011f\u0131nca y\u00fcr\u00fct\u00fclen \u00e7al\u0131\u015fmalar, polis memuru Ay\u015feg\u00fcl Bay\u0131nd\u0131r ise \u0130l Emniyet M\u00fcd\u00fcrl\u00fc\u011f\u00fcnce y\u00fcr\u00fct\u00fclen \u00e7al\u0131\u015fmalar ilgili sunum yapt\u0131lar.<br \/>\n<\/span><br \/>\n<strong><span style=\"font-family: arial, helvetica, sans-serif; font-size: 14px;\">Ustao\u011flu, \u201cMuhtarlar Devletin G\u00f6ren G\u00f6z\u00fcd\u00fcr\u201d<\/span><\/strong><br \/>\n<span style=\"font-family: arial, helvetica, sans-serif; font-size: 14px;\">Toplant\u0131n\u0131n sonunda de\u011ferlendirmede bulunan Vali \u0130smail Ustao\u011flu, muhtarl\u0131k kurumunun devletle vatanda\u015f aras\u0131nda bir k\u00f6pr\u00fc oldu\u011funa vurgu yapt\u0131. Ustao\u011flu, \u201cMuhtarl\u0131k m\u00fcessesesi \u00e7ok \u00f6nemli bir konumdad\u0131r. Vatanda\u015fla devlet aras\u0131nda adeta bir k\u00f6pr\u00fc vazifesi g\u00f6rmektedir. Muhtarlar\u0131m\u0131z\u0131n devletimizin g\u00f6ren g\u00f6z\u00fc, i\u015fiten kula\u011f\u0131 ve merhametli elidir.\u201d diye konu\u015ftu.<\/span><br \/>\n<span style=\"font-family: arial, helvetica, sans-serif; font-size: 14px;\">Toplant\u0131da yap\u0131lan sunumlarda bilgi verilen konulara de\u011finen Vali \u0130smail Ustao\u011flu telefon doland\u0131r\u0131c\u0131l\u0131\u011f\u0131na kar\u015f\u0131 \u00f6zellikle ya\u015fl\u0131 vatanda\u015flar\u0131n uyar\u0131lmas\u0131 konusunda muhtarlardan destek bekledi\u011fini s\u00f6yledi. Vali Ustao\u011flu vatanda\u015flar\u0131n gerekirse tek tek ziyaret edilerek bu doland\u0131r\u0131c\u0131l\u0131k y\u00f6nteminin anlat\u0131lmas\u0131n\u0131, gerekli uyar\u0131lar\u0131n yap\u0131lmas\u0131n\u0131 dile getirdi. Uyu\u015fturucuyla m\u00fccadele noktas\u0131nda da muhtarlardan destek bekledi\u011fini ifade eden Ustao\u011flu, kurumlarla i\u015fbirli\u011fi i\u00e7erisinde olarak zehir tacirlerine ge\u00e7it verilmemesi i\u00e7in \u00e7al\u0131\u015fmalar\u0131n hassasiyetle y\u00fcr\u00fct\u00fclmeye devam edece\u011fini belirtti.<\/span><br \/>\n<span style=\"font-family: arial, helvetica, sans-serif; font-size: 14px;\">De\u011ferlendirmede havalar\u0131n \u0131s\u0131nmaya ba\u015flamas\u0131 ile birlikte yang\u0131n riskinin artt\u0131\u011f\u0131n\u0131 dile getiren Vali Ustao\u011flu, muhtarlar\u0131n vatanda\u015flara hat\u0131rlatmalarda bulunmas\u0131n\u0131 istedi. En ufak bir yang\u0131n durumunda vatanda\u015flar\u0131n ivedi olarak ilgili birimleri bilgilendirmesine y\u00f6nelik duyarl\u0131l\u0131\u011f\u0131n b\u00fcy\u00fck yang\u0131nlar\u0131n \u00f6n\u00fcne ge\u00e7ilmesine \u00f6nemli katk\u0131 sa\u011flad\u0131\u011f\u0131n\u0131 s\u00f6zlerine ekledi.<\/span><br \/>\n<span style=\"font-family: arial, helvetica, sans-serif; font-size: 14px;\">G\u00f6revlerine yeni se\u00e7ilen muhtarlara hay\u0131rl\u0131 olmas\u0131 temenni eden Vali Ustao\u011flu, devam eden muhtarlara da \u00e7al\u0131\u015fmalar\u0131nda ba\u015far\u0131lar diledi.<\/span><\/p>\n","protected":false},"excerpt":{"rendered":"<p>Bal\u0131kesir Valisi \u0130smail Ustao\u011flu, Bal\u0131kesir\u2019in Karesi \u0130l\u00e7esi\u2019ne ba\u011fl\u0131 mahalle muhtarlar\u0131 ile bir araya geldi. S\u0131rr\u0131 Y\u0131rcal\u0131 Anadolu Lisesi Toplant\u0131 Salonunda<\/p>\n","protected":false},"author":3,"featured_media":24543,"comment_status":"open","ping_status":"open","sticky":false,"template":"","format":"standard","meta":{"colormag_page_container_layout":"default_layout","colormag_page_sidebar_layout":"default_layout","footnotes":""},"categories":[1,5,8],"tags":[],"class_list":["post-24542","post","type-post","status-publish","format-standard","has-post-thumbnail","hentry","category-genel","category-gundem","category-siyaset"],"_links":{"self":[{"href":"https:\/\/marmarayerelhizmet.com\/index.php\/wp-json\/wp\/v2\/posts\/24542","targetHints":{"allow":["GET"]}}],"collection":[{"href":"https:\/\/marmarayerelhizmet.com\/index.php\/wp-json\/wp\/v2\/posts"}],"about":[{"href":"https:\/\/marmarayerelhizmet.com\/index.php\/wp-json\/wp\/v2\/types\/post"}],"author":[{"embeddable":true,"href":"https:\/\/marmarayerelhizmet.com\/index.php\/wp-json\/wp\/v2\/users\/3"}],"replies":[{"embeddable":true,"href":"https:\/\/marmarayerelhizmet.com\/index.php\/wp-json\/wp\/v2\/comments?post=24542"}],"version-history":[{"count":0,"href":"https:\/\/marmarayerelhizmet.com\/index.php\/wp-json\/wp\/v2\/posts\/24542\/revisions"}],"wp:featuredmedia":[{"embeddable":true,"href":"https:\/\/marmarayerelhizmet.com\/index.php\/wp-json\/wp\/v2\/media\/24543"}],"wp:attachment":[{"href":"https:\/\/marmarayerelhizmet.com\/index.php\/wp-json\/wp\/v2\/media?parent=24542"}],"wp:term":[{"taxonomy":"category","embeddable":true,"href":"https:\/\/marmarayerelhizmet.com\/index.php\/wp-json\/wp\/v2\/categories?post=24542"},{"taxonomy":"post_tag","embeddable":true,"href":"https:\/\/marmarayerelhizmet.com\/index.php\/wp-json\/wp\/v2\/tags?post=24542"}],"curies":[{"name":"wp","href":"https:\/\/api.w.org\/{rel}","templated":true}]}}