{"id":23258,"date":"2024-03-18T23:00:56","date_gmt":"2024-03-18T20:00:56","guid":{"rendered":"https:\/\/marmarayerelhizmet.com\/?p=23258"},"modified":"2024-03-19T00:02:30","modified_gmt":"2024-03-18T21:02:30","slug":"gokyuzune-turk-imza-atti","status":"publish","type":"post","link":"https:\/\/marmarayerelhizmet.com\/index.php\/2024\/03\/18\/gokyuzune-turk-imza-atti\/","title":{"rendered":"&#8216;G\u00f6ky\u00fcz\u00fcne T\u00fcrk \u0130mza Att\u0131&#8217;"},"content":{"rendered":"<p><strong><span style=\"font-family: arial, helvetica, sans-serif; font-size: 14px;\">Sanayi ve Teknoloji Bakan\u0131 Fatih Mehmet Ka\u00e7\u0131r, Bal\u0131kesir \u00dcniversitesi&#8217;nde \u00f6\u011frencilerle bir araya geldi. T\u00fcrkiye&#8217;nin uzay misyonu ve stratejisini anlatan Bakan Ka\u00e7\u0131r, g\u00f6ky\u00fcz\u00fcne T\u00fcrk&#8217;\u00fcn imza att\u0131\u011f\u0131n\u0131 s\u00f6yledi.<br \/>\n<\/span><\/strong><br \/>\n<span style=\"font-family: arial, helvetica, sans-serif; font-size: 14px;\">Bal\u0131kesir \u00dcniversitesi&#8217;nde Rekt\u00f6r Prof. Dr. Y\u00fccel O\u011furlu&#8217;nun misafiri olan Sanayi ve Teknoloji Bakan\u0131 Fatih Mehmet Ka\u00e7\u0131r, gen\u00e7lerle bir araya geldi. Bakan Ka\u00e7\u0131r, &#8220;Avrupa ortalamas\u0131ndan 10, Almanya&#8217;dan 15 ya\u015f daha gen\u00e7 bir n\u00fcfusa sahip T\u00fcrkiye. Bu \u00e7ok k\u0131ymetli. \u00c7\u00fcnk\u00fc b\u00fct\u00fcn d\u00fcnyay\u0131 de\u011fi\u015ftiren, d\u00f6n\u00fc\u015ft\u00fcren teknolojilere gen\u00e7 insanlar imza at\u0131yor. Gen\u00e7 insanlar\u0131n kurdu\u011fu teknoloji giri\u015fimleri, kurduklar\u0131 teknoloji tak\u0131mlar\u0131 d\u00fcnyay\u0131 de\u011fi\u015ftiren teknolojileri ortaya \u00e7\u0131kar\u0131yor. \u0130\u015fte bu anlay\u0131\u015fla Say\u0131n Cumhurba\u015fkan\u0131m\u0131z\u0131n liderli\u011finde s\u00fcrd\u00fcrd\u00fc\u011f\u00fcm\u00fcz, T\u00fcrkiye&#8217;yi kritik teknolojileri yerli ve milli olarak geli\u015ftirebilen, \u00fcretebilen ve rekabet\u00e7i \u015fekilde d\u00fcnyaya ihra\u00e7 edebilen bir \u00fclke k\u0131lmak ad\u0131na hayata ge\u00e7irdi\u011fimiz milli teknoloji hamlesi. T\u00fcm i\u015flerin merkezinde siz gen\u00e7ler vars\u0131n\u0131z ve T\u00fcrk gen\u00e7li\u011fi bu alanda \u00f6n\u00fc a\u00e7\u0131ld\u0131\u011f\u0131nda, \u00f6n\u00fcndeki engelleri kald\u0131rd\u0131\u011f\u0131m\u0131zda neleri ba\u015farabilece\u011fini g\u00f6sterdi. \u0130\u015fte g\u00f6ky\u00fcz\u00fcne T\u00fcrk&#8217;\u00fcn imzas\u0131n\u0131 T\u00fcrkiye&#8217;nin \u00f6z evlatlar\u0131, T\u00fcrkiye&#8217;nin m\u00fchendisleri, teknisyenleri, bilim insanlar\u0131 att\u0131. Bayraktar&#8217;la, Anka&#8217;yla, Aksungur&#8217;la, H\u00fcrku\u015f&#8217;la, H\u00fcrjet&#8217;le, Atak&#8217;la, G\u00f6kbey&#8217;le, K\u0131z\u0131l Elma&#8217;yla, Kaan&#8217;la T\u00fcrkiye g\u00f6ky\u00fcz\u00fcne kavu\u015furuz&#8221; dedi.<\/span><br \/>\n<span style=\"font-family: arial, helvetica, sans-serif; font-size: 14px;\">S\u00f6zlerine devam eden Bakan Ka\u00e7\u0131r, &#8220;Y\u0131lda 600 milyara yeti\u015fti k\u00fcresel uzay ekonomisi. T\u00fcrkiye olarak y\u00fczde 1 pay alabilirsek 6 milyar dolar kazan\u0131r\u0131z. Y\u00fczde 10 alabilirsek 60 milyar dolar kazan\u0131r\u0131z. \u0130n\u015fallah Milli Uzay Program\u0131&#8217;yla hedefledi\u011fimiz t\u00fcm projeleri birer birer ger\u00e7ekle\u015ftirecek ve bu alanda stratejik ba\u011f\u0131ms\u0131zl\u0131\u011f\u0131m\u0131z\u0131 tahkim edecek hem de k\u00fcresel uzay ekonomisinden y\u0131ldan y\u0131la daha fazla pay alaca\u011f\u0131z. Bu iddiayla 2021&#8217;de Say\u0131n Cumhurba\u015fkan\u0131m\u0131z Milli Uzay Program\u0131&#8217;n\u0131 d\u00fcnyaya ilan etti. Ne? Ay&#8217;a yeti\u015fecek T\u00fcrkiye&#8217;nin geli\u015ftirdi\u011fi teknoloji. Ve o teknolojiyi d\u00fcnyada geli\u015ftiren ilk d\u00f6rt \u00fclkeden biriyiz. E\u011fer ba\u015farabilirsek uzayl\u0131 o teknolojiden yararlanabilen ilk \u00fclke olacak ve sonras\u0131nda uzayda uydular\u0131 y\u00f6r\u00fcngeler aras\u0131 transfer edebilecek ara\u00e7lar\u0131, o hibrit roket oto teknolojisiyle geli\u015ftirerek uzay ekonomisinden pay almay\u0131 hedefliyoruz? \u0130\u015fte bir de uzay program\u0131nda birbirinden farkl\u0131 ve iddial\u0131 pek \u00e7ok projeyi hayata ge\u00e7iriyoruz. Ama zannediyorum ki en \u00f6nemlilerinden biri T\u00fcrkiye&#8217;nin insanl\u0131 ilk uzay bilim misyonunu ger\u00e7ekle\u015ftirmekti. Ve 2021&#8217;de Say\u0131n Cumhurba\u015fkan\u0131m\u0131z bunu d\u00fcnyaya ilan etmi\u015fti. Hamdolsun T\u00fcrkiye ay y\u0131ld\u0131zl\u0131 bayra\u011f\u0131n\u0131 uzay \u00fcst\u00fcne \u00e7\u0131karm\u0131\u015ft\u0131r&#8221; diye konu\u015ftu.<\/span><\/p>\n","protected":false},"excerpt":{"rendered":"<p>Sanayi ve Teknoloji Bakan\u0131 Fatih Mehmet Ka\u00e7\u0131r, Bal\u0131kesir \u00dcniversitesi&#8217;nde \u00f6\u011frencilerle bir araya geldi. T\u00fcrkiye&#8217;nin uzay misyonu ve stratejisini anlatan Bakan<\/p>\n","protected":false},"author":3,"featured_media":23259,"comment_status":"open","ping_status":"open","sticky":false,"template":"","format":"standard","meta":{"colormag_page_container_layout":"default_layout","colormag_page_sidebar_layout":"default_layout","footnotes":""},"categories":[46,1,5,8],"tags":[],"class_list":["post-23258","post","type-post","status-publish","format-standard","has-post-thumbnail","hentry","category-bilim-teknoloji","category-genel","category-gundem","category-siyaset"],"_links":{"self":[{"href":"https:\/\/marmarayerelhizmet.com\/index.php\/wp-json\/wp\/v2\/posts\/23258","targetHints":{"allow":["GET"]}}],"collection":[{"href":"https:\/\/marmarayerelhizmet.com\/index.php\/wp-json\/wp\/v2\/posts"}],"about":[{"href":"https:\/\/marmarayerelhizmet.com\/index.php\/wp-json\/wp\/v2\/types\/post"}],"author":[{"embeddable":true,"href":"https:\/\/marmarayerelhizmet.com\/index.php\/wp-json\/wp\/v2\/users\/3"}],"replies":[{"embeddable":true,"href":"https:\/\/marmarayerelhizmet.com\/index.php\/wp-json\/wp\/v2\/comments?post=23258"}],"version-history":[{"count":0,"href":"https:\/\/marmarayerelhizmet.com\/index.php\/wp-json\/wp\/v2\/posts\/23258\/revisions"}],"wp:featuredmedia":[{"embeddable":true,"href":"https:\/\/marmarayerelhizmet.com\/index.php\/wp-json\/wp\/v2\/media\/23259"}],"wp:attachment":[{"href":"https:\/\/marmarayerelhizmet.com\/index.php\/wp-json\/wp\/v2\/media?parent=23258"}],"wp:term":[{"taxonomy":"category","embeddable":true,"href":"https:\/\/marmarayerelhizmet.com\/index.php\/wp-json\/wp\/v2\/categories?post=23258"},{"taxonomy":"post_tag","embeddable":true,"href":"https:\/\/marmarayerelhizmet.com\/index.php\/wp-json\/wp\/v2\/tags?post=23258"}],"curies":[{"name":"wp","href":"https:\/\/api.w.org\/{rel}","templated":true}]}}