{"id":22265,"date":"2024-02-28T09:55:44","date_gmt":"2024-02-28T06:55:44","guid":{"rendered":"https:\/\/marmarayerelhizmet.com\/?p=22265"},"modified":"2024-02-28T09:55:44","modified_gmt":"2024-02-28T06:55:44","slug":"apple-elektrikli-otomobilden-vazgecti","status":"publish","type":"post","link":"https:\/\/marmarayerelhizmet.com\/index.php\/2024\/02\/28\/apple-elektrikli-otomobilden-vazgecti\/","title":{"rendered":"Apple, Elektrikli Otomobilden Vazge\u00e7ti"},"content":{"rendered":"<p><strong><span style=\"font-family: arial, helvetica, sans-serif; font-size: 14px;\">ABD&#8217;li teknoloji devi Apple\u2019\u0131n elektrikli otomobil \u00fcretim \u00e7al\u0131\u015fmalar\u0131n\u0131 sonland\u0131rarak bu birimdeki \u00e7al\u0131\u015fanlar\u0131n\u0131 \u00fcretken yapay zeka projelerinde g\u00f6revlendirece\u011fi bildirildi.<br \/>\n<\/span><\/strong><br \/>\n<span style=\"font-family: arial, helvetica, sans-serif; font-size: 14px;\">Elektrikli ara\u00e7 sekt\u00f6r\u00fcnde rekabet giderek artarken, ABD&#8217;li teknoloji devi Apple\u2019dan s\u00fcrpriz bir hamle geldi. \u015eirket \u00e7al\u0131\u015fanlar\u0131ndan edinilen bilgilere g\u00f6re, \u00fcst d\u00fczey y\u00f6neticiler kurum i\u00e7i bir toplant\u0131da yapt\u0131klar\u0131 a\u00e7\u0131klamada \u015firketin elektrikli otomobil \u00fcretim \u00e7al\u0131\u015fmalar\u0131n\u0131 sonland\u0131rarak bu birimdeki \u00e7al\u0131\u015fanlar\u0131n\u0131 \u00fcretken yapay zeka projelerinde g\u00f6revlendirece\u011fini duyurdu. Elektrikli otomobil projesinde g\u00f6revli yakla\u015f\u0131k 2 bin ki\u015fiyi ilgilendiren karar kapsam\u0131nda, donan\u0131m m\u00fchendisi ve otomobil tasar\u0131mc\u0131s\u0131 ba\u015fta olmak \u00fczere farkl\u0131 g\u00f6revlerde \u00e7al\u0131\u015fan personelin di\u011fer Apple birimlerindeki i\u015flere ba\u015fvurabilece\u011fi belirtildi. Baz\u0131 \u00e7al\u0131\u015fanlar\u0131n i\u015ften \u00e7\u0131kar\u0131labilece\u011fi \u00f6\u011frenilirken, Apple\u2019dan konu hakk\u0131nda resmi a\u00e7\u0131klama yap\u0131lmad\u0131.<\/span><br \/>\n<span style=\"font-family: arial, helvetica, sans-serif; font-size: 14px;\">Tesla\u2019ya rakip olacakt\u0131<\/span><br \/>\n<span style=\"font-family: arial, helvetica, sans-serif; font-size: 14px;\">Ara\u015ft\u0131rma ve geli\u015ftirme (AR-GE) \u00e7al\u0131\u015fmalar\u0131na son 5 y\u0131lda 113 milyar dolar harcayan Apple&#8217;\u0131n elektrikli otomobil projesi, Tesla&#8217;n\u0131n otonom s\u00fcr\u00fc\u015f \u00f6zellikleri sunan elektrikli ara\u00e7lar\u0131na rakip olmak amac\u0131yla ba\u015flat\u0131lm\u0131\u015ft\u0131. Apple geli\u015ftirdi\u011fi elektrikli otomobili t\u00fcketicilere detayl\u0131 olarak tan\u0131tmasa da, halka a\u00e7\u0131k yollarda test edilen ara\u00e7 bir\u00e7ok kez kamuoyunun g\u00fcndemine gelmi\u015fti. Apple&#8217;\u0131n elektrikli otomobil geli\u015ftirme \u00e7al\u0131\u015fmalar\u0131n\u0131 sonland\u0131rmay\u0131 planlad\u0131\u011f\u0131na y\u00f6nelik iddialar bu ay ABD bas\u0131n\u0131nda yer alm\u0131\u015ft\u0131.<\/span><\/p>\n","protected":false},"excerpt":{"rendered":"<p>ABD&#8217;li teknoloji devi Apple\u2019\u0131n elektrikli otomobil \u00fcretim \u00e7al\u0131\u015fmalar\u0131n\u0131 sonland\u0131rarak bu birimdeki \u00e7al\u0131\u015fanlar\u0131n\u0131 \u00fcretken yapay zeka projelerinde g\u00f6revlendirece\u011fi bildirildi. Elektrikli ara\u00e7<\/p>\n","protected":false},"author":3,"featured_media":14792,"comment_status":"open","ping_status":"open","sticky":false,"template":"","format":"standard","meta":{"colormag_page_container_layout":"default_layout","colormag_page_sidebar_layout":"default_layout","footnotes":""},"categories":[46,1,5],"tags":[],"class_list":["post-22265","post","type-post","status-publish","format-standard","has-post-thumbnail","hentry","category-bilim-teknoloji","category-genel","category-gundem"],"_links":{"self":[{"href":"https:\/\/marmarayerelhizmet.com\/index.php\/wp-json\/wp\/v2\/posts\/22265","targetHints":{"allow":["GET"]}}],"collection":[{"href":"https:\/\/marmarayerelhizmet.com\/index.php\/wp-json\/wp\/v2\/posts"}],"about":[{"href":"https:\/\/marmarayerelhizmet.com\/index.php\/wp-json\/wp\/v2\/types\/post"}],"author":[{"embeddable":true,"href":"https:\/\/marmarayerelhizmet.com\/index.php\/wp-json\/wp\/v2\/users\/3"}],"replies":[{"embeddable":true,"href":"https:\/\/marmarayerelhizmet.com\/index.php\/wp-json\/wp\/v2\/comments?post=22265"}],"version-history":[{"count":0,"href":"https:\/\/marmarayerelhizmet.com\/index.php\/wp-json\/wp\/v2\/posts\/22265\/revisions"}],"wp:featuredmedia":[{"embeddable":true,"href":"https:\/\/marmarayerelhizmet.com\/index.php\/wp-json\/wp\/v2\/media\/14792"}],"wp:attachment":[{"href":"https:\/\/marmarayerelhizmet.com\/index.php\/wp-json\/wp\/v2\/media?parent=22265"}],"wp:term":[{"taxonomy":"category","embeddable":true,"href":"https:\/\/marmarayerelhizmet.com\/index.php\/wp-json\/wp\/v2\/categories?post=22265"},{"taxonomy":"post_tag","embeddable":true,"href":"https:\/\/marmarayerelhizmet.com\/index.php\/wp-json\/wp\/v2\/tags?post=22265"}],"curies":[{"name":"wp","href":"https:\/\/api.w.org\/{rel}","templated":true}]}}