{"id":21982,"date":"2024-02-20T13:51:14","date_gmt":"2024-02-20T10:51:14","guid":{"rendered":"https:\/\/marmarayerelhizmet.com\/?p=21982"},"modified":"2024-02-20T13:51:14","modified_gmt":"2024-02-20T10:51:14","slug":"bobrek-nakliyle-sagligina-kavustu","status":"publish","type":"post","link":"https:\/\/marmarayerelhizmet.com\/index.php\/2024\/02\/20\/bobrek-nakliyle-sagligina-kavustu\/","title":{"rendered":"B\u00f6brek Nakliyle Sa\u011fl\u0131\u011f\u0131na Kavu\u015ftu"},"content":{"rendered":"<p><strong><span style=\"font-family: arial, helvetica, sans-serif; font-size: 14px;\">\u0130zmir\u2019de ya\u015fayan ve 11 y\u0131ld\u0131r b\u00f6brek yetmezli\u011fi bulunan 40 ya\u015f\u0131ndaki Mevl\u00fcde Taylan, 3 y\u0131ld\u0131r b\u00f6brek nakli bekledi\u011fi \u00c7anakkale Onsekiz Mart \u00dcniversitesi (\u00c7OM\u00dc) Hastanesinde ger\u00e7ekle\u015ftirilen b\u00f6brek nakliyle sa\u011fl\u0131\u011f\u0131na kavu\u015ftu.<br \/>\n<\/span><\/strong><br \/>\n<span style=\"font-family: arial, helvetica, sans-serif; font-size: 14px;\">\u0130zmir\u2019de ya\u015fayan Mevl\u00fcde Taylan, 11 y\u0131l \u00f6nce b\u00f6brek yetmezli\u011fine yakaland\u0131. Diyalize girmeye ba\u015flayan Mevl\u00fcde Taylan, 3 y\u0131l \u00f6nce b\u00f6brek nakli i\u00e7in \u00c7OM\u00dc Hastanesine ba\u015fvurarak s\u0131ra beklemeye ba\u015flad\u0131. Mevl\u00fcde Taylan\u2019a bekledi\u011fi haber Bal\u0131kesir\u2019den geldi. Bal\u0131kesir\u2019de hayat\u0131n\u0131 kaybeden 22 ya\u015f\u0131ndaki bir gencin organlar\u0131 ailesi taraf\u0131ndan ba\u011f\u0131\u015fland\u0131. Ba\u011f\u0131\u015flanan organlardan bir b\u00f6brek, 3 y\u0131ld\u0131r nakil bekleyen Mevl\u00fcde Taylan\u2019a operasyonla ba\u015far\u0131l\u0131 bir \u015fekilde nakledildi. Taylan 11 y\u0131l sonra sa\u011fl\u0131\u011f\u0131na kavu\u015ftu.<\/span><br \/>\n<span style=\"font-family: arial, helvetica, sans-serif; font-size: 14px;\">Ba\u015far\u0131l\u0131 bir operasyon ger\u00e7ekle\u015ftirdiklerini belirten Organ Nakil Merkez M\u00fcd\u00fcr\u00fc Prof. Dr. Cabir Alan, \u201cHastanemizde 2017\u2019den beri iki y\u00fcz\u00fcn \u00fczerinde organ naklini ba\u015far\u0131yla ger\u00e7ekle\u015ftirdik. Ba\u015far\u0131 oran\u0131m\u0131z y\u00fczde 90\u2019\u0131n \u00fczerinde. Hastalar\u0131m\u0131z yaln\u0131zca \u00c7anakkale\u2019den de\u011fil, Bal\u0131kesir, Bursa, \u0130stanbul, \u0130zmir\u2019den kay\u0131tl\u0131 hastalar\u0131m\u0131z var. Hem canl\u0131 hem kadavra naklimiz yo\u011fun bir \u015fekilde devam ediyor. Belli periyodik testlere ihtiyac\u0131m\u0131z var, b\u00f6bre\u011fin \u00f6mr\u00fcn\u00fcn uzamas\u0131 i\u00e7in hastalar\u0131n bunlar\u0131 yapt\u0131rmas\u0131 gerekiyor. \u00d6nemli bir di\u011fer husus da, ula\u015f\u0131labilir olmak. Daha \u00f6nce yap\u0131lan bir organ ba\u011f\u0131\u015f\u0131nda, Mevl\u00fcde Han\u0131m&#8217;\u0131 aray\u0131p ula\u015famam\u0131\u015ft\u0131k. Bunun \u00fczerine kendisi uzun zamand\u0131r telefonu \u015farjda, bavulu haz\u0131r, tekrar aramam\u0131z\u0131 bekliyormu\u015f. Hastalar\u0131m\u0131z\u0131n ula\u015f\u0131labilir olmas\u0131 \u00e7ok \u00f6nemli\u201d dedi.<\/span><br \/>\n<span style=\"font-family: arial, helvetica, sans-serif; font-size: 14px;\">B\u00f6brek nakli sonras\u0131 sa\u011fl\u0131\u011f\u0131na kavu\u015fan Mevl\u00fcde Taylan ise, \u201c11 y\u0131ld\u0131r bu an\u0131 bekliyordum. \u0130lk yapt\u0131\u011f\u0131m \u015fey kana kana su i\u00e7mek oldu. Ameliyattan korkuyordum da ama bir \u015fey yokmu\u015f, ilk geceden sonra rahat\u0131m\u201d diye konu\u015ftu.<\/span><br \/>\n<span style=\"font-family: arial, helvetica, sans-serif; font-size: 14px;\">Mevl\u00fcde Taylan\u2019\u0131n e\u015fi Cemil Taylan e\u015finin sa\u011fl\u0131\u011f\u0131na kavu\u015fmas\u0131ndan duydu\u011fu memnuniyeti dile getirirken, \u201cHocalar\u0131m\u0131za, hem\u015firelerimize anlay\u0131\u015flar\u0131, yakla\u015f\u0131mlar\u0131 i\u00e7in \u00e7ok te\u015fekk\u00fcr ederiz. \u0130zmir\u2019de y\u0131llard\u0131r bekledik ama sa\u011fl\u0131\u011f\u0131m\u0131za burada kavu\u015ftuk. Herkesi organ ba\u011f\u0131\u015f\u0131 yapmaya davet ediyoruz\u201d \u015feklinde konu\u015ftu.<\/span><\/p>\n","protected":false},"excerpt":{"rendered":"<p>\u0130zmir\u2019de ya\u015fayan ve 11 y\u0131ld\u0131r b\u00f6brek yetmezli\u011fi bulunan 40 ya\u015f\u0131ndaki Mevl\u00fcde Taylan, 3 y\u0131ld\u0131r b\u00f6brek nakli bekledi\u011fi \u00c7anakkale Onsekiz Mart<\/p>\n","protected":false},"author":3,"featured_media":21983,"comment_status":"open","ping_status":"open","sticky":false,"template":"","format":"standard","meta":{"colormag_page_container_layout":"default_layout","colormag_page_sidebar_layout":"default_layout","footnotes":""},"categories":[1,5,7],"tags":[],"class_list":["post-21982","post","type-post","status-publish","format-standard","has-post-thumbnail","hentry","category-genel","category-gundem","category-saglik"],"_links":{"self":[{"href":"https:\/\/marmarayerelhizmet.com\/index.php\/wp-json\/wp\/v2\/posts\/21982","targetHints":{"allow":["GET"]}}],"collection":[{"href":"https:\/\/marmarayerelhizmet.com\/index.php\/wp-json\/wp\/v2\/posts"}],"about":[{"href":"https:\/\/marmarayerelhizmet.com\/index.php\/wp-json\/wp\/v2\/types\/post"}],"author":[{"embeddable":true,"href":"https:\/\/marmarayerelhizmet.com\/index.php\/wp-json\/wp\/v2\/users\/3"}],"replies":[{"embeddable":true,"href":"https:\/\/marmarayerelhizmet.com\/index.php\/wp-json\/wp\/v2\/comments?post=21982"}],"version-history":[{"count":0,"href":"https:\/\/marmarayerelhizmet.com\/index.php\/wp-json\/wp\/v2\/posts\/21982\/revisions"}],"wp:featuredmedia":[{"embeddable":true,"href":"https:\/\/marmarayerelhizmet.com\/index.php\/wp-json\/wp\/v2\/media\/21983"}],"wp:attachment":[{"href":"https:\/\/marmarayerelhizmet.com\/index.php\/wp-json\/wp\/v2\/media?parent=21982"}],"wp:term":[{"taxonomy":"category","embeddable":true,"href":"https:\/\/marmarayerelhizmet.com\/index.php\/wp-json\/wp\/v2\/categories?post=21982"},{"taxonomy":"post_tag","embeddable":true,"href":"https:\/\/marmarayerelhizmet.com\/index.php\/wp-json\/wp\/v2\/tags?post=21982"}],"curies":[{"name":"wp","href":"https:\/\/api.w.org\/{rel}","templated":true}]}}