{"id":21803,"date":"2024-02-16T12:06:31","date_gmt":"2024-02-16T09:06:31","guid":{"rendered":"https:\/\/marmarayerelhizmet.com\/?p=21803"},"modified":"2024-02-16T12:06:31","modified_gmt":"2024-02-16T09:06:31","slug":"tum-atik-piller-toplanacak","status":"publish","type":"post","link":"https:\/\/marmarayerelhizmet.com\/index.php\/2024\/02\/16\/tum-atik-piller-toplanacak\/","title":{"rendered":"T\u00fcm At\u0131k Piller Toplanacak"},"content":{"rendered":"<p><strong><span style=\"font-family: arial, helvetica, sans-serif; font-size: 14px;\">Kocaeli&#8217;de &#8220;D\u00fcnya At\u0131k Pil G\u00fcn\u00fc&#8221; dolay\u0131s\u0131yla d\u00fczenlenen etkinli\u011fe t\u00fcm vatanda\u015flar\u0131n ellerindeki at\u0131k pilleri getirmeye davet edildi.<\/span><\/strong><\/p>\n<p><span style=\"font-family: arial, helvetica, sans-serif; font-size: 14px;\">Kocaeli B\u00fcy\u00fck\u015fehir Belediyesi, s\u0131f\u0131r at\u0131k hedefi do\u011frultusunda s\u00fcrd\u00fcr\u00fclebilir kalk\u0131nma ilkesine uygun olarak \u00e7evrenin korunmas\u0131n\u0131 sa\u011flamak i\u00e7in \u00f6ncelikle at\u0131k olu\u015fumunun \u00f6nlenmesi, azalt\u0131lmas\u0131, t\u00fcrlerine g\u00f6re kayna\u011f\u0131nda ayr\u0131\u015ft\u0131r\u0131lmas\u0131, yeniden kullan\u0131lmas\u0131na \u00f6nem veriyor. Geri kazan\u0131m\u0131n hem \u00e7evresel hem de ekonomik a\u00e7\u0131dan b\u00fcy\u00fck de\u011fer olu\u015fturdu\u011fu ger\u00e7e\u011finden yola \u00e7\u0131kan b\u00fcy\u00fck\u015fehir, 18 \u015eubat Pazar g\u00fcn\u00fc t\u00fcm vatanda\u015flar\u0131 at\u0131k pilleri getirmeye davet ediyor. D\u00fcnya At\u0131k Pil G\u00fcn\u00fcnde Sembol AVM\u2019nin zemin kat\u0131nda 13.00-19.00 saatleri aras\u0131nda kurulacak stantlara at\u0131k piller getirilerek herkesin \u00e7evreyi korumaya ve ekonomiye katk\u0131da bulunmaya davet edildi.<\/span><\/p>\n<p><strong><span style=\"font-family: arial, helvetica, sans-serif; font-size: 14px;\">Hedef fark\u0131ndal\u0131k olu\u015fturmak<\/span><\/strong><br \/>\n<span style=\"font-family: arial, helvetica, sans-serif; font-size: 14px;\">Kocaeli genelinde at\u0131k pillerin \u00e7evre ve insan sa\u011fl\u0131\u011f\u0131na zarar vermeden kayna\u011f\u0131nda ayr\u0131 toplanmas\u0131, ta\u015f\u0131nmas\u0131, geri kazan\u0131m\u0131 ve d\u00f6ng\u00fcsel ekonomiye katk\u0131 sa\u011flanmas\u0131 i\u00e7in 2008 y\u0131l\u0131ndan bu yana b\u00fcy\u00fck\u015fehir koordinasyonunda il\u00e7e belediyeleri ve bakanl\u0131ktan \u00e7evre izin\/lisansl\u0131 i\u015fleme tesisiyle i\u015fbirli\u011fi i\u00e7erisinde s\u00fcrd\u00fcr\u00fcl\u00fcyor. At\u0131k pillerin kayna\u011f\u0131nda ayr\u0131 toplanmas\u0131 \u00e7al\u0131\u015fmalar\u0131nda \u00f6zellikle okullarda e\u011fitim ve bilin\u00e7lendirme seminerleri yap\u0131larak kampanyalar d\u00fczenleniyor, fark\u0131ndal\u0131k olu\u015fturmak maksad\u0131yla etkinlikler d\u00fczenleniyor. B\u00fcy\u00fck\u015fehir hafta sonunda ger\u00e7ekle\u015fecek at\u0131k pil toplama etkinli\u011finde yine vatanda\u015flar aras\u0131nda fark\u0131ndal\u0131k olu\u015fturmay\u0131 hedefliyor.<\/span><\/p>\n","protected":false},"excerpt":{"rendered":"<p>Kocaeli&#8217;de &#8220;D\u00fcnya At\u0131k Pil G\u00fcn\u00fc&#8221; dolay\u0131s\u0131yla d\u00fczenlenen etkinli\u011fe t\u00fcm vatanda\u015flar\u0131n ellerindeki at\u0131k pilleri getirmeye davet edildi. Kocaeli B\u00fcy\u00fck\u015fehir Belediyesi, s\u0131f\u0131r<\/p>\n","protected":false},"author":3,"featured_media":21804,"comment_status":"open","ping_status":"open","sticky":false,"template":"","format":"standard","meta":{"colormag_page_container_layout":"default_layout","colormag_page_sidebar_layout":"default_layout","footnotes":""},"categories":[1,5,8],"tags":[],"class_list":["post-21803","post","type-post","status-publish","format-standard","has-post-thumbnail","hentry","category-genel","category-gundem","category-siyaset"],"_links":{"self":[{"href":"https:\/\/marmarayerelhizmet.com\/index.php\/wp-json\/wp\/v2\/posts\/21803","targetHints":{"allow":["GET"]}}],"collection":[{"href":"https:\/\/marmarayerelhizmet.com\/index.php\/wp-json\/wp\/v2\/posts"}],"about":[{"href":"https:\/\/marmarayerelhizmet.com\/index.php\/wp-json\/wp\/v2\/types\/post"}],"author":[{"embeddable":true,"href":"https:\/\/marmarayerelhizmet.com\/index.php\/wp-json\/wp\/v2\/users\/3"}],"replies":[{"embeddable":true,"href":"https:\/\/marmarayerelhizmet.com\/index.php\/wp-json\/wp\/v2\/comments?post=21803"}],"version-history":[{"count":0,"href":"https:\/\/marmarayerelhizmet.com\/index.php\/wp-json\/wp\/v2\/posts\/21803\/revisions"}],"wp:featuredmedia":[{"embeddable":true,"href":"https:\/\/marmarayerelhizmet.com\/index.php\/wp-json\/wp\/v2\/media\/21804"}],"wp:attachment":[{"href":"https:\/\/marmarayerelhizmet.com\/index.php\/wp-json\/wp\/v2\/media?parent=21803"}],"wp:term":[{"taxonomy":"category","embeddable":true,"href":"https:\/\/marmarayerelhizmet.com\/index.php\/wp-json\/wp\/v2\/categories?post=21803"},{"taxonomy":"post_tag","embeddable":true,"href":"https:\/\/marmarayerelhizmet.com\/index.php\/wp-json\/wp\/v2\/tags?post=21803"}],"curies":[{"name":"wp","href":"https:\/\/api.w.org\/{rel}","templated":true}]}}