{"id":21797,"date":"2024-02-16T01:09:48","date_gmt":"2024-02-15T22:09:48","guid":{"rendered":"https:\/\/marmarayerelhizmet.com\/?p=21797"},"modified":"2024-02-16T01:09:48","modified_gmt":"2024-02-15T22:09:48","slug":"ispatlarsaniz-politikayi-birakirim","status":"publish","type":"post","link":"https:\/\/marmarayerelhizmet.com\/index.php\/2024\/02\/16\/ispatlarsaniz-politikayi-birakirim\/","title":{"rendered":"&#8216;\u0130spatlarsan\u0131z Politikay\u0131 B\u0131rak\u0131r\u0131m&#8217;"},"content":{"rendered":"<p><strong><span style=\"font-family: arial, helvetica, sans-serif; font-size: 14px;\">\u0130Y\u0130 Parti Genel Ba\u015fkan\u0131 Meral Ak\u015fener, kendisinin ve birinci derece akrabalar\u0131n\u0131n hi\u00e7bir \u015fekilde herhangi bir belediye ile i\u015f veya para ili\u015fkisi olmad\u0131\u011f\u0131n\u0131 belirterek, \u201cYurtd\u0131\u015f\u0131nda \u015firketimiz yok, belediye ve bakanlarla ili\u015fkilerimiz yok. \u0130spatlarsan\u0131z politikay\u0131 b\u0131rak\u0131r\u0131m. \u015eantaj\u0131n d\u0131\u015f\u0131nda olabilmek \u00e7ok \u00f6nemli\u201d dedi.<br \/>\n<\/span><\/strong><br \/>\n<span style=\"font-family: arial, helvetica, sans-serif; font-size: 14px;\">31 Mart Mahalli \u0130dareler Se\u00e7imlerine say\u0131l\u0131 g\u00fcnler kal\u0131rken, \u0130Y\u0130 Parti Genel Ba\u015fkan\u0131 Meral Ak\u015fener, partisinin adaylar\u0131n\u0131n tan\u0131t\u0131m\u0131 i\u00e7in Ayd\u0131n\u2019a geldi. Atat\u00fcrk Kapal\u0131 Spor Salonu\u2019nda ger\u00e7ekle\u015ftirilen aday tan\u0131t\u0131m toplant\u0131s\u0131nda konu\u015fan Genel Ba\u015fkan Ak\u015fener, adaylara seslenerek \u201c\u00c7almayacaks\u0131n\u0131z, \u00e7ald\u0131rmayacaks\u0131n\u0131z, israf\u0131 \u00f6nleyeceksiniz\u201d dedi.<\/span><br \/>\n<span style=\"font-family: arial, helvetica, sans-serif; font-size: 14px;\">Siyasette \u015fantaj\u0131n d\u0131\u015f\u0131nda olabilmenin \u00e7ok \u00f6nemli oldu\u011funa dikkat \u00e7eken Ak\u015fener, &#8220;Bu se\u00e7im \u015f\u0131mar\u0131kl\u0131\u011f\u0131n, her \u015fartta bu insanlar\u0131 parma\u011f\u0131m\u0131n ucunda oynat\u0131r\u0131m diyenleri durdurabilece\u011finiz bir se\u00e7im. Ailemden, birinci derece yak\u0131n\u0131m olan herhangi bir \u015fahs\u0131n, her hangi bir belediye ile i\u015f ya da para ili\u015fkisini ispatlayan olursa politikaya b\u0131rak\u0131r\u0131m. Erdo\u011fan veya belediyeleri, bakanlar\u0131yla da ailemin herhangi bir ferdinin ahbapl\u0131\u011f\u0131 var ise ortaya koysunlar. \u015eantaj\u0131n d\u0131\u015f\u0131nda olabilmek \u00e7ok \u00f6nemli bir i\u015fmi\u015f. Benim ailemin ne Ankara anla\u015fmas\u0131yla ne ba\u015fka bir anla\u015fmayla ne de Amerika\u2019da Avrupa\u2019da \u015firketi yok. Benim yok. Beni kim tehdit edebilir. O y\u00fczden siyaset yaparken \u00e7olu\u011funa \u00e7ocu\u011funa \u015firket kuranlara soracaks\u0131n\u0131z. T\u00fcrkiye dururken niye diyeceksiniz. T\u00fcrkiye i\u00e7in siyaset i\u00e7in en \u00f6nemli soru budur. D\u00fcnyan\u0131n en d\u00fcr\u00fcst siyaset\u00e7isi d\u00fcmenini \u00e7evirip, \u00e7olu\u011funun \u00e7ocu\u011funun \u00fczerinden \u015firket a\u00e7ar, oralara para g\u00f6nderirsen, sen h\u0131rs\u0131zs\u0131n demektir. Bunlara dikkat edeceksiniz. Siz temiz, d\u00fcr\u00fcst ve cesur insanlars\u0131n\u0131z\u201d \u015feklinde konu\u015ftu.<\/span><\/p>\n<p><strong><span style=\"font-family: arial, helvetica, sans-serif; font-size: 14px;\">&#8220;Her iki taraftan ok ya\u011fmuruna tutulmu\u015f bir partiyiz\u201d<\/span><\/strong><br \/>\n<span style=\"font-family: arial, helvetica, sans-serif; font-size: 14px;\">Yo\u011fun kat\u0131l\u0131m\u0131n oldu\u011fu toplant\u0131da k\u00fcrs\u00fcye \u00e7\u0131kan Ak\u015fener, \u201cSe\u00e7men, veli nimet olmal\u0131d\u0131r. Se\u00e7imler se\u00e7menin d\u00fc\u011f\u00fcn\u00fcd\u00fcr, bayram\u0131d\u0131r ve yanl\u0131\u015flar\u0131 de\u011fi\u015ftirmek bu se\u00e7im de hepimizin g\u00f6revidir. Biz, siyaset\u00e7iyi kar\u015f\u0131s\u0131nda &#8216;Haz\u0131r ol&#8217;da durdurdu\u011fu projeler \u00fczerinden rekabetin yap\u0131ld\u0131\u011f\u0131, vatanda\u015flar\u0131n sorunlar\u0131na \u00e7are \u00fcretildi\u011fi bir T\u00fcrkiye\u2019yi in\u015fa etmek \u00fczere yola \u00e7\u0131km\u0131\u015f ama tam anlam\u0131yla kendimizi anlatamam\u0131\u015f bir siyasi hareketiz. Dolay\u0131s\u0131yla hakk\u0131n, hakl\u0131n\u0131n yan\u0131nda olmak ve de temiz kalmak \u00e7ok zor olan bir d\u00f6nemde bug\u00fcn adaylar\u0131m\u0131z\u0131 a\u00e7\u0131klayaca\u011f\u0131z. Kar\u015f\u0131mda b\u00fcy\u00fck\u015fehir aday\u0131m\u0131z var. Aday\u0131m\u0131z in\u015fallah belediye ba\u015fkan\u0131m\u0131z olacak. Daha evvel belediye ba\u015fkanl\u0131\u011f\u0131 yapt\u0131. E\u011fer yamu\u011fu olsayd\u0131, bize gelme cesaretini bulabilir miydi? Bulamazd\u0131. Ben ayn\u0131 zamanda cesurlar hareketi dedi\u011fim bu hareketin, onurunun ve \u015ferefinin \u00f6nemli oldu\u011fu insanlar\u0131n bir araya geldi\u011fi bir siyasi partiyiz. Adaylar\u0131m\u0131z temiz, d\u00fcr\u00fcst olmam\u0131\u015f olsa, her iki taraftan da ok ya\u011fmuruna tutulmu\u015f bir partide olamazd\u0131lar. \u0130ki taraf da g\u0131c\u0131k olmu\u015f durumda. Biz, sizin sesinizi duyurmak istiyoruz. Bizim bu yolculu\u011fumuzun ana hedefi bu\u201d dedi.<\/span><br \/>\n<span style=\"font-family: arial, helvetica, sans-serif; font-size: 14px;\">,Konu\u015fmas\u0131 s\u0131ras\u0131nda zaman zaman e\u015fi Tuncer Ak\u015fener&#8217;e seslenen Meral Ak\u015fener, solonun en arka taraf\u0131nda ayakta kendisini dinleyen e\u015fi i\u00e7in &#8220;Ben se\u00e7im \u00e7al\u0131\u015fmalar\u0131nda \u00e7ok gezdi\u011fim i\u00e7in s\u00fcrekli ayakkab\u0131 eskitiyorum. Kocam kalp krizi ge\u00e7irecek ayakkab\u0131 paras\u0131ndan&#8221; diyerek adaylar\u0131n da se\u00e7im \u00e7al\u0131\u015fmalar\u0131 s\u0131ras\u0131nda ve se\u00e7ildikten sonra kap\u0131 kap\u0131 dola\u015fmas\u0131n\u0131 istedi.<\/span><\/p>\n","protected":false},"excerpt":{"rendered":"<p>\u0130Y\u0130 Parti Genel Ba\u015fkan\u0131 Meral Ak\u015fener, kendisinin ve birinci derece akrabalar\u0131n\u0131n hi\u00e7bir \u015fekilde herhangi bir belediye ile i\u015f veya para<\/p>\n","protected":false},"author":3,"featured_media":21798,"comment_status":"open","ping_status":"open","sticky":false,"template":"","format":"standard","meta":{"colormag_page_container_layout":"default_layout","colormag_page_sidebar_layout":"default_layout","footnotes":""},"categories":[1,5,8],"tags":[],"class_list":["post-21797","post","type-post","status-publish","format-standard","has-post-thumbnail","hentry","category-genel","category-gundem","category-siyaset"],"_links":{"self":[{"href":"https:\/\/marmarayerelhizmet.com\/index.php\/wp-json\/wp\/v2\/posts\/21797","targetHints":{"allow":["GET"]}}],"collection":[{"href":"https:\/\/marmarayerelhizmet.com\/index.php\/wp-json\/wp\/v2\/posts"}],"about":[{"href":"https:\/\/marmarayerelhizmet.com\/index.php\/wp-json\/wp\/v2\/types\/post"}],"author":[{"embeddable":true,"href":"https:\/\/marmarayerelhizmet.com\/index.php\/wp-json\/wp\/v2\/users\/3"}],"replies":[{"embeddable":true,"href":"https:\/\/marmarayerelhizmet.com\/index.php\/wp-json\/wp\/v2\/comments?post=21797"}],"version-history":[{"count":0,"href":"https:\/\/marmarayerelhizmet.com\/index.php\/wp-json\/wp\/v2\/posts\/21797\/revisions"}],"wp:featuredmedia":[{"embeddable":true,"href":"https:\/\/marmarayerelhizmet.com\/index.php\/wp-json\/wp\/v2\/media\/21798"}],"wp:attachment":[{"href":"https:\/\/marmarayerelhizmet.com\/index.php\/wp-json\/wp\/v2\/media?parent=21797"}],"wp:term":[{"taxonomy":"category","embeddable":true,"href":"https:\/\/marmarayerelhizmet.com\/index.php\/wp-json\/wp\/v2\/categories?post=21797"},{"taxonomy":"post_tag","embeddable":true,"href":"https:\/\/marmarayerelhizmet.com\/index.php\/wp-json\/wp\/v2\/tags?post=21797"}],"curies":[{"name":"wp","href":"https:\/\/api.w.org\/{rel}","templated":true}]}}