{"id":21787,"date":"2024-02-15T17:39:33","date_gmt":"2024-02-15T14:39:33","guid":{"rendered":"https:\/\/marmarayerelhizmet.com\/?p=21787"},"modified":"2024-02-15T17:39:33","modified_gmt":"2024-02-15T14:39:33","slug":"yabanci-tv-gozlemcisi-uygulamasi-basliyor","status":"publish","type":"post","link":"https:\/\/marmarayerelhizmet.com\/index.php\/2024\/02\/15\/yabanci-tv-gozlemcisi-uygulamasi-basliyor\/","title":{"rendered":"Yabanc\u0131 TV G\u00f6zlemcisi Uygulamas\u0131 Ba\u015fl\u0131yor"},"content":{"rendered":"<p><strong><span style=\"font-family: arial, helvetica, sans-serif; font-size: 14px;\">T\u00fcrkiye Futbol Federasyonu (TFF), Trendyol S\u00fcper Lig&#8217;de yabanc\u0131 TV g\u00f6zlemcisi uygulamas\u0131 ba\u015flayaca\u011f\u0131n\u0131 duyurdu.<br \/>\n<\/span><\/strong><br \/>\n<span style=\"font-family: arial, helvetica, sans-serif; font-size: 14px;\">T\u00fcrkiye Futbol Federasyonu&#8217;nun T\u00fcrk hakemli\u011finin geli\u015fmesi amac\u0131yla program\u0131na ald\u0131\u011f\u0131 yabanc\u0131 TV g\u00f6zlemcisi sistemi uygulamas\u0131 Trendyol S\u00fcper Lig&#8217;in 26. haftas\u0131ndan itibaren y\u00fcr\u00fcrl\u00fc\u011fe girecek. UEFA&#8217;n\u0131n eski elit hakemlerinin de aras\u0131nda yer ald\u0131\u011f\u0131 10 yabanc\u0131 g\u00f6zlemci, yeni d\u00f6nemde T\u00fcrk futboluna hizmet edecek. Yabanc\u0131 g\u00f6zlemcilerin verecekleri puanlar, hakem puanlama sisteminin y\u00fczde 50&#8217;sini olu\u015fturacak<\/span><br \/>\n<span style=\"font-family: arial, helvetica, sans-serif; font-size: 14px;\">G\u00fcn\u00fcm\u00fczde UEFA&#8217;da \u00fcst d\u00fczey g\u00f6revlerde bulunan 10 yabanc\u0131 g\u00f6zlemci, bu haftadan itibaren Trendyol S\u00fcper Lig&#8217;de g\u00f6rev yapan hakemleri de\u011ferlendirip puanlama yapacak. Bu g\u00f6zlemci grubunun verece\u011fi puanlar, yeni d\u00f6nemde hakem puanlama sisteminin y\u00fczde 50&#8217;sini olu\u015fturarak performans \u00f6l\u00e7\u00fcmlerinde belirleyici rol oynayacak. Puanlaman\u0131n di\u011fer y\u00fczde 50&#8217;si de saha g\u00f6zlemcilerinin yan\u0131 s\u0131ra, VAR kadrosu, en \u00fcst iki ligde g\u00f6revli hakem ve g\u00f6zlemcilerin olu\u015fturdu\u011fu 119 ki\u015fi taraf\u0131ndan yap\u0131lacak anket de\u011ferlendirmesi ile belirlenecek.<\/span><br \/>\n<span style=\"font-family: arial, helvetica, sans-serif; font-size: 14px;\">Trendyol S\u00fcper Lig&#8217;de 26. haftadan itibaren g\u00f6rev almaya ba\u015flayacak yabanc\u0131 g\u00f6zlemcilerin isimleri \u015f\u00f6yle:<\/span><\/p>\n<p><span style=\"font-family: arial, helvetica, sans-serif; font-size: 14px;\">Frank De Bleeckere (Bel\u00e7ika)<\/span><br \/>\n<span style=\"font-family: arial, helvetica, sans-serif; font-size: 14px;\">Jorn West Larsen (Danimarka)<\/span><br \/>\n<span style=\"font-family: arial, helvetica, sans-serif; font-size: 14px;\">Mike Riley (\u0130ngiltere)<\/span><br \/>\n<span style=\"font-family: arial, helvetica, sans-serif; font-size: 14px;\">David Borbalan (\u0130spanya)<\/span><br \/>\n<span style=\"font-family: arial, helvetica, sans-serif; font-size: 14px;\">Cees Bakker (Hollanda)<\/span><br \/>\n<span style=\"font-family: arial, helvetica, sans-serif; font-size: 14px;\">Alan Snoddy (Kuzey \u0130rlanda)<\/span><br \/>\n<span style=\"font-family: arial, helvetica, sans-serif; font-size: 14px;\">Lucilio Batista (Portekiz)<\/span><br \/>\n<span style=\"font-family: arial, helvetica, sans-serif; font-size: 14px;\">Alexs Deaconu (Romanya)<\/span><br \/>\n<span style=\"font-family: arial, helvetica, sans-serif; font-size: 14px;\">William Young (\u0130sko\u00e7ya)<\/span><br \/>\n<span style=\"font-family: arial, helvetica, sans-serif; font-size: 14px;\">Bo Karlsson (\u0130sve\u00e7)<\/span><\/p>\n","protected":false},"excerpt":{"rendered":"<p>T\u00fcrkiye Futbol Federasyonu (TFF), Trendyol S\u00fcper Lig&#8217;de yabanc\u0131 TV g\u00f6zlemcisi uygulamas\u0131 ba\u015flayaca\u011f\u0131n\u0131 duyurdu. T\u00fcrkiye Futbol Federasyonu&#8217;nun T\u00fcrk hakemli\u011finin geli\u015fmesi amac\u0131yla<\/p>\n","protected":false},"author":3,"featured_media":18290,"comment_status":"open","ping_status":"open","sticky":false,"template":"","format":"standard","meta":{"colormag_page_container_layout":"default_layout","colormag_page_sidebar_layout":"default_layout","footnotes":""},"categories":[1,5,9],"tags":[],"class_list":["post-21787","post","type-post","status-publish","format-standard","has-post-thumbnail","hentry","category-genel","category-gundem","category-spor"],"_links":{"self":[{"href":"https:\/\/marmarayerelhizmet.com\/index.php\/wp-json\/wp\/v2\/posts\/21787","targetHints":{"allow":["GET"]}}],"collection":[{"href":"https:\/\/marmarayerelhizmet.com\/index.php\/wp-json\/wp\/v2\/posts"}],"about":[{"href":"https:\/\/marmarayerelhizmet.com\/index.php\/wp-json\/wp\/v2\/types\/post"}],"author":[{"embeddable":true,"href":"https:\/\/marmarayerelhizmet.com\/index.php\/wp-json\/wp\/v2\/users\/3"}],"replies":[{"embeddable":true,"href":"https:\/\/marmarayerelhizmet.com\/index.php\/wp-json\/wp\/v2\/comments?post=21787"}],"version-history":[{"count":0,"href":"https:\/\/marmarayerelhizmet.com\/index.php\/wp-json\/wp\/v2\/posts\/21787\/revisions"}],"wp:featuredmedia":[{"embeddable":true,"href":"https:\/\/marmarayerelhizmet.com\/index.php\/wp-json\/wp\/v2\/media\/18290"}],"wp:attachment":[{"href":"https:\/\/marmarayerelhizmet.com\/index.php\/wp-json\/wp\/v2\/media?parent=21787"}],"wp:term":[{"taxonomy":"category","embeddable":true,"href":"https:\/\/marmarayerelhizmet.com\/index.php\/wp-json\/wp\/v2\/categories?post=21787"},{"taxonomy":"post_tag","embeddable":true,"href":"https:\/\/marmarayerelhizmet.com\/index.php\/wp-json\/wp\/v2\/tags?post=21787"}],"curies":[{"name":"wp","href":"https:\/\/api.w.org\/{rel}","templated":true}]}}