{"id":21779,"date":"2024-02-15T15:26:09","date_gmt":"2024-02-15T12:26:09","guid":{"rendered":"https:\/\/marmarayerelhizmet.com\/?p=21779"},"modified":"2024-02-15T15:26:09","modified_gmt":"2024-02-15T12:26:09","slug":"baskan-orkan-esnaf-ile-kucaklasti","status":"publish","type":"post","link":"https:\/\/marmarayerelhizmet.com\/index.php\/2024\/02\/15\/baskan-orkan-esnaf-ile-kucaklasti\/","title":{"rendered":"Ba\u015fkan Orkan Esnaf ile Kucakla\u015ft\u0131"},"content":{"rendered":"<p><strong><span style=\"font-family: arial, helvetica, sans-serif; font-size: 14px;\">31 Mart yerel se\u00e7imlerinde yeniden Karesi\u2019den yeniden Cumhur \u0130ttifak\u0131 aday\u0131 g\u00f6sterilen Ba\u015fkan Din\u00e7er Orkan, il\u00e7e esnaf\u0131yla bir araya geldi. Esnaf Orkan\u2019\u0131 k\u0131rk y\u0131ll\u0131k dost gibi kar\u015f\u0131lad\u0131.<\/span><\/strong><\/p>\n<p><span style=\"font-family: arial, helvetica, sans-serif; font-size: 14px;\">Karesi Belediye Ba\u015fkan\u0131 Din\u00e7er Orkan, ger\u00e7ekle\u015ftirdi\u011fi esnaf ziyaretleriyle vatanda\u015fla hep i\u00e7 i\u00e7e olarak, se\u00e7im \u00e7al\u0131\u015fmalar\u0131n\u0131 s\u00fcrd\u00fcr\u00fcyor. G\u00f6reve geldi\u011fi g\u00fcnden bu yana s\u00fcrekli isti\u015fare ziyaretlerini s\u00fcrd\u00fcren Ba\u015fkan Orkan\u2019a esnaf ve vatanda\u015flar b\u00fcy\u00fck ilgi g\u00f6steriyor. Ba\u015fkan Orkan, esnaflar\u0131 ziyaret ederek, hem sohbet etti, hem de talep ve \u00f6nerileri dinleyip, 31 Mart yerel se\u00e7imlerinde destek istedi. Siyasi hayat\u0131 boyunca sahada birebir vatanda\u015flarla diyalog kurarak sorunlar\u0131 dinledi\u011fini ve \u00e7\u00f6z\u00fcm \u00fcretti\u011fini anlatan Orkan, se\u00e7imin ard\u0131ndan da ayn\u0131 \u015fekilde \u00e7al\u0131\u015fmaya devam edece\u011fini belirtti.<br \/>\n<\/span><br \/>\n<strong><span style=\"font-family: arial, helvetica, sans-serif; font-size: 14px;\">31 MART SE\u00c7\u0130MLER\u0130 \u0130\u00c7\u0130N DESTEK \u0130STED\u0130LER<\/span><\/strong><br \/>\n<span style=\"font-family: arial, helvetica, sans-serif; font-size: 14px;\">Se\u00e7im \u00e7al\u0131\u015fmalar\u0131na Demirciler Caddesi\u2019nde ba\u015flayan Ba\u015fkan Orkan\u2019a ziyaretlerinde AK Parti Karesi \u0130l\u00e7e Ba\u015fkan\u0131 Hakan Aka ve parti y\u00f6neticileri e\u015flik etti. Esnaflar taraf\u0131ndan k\u0131rk y\u0131ll\u0131k dost gibi kar\u015f\u0131lanan Orkan daha sonra Karizma pazaryerinde esnaflarla bulu\u015ftu. Karizma ziyaretinde AK Parti \u0130l Ba\u015fkan\u0131 Mehmet Aydemir ve Bal\u0131kesir B\u00fcy\u00fck\u015fehir Belediye Ba\u015fkan\u0131 ve aday\u0131 Y\u00fccel Y\u0131lmaz\u2019a yerald\u0131. Ba\u015fkan Y\u0131lmaz, Orkan, Aydemir ve Aka daha sonra K\u00fc\u00e7\u00fck Sanayi Sitesi\u2019nde esnafla bir araya geldi. Orkan burada yapt\u0131\u011f\u0131 a\u00e7\u0131klamada \u201cBiz her daim hem\u015fehrilerimizin yan\u0131nda ve hizmetindeyiz! Hem\u015fehrilerimiz de 31 Mart hedefimizde bizim yan\u0131m\u0131zda. Kentimizin g\u00fcler y\u00fczl\u00fc esnaf\u0131 ve al\u0131\u015fveri\u015f yapan hem\u015fehrilerimizle kucakla\u015ft\u0131k. Bizlere g\u00f6nl\u00fcn\u00fc a\u00e7an ve g\u00fcn\u00fcm\u00fcz\u00fc bereketlendiren t\u00fcm esnaf\u0131m\u0131za te\u015fekk\u00fcr ediyorum\u201d dedi.<\/span><br \/>\n<span style=\"font-family: arial, helvetica, sans-serif; font-size: 14px;\">Ba\u015fkan Orkan, ak\u015fam ise AK Parti \u0130l Ba\u015fkanl\u0131\u011f\u0131 taraf\u0131ndan d\u00fczenlenen y\u00fcr\u00fcy\u00fc\u015fe kat\u0131ld\u0131. Bal\u0131kesir B\u00fcy\u00fck\u015fehir Belediye Ba\u015fkan\u0131 ve aday\u0131 Y\u00fccel Y\u0131lmaz\u2019a da destek isteyen Ba\u015fkan Orkan, burada vatanda\u015flarla bir araya gelerek 31 Mart\u2019ta ya\u015fanacak olan co\u015fkuya davet etti.<\/span><\/p>\n","protected":false},"excerpt":{"rendered":"<p>31 Mart yerel se\u00e7imlerinde yeniden Karesi\u2019den yeniden Cumhur \u0130ttifak\u0131 aday\u0131 g\u00f6sterilen Ba\u015fkan Din\u00e7er Orkan, il\u00e7e esnaf\u0131yla bir araya geldi. Esnaf<\/p>\n","protected":false},"author":3,"featured_media":21780,"comment_status":"open","ping_status":"open","sticky":false,"template":"","format":"standard","meta":{"colormag_page_container_layout":"default_layout","colormag_page_sidebar_layout":"default_layout","footnotes":""},"categories":[1,5,8],"tags":[],"class_list":["post-21779","post","type-post","status-publish","format-standard","has-post-thumbnail","hentry","category-genel","category-gundem","category-siyaset"],"_links":{"self":[{"href":"https:\/\/marmarayerelhizmet.com\/index.php\/wp-json\/wp\/v2\/posts\/21779","targetHints":{"allow":["GET"]}}],"collection":[{"href":"https:\/\/marmarayerelhizmet.com\/index.php\/wp-json\/wp\/v2\/posts"}],"about":[{"href":"https:\/\/marmarayerelhizmet.com\/index.php\/wp-json\/wp\/v2\/types\/post"}],"author":[{"embeddable":true,"href":"https:\/\/marmarayerelhizmet.com\/index.php\/wp-json\/wp\/v2\/users\/3"}],"replies":[{"embeddable":true,"href":"https:\/\/marmarayerelhizmet.com\/index.php\/wp-json\/wp\/v2\/comments?post=21779"}],"version-history":[{"count":0,"href":"https:\/\/marmarayerelhizmet.com\/index.php\/wp-json\/wp\/v2\/posts\/21779\/revisions"}],"wp:featuredmedia":[{"embeddable":true,"href":"https:\/\/marmarayerelhizmet.com\/index.php\/wp-json\/wp\/v2\/media\/21780"}],"wp:attachment":[{"href":"https:\/\/marmarayerelhizmet.com\/index.php\/wp-json\/wp\/v2\/media?parent=21779"}],"wp:term":[{"taxonomy":"category","embeddable":true,"href":"https:\/\/marmarayerelhizmet.com\/index.php\/wp-json\/wp\/v2\/categories?post=21779"},{"taxonomy":"post_tag","embeddable":true,"href":"https:\/\/marmarayerelhizmet.com\/index.php\/wp-json\/wp\/v2\/tags?post=21779"}],"curies":[{"name":"wp","href":"https:\/\/api.w.org\/{rel}","templated":true}]}}