{"id":21742,"date":"2024-02-14T23:13:18","date_gmt":"2024-02-14T20:13:18","guid":{"rendered":"https:\/\/marmarayerelhizmet.com\/?p=21742"},"modified":"2024-02-14T23:13:18","modified_gmt":"2024-02-14T20:13:18","slug":"turkiye-ve-misir-arasinda-ortak-bildiri","status":"publish","type":"post","link":"https:\/\/marmarayerelhizmet.com\/index.php\/2024\/02\/14\/turkiye-ve-misir-arasinda-ortak-bildiri\/","title":{"rendered":"T\u00fcrkiye ve M\u0131s\u0131r Aras\u0131nda Ortak Bildiri"},"content":{"rendered":"<p><strong><span style=\"font-family: arial, helvetica, sans-serif; font-size: 14px;\">Cumhurba\u015fkan\u0131 Recep Tayyip Erdo\u011fan ve M\u0131s\u0131r Cumhurba\u015fkan\u0131 Abdulfettah es-Sisi, iki \u00fclke aras\u0131nda, Y\u00fcksek D\u00fczeyli Stratejik \u0130\u015fbirli\u011fi Konseyi Toplant\u0131lar\u0131n\u0131n Yeniden Yap\u0131land\u0131r\u0131lmas\u0131na \u0130li\u015fkin Ortak Bildiri&#8217;yi imzalad\u0131.<br \/>\n<\/span><\/strong><br \/>\n<span style=\"font-family: arial, helvetica, sans-serif; font-size: 14px;\">Cumhurba\u015fkan\u0131 Recep Tayyip Erdo\u011fan, resmi temaslarda bulunmak \u00fczere geldi\u011fi M\u0131s\u0131r&#8217;\u0131n ba\u015fkenti Kahire&#8217;de, M\u0131s\u0131r Cumhurba\u015fkan\u0131 Abdulfettah es-Sisi ile iki \u00fclke aras\u0131nda i\u015f birli\u011fi yap\u0131lmas\u0131na ili\u015fkin ortak bildiriye imza att\u0131.<\/span><br \/>\n<span style=\"font-family: arial, helvetica, sans-serif; font-size: 14px;\">T\u00fcrkiye ve M\u0131s\u0131r aras\u0131nda k\u00f6kl\u00fc, ortak tarihi ve k\u00fclt\u00fcrel ba\u011flar\u0131n bulundu\u011funa i\u015faret edilen bildiride, T\u00fcrkiye Cumhuriyeti ve M\u0131s\u0131r Arap Cumhuriyeti&#8217;nin, iki \u00fclkenin ve halklar\u0131n\u0131n ortak \u00e7\u0131karlar\u0131na hizmet edecek, b\u00f6lgelerinde ve \u00f6tesinde bar\u0131\u015f, istikrar, refah\u0131 te\u015fvik edecek dayan\u0131\u015fmalar\u0131n\u0131 ve i\u015f birliklerini geli\u015ftirmek amac\u0131yla g\u00fc\u00e7l\u00fc ili\u015fkilerini her alanda daha da peki\u015ftirme y\u00f6n\u00fcndeki kararl\u0131l\u0131klar\u0131n\u0131 teyit ettikleri vurguland\u0131.<\/span><br \/>\n<span style=\"font-family: arial, helvetica, sans-serif; font-size: 14px;\">Buna g\u00f6re, iki \u00fclkenin cumhurba\u015fkan\u0131, bundan sonraki Y\u00fcksek D\u00fczeyli Stratejik \u0130\u015fbirli\u011fi Konseyi toplant\u0131lar\u0131na e\u015f ba\u015fkanl\u0131k edecek. Konsey, 2 y\u0131lda bir d\u00f6n\u00fc\u015f\u00fcml\u00fc olarak T\u00fcrkiye ve M\u0131s\u0131r&#8217;da toplanacak. \u00c7al\u0131\u015fmalar\u0131n e\u015f g\u00fcd\u00fcm\u00fc ve her toplant\u0131 i\u00e7in g\u00fcndemin haz\u0131rlanmas\u0131, iki \u00fclkenin d\u0131\u015fi\u015fleri bakanlar\u0131nca \u00fcstlenilecek.<\/span><br \/>\n<span style=\"font-family: arial, helvetica, sans-serif; font-size: 14px;\">Y\u00fcksek D\u00fczeyli Stratejik \u0130\u015fbirli\u011fi Konseyi&#8217;ne haz\u0131rl\u0131k amac\u0131yla, iki \u00fclke d\u0131\u015fi\u015fleri bakanlar\u0131n\u0131n e\u015f ba\u015fkanl\u0131\u011f\u0131nda, di\u011fer ilgili bakanl\u0131klar ve kurumlar\u0131n \u00fcst d\u00fczey yetkililerinin bir araya gelece\u011fi Ortak Planlama Grubu toplant\u0131lar\u0131 d\u00fczenlenecek.<\/span><\/p>\n<p><strong><span style=\"font-family: arial, helvetica, sans-serif; font-size: 14px;\">T\u00fcrkiye ve M\u0131s\u0131r aras\u0131nda bir\u00e7ok alanda i\u015fbirli\u011fi yap\u0131lacak<\/span><\/strong><br \/>\n<span style=\"font-family: arial, helvetica, sans-serif; font-size: 14px;\">T\u00fcrkiye ve M\u0131s\u0131r aras\u0131ndaki mutabakat kapsam\u0131nda, &#8220;siyasi ve diplomatik, ekonomi, ticaret, bankac\u0131l\u0131k ve mali hizmetler, yat\u0131r\u0131mlar, ula\u015ft\u0131rma, havac\u0131l\u0131k, denizcilik, turizm, sa\u011fl\u0131k ve \u00e7al\u0131\u015fma, g\u00fcvenlik, askeri ve savunma sanayi, her t\u00fcrl\u00fc organize su\u00e7 ve ter\u00f6rle m\u00fccadele, k\u00fclt\u00fcr, e\u011fitim, bilim ve teknoloji, enerji, madencilik, tar\u0131m, \u00e7evre, ormanc\u0131l\u0131k, konutsal ve kentsel d\u00f6n\u00fc\u015f\u00fcm ile iklim de\u011fi\u015fikli\u011fi, ileti\u015fim ve enformasyon, konsolosluk i\u015fleri&#8221; alanlar\u0131nda i\u015f birli\u011fi yap\u0131lacak.<\/span><br \/>\n<span style=\"font-family: arial, helvetica, sans-serif; font-size: 14px;\">Bu alanlarda i\u015f birli\u011fini etkinle\u015ftirmek amac\u0131yla, her iki \u00fclkenin d\u0131\u015fi\u015fleri bakanlar\u0131 ile di\u011fer ilgili bakanlar\u0131, e\u015f g\u00fcd\u00fcm h\u00e2linde, gerekli Mutabakat Muht\u0131ralar\u0131n\u0131 ve Anla\u015fmalar\u0131 haz\u0131rlamak i\u00e7in gerekli t\u00fcm \u00f6nlemleri almak, onaylanmalar\u0131n\u0131 ve y\u00fcr\u00fcrl\u00fc\u011fe konulmalar\u0131n\u0131 sa\u011flamak ad\u0131na gerekli i\u00e7 i\u015flemlerin tamamlanmas\u0131yla g\u00f6revlendirildi.<\/span><\/p>\n","protected":false},"excerpt":{"rendered":"<p>Cumhurba\u015fkan\u0131 Recep Tayyip Erdo\u011fan ve M\u0131s\u0131r Cumhurba\u015fkan\u0131 Abdulfettah es-Sisi, iki \u00fclke aras\u0131nda, Y\u00fcksek D\u00fczeyli Stratejik \u0130\u015fbirli\u011fi Konseyi Toplant\u0131lar\u0131n\u0131n Yeniden Yap\u0131land\u0131r\u0131lmas\u0131na<\/p>\n","protected":false},"author":3,"featured_media":21743,"comment_status":"open","ping_status":"open","sticky":false,"template":"","format":"standard","meta":{"colormag_page_container_layout":"default_layout","colormag_page_sidebar_layout":"default_layout","footnotes":""},"categories":[1,5,8],"tags":[],"class_list":["post-21742","post","type-post","status-publish","format-standard","has-post-thumbnail","hentry","category-genel","category-gundem","category-siyaset"],"_links":{"self":[{"href":"https:\/\/marmarayerelhizmet.com\/index.php\/wp-json\/wp\/v2\/posts\/21742","targetHints":{"allow":["GET"]}}],"collection":[{"href":"https:\/\/marmarayerelhizmet.com\/index.php\/wp-json\/wp\/v2\/posts"}],"about":[{"href":"https:\/\/marmarayerelhizmet.com\/index.php\/wp-json\/wp\/v2\/types\/post"}],"author":[{"embeddable":true,"href":"https:\/\/marmarayerelhizmet.com\/index.php\/wp-json\/wp\/v2\/users\/3"}],"replies":[{"embeddable":true,"href":"https:\/\/marmarayerelhizmet.com\/index.php\/wp-json\/wp\/v2\/comments?post=21742"}],"version-history":[{"count":0,"href":"https:\/\/marmarayerelhizmet.com\/index.php\/wp-json\/wp\/v2\/posts\/21742\/revisions"}],"wp:featuredmedia":[{"embeddable":true,"href":"https:\/\/marmarayerelhizmet.com\/index.php\/wp-json\/wp\/v2\/media\/21743"}],"wp:attachment":[{"href":"https:\/\/marmarayerelhizmet.com\/index.php\/wp-json\/wp\/v2\/media?parent=21742"}],"wp:term":[{"taxonomy":"category","embeddable":true,"href":"https:\/\/marmarayerelhizmet.com\/index.php\/wp-json\/wp\/v2\/categories?post=21742"},{"taxonomy":"post_tag","embeddable":true,"href":"https:\/\/marmarayerelhizmet.com\/index.php\/wp-json\/wp\/v2\/tags?post=21742"}],"curies":[{"name":"wp","href":"https:\/\/api.w.org\/{rel}","templated":true}]}}