{"id":21719,"date":"2024-02-14T14:25:30","date_gmt":"2024-02-14T11:25:30","guid":{"rendered":"https:\/\/marmarayerelhizmet.com\/?p=21719"},"modified":"2024-02-14T14:25:30","modified_gmt":"2024-02-14T11:25:30","slug":"istanbul-universitesinde-ziyaretcilere-kisitlama-karari","status":"publish","type":"post","link":"https:\/\/marmarayerelhizmet.com\/index.php\/2024\/02\/14\/istanbul-universitesinde-ziyaretcilere-kisitlama-karari\/","title":{"rendered":"\u0130stanbul \u00dcniversitesi&#8217;nde Ziyaret\u00e7ilere K\u0131s\u0131tlama Karar\u0131"},"content":{"rendered":"<p><strong><span style=\"font-family: arial, helvetica, sans-serif; font-size: 14px;\">D\u00fcn itibariyle vatanda\u015flar\u0131n ziyaretine a\u00e7\u0131lan \u0130stanbul \u00dcniversitesi, yeni bir karar ald\u0131. Buna g\u00f6re vatanda\u015flar\u0131n \u00fcniversiteye giri\u015flerini k\u0131s\u0131tland\u0131. \u00dcniversiteden yap\u0131lan a\u00e7\u0131klamada vatanda\u015flar\u0131n hafta i\u00e7i 13:00-16:00 saatleri aras\u0131nda randevu olu\u015fturarak yerle\u015fkeyi k\u00fclt\u00fcrel olarak ziyaret edilece\u011fi belirtildi.<br \/>\n<\/span><\/strong><br \/>\n<span style=\"font-family: arial, helvetica, sans-serif; font-size: 14px;\">D\u00fcn vatanda\u015flar\u0131n ziyaretine a\u00e7\u0131lan \u0130stanbul \u00dcniversitesi, yeni bir kararla \u00fcniversiteye ziyaret\u00e7i giri\u015flerine k\u0131s\u0131tlama getirdi. Rekt\u00f6rl\u00fck binas\u0131n\u0131 ziyarete gelen vatanda\u015flar kap\u0131dan \u00e7evrilerek giri\u015flerine m\u00fcsaade edilmedi. \u00d6\u011frencilerin ise kimlik kartlar\u0131n\u0131 g\u00f6stererek giri\u015f yapt\u0131\u011f\u0131 dikkat \u00e7ekti. \u0130stanbul \u00dcniversitesi yapt\u0131\u011f\u0131 a\u00e7\u0131klama ile ziyaret\u00e7ilerin 13:00- 16:00 saatleri aras\u0131nda istanbul.edu.tr sayfas\u0131 \u00fczerinden randevu olu\u015fturarak yerle\u015fkeyi k\u00fclt\u00fcrel ziyaret edilece\u011fini belirtirken \u00f6\u011frenciler ise \u00fcniversitenin kap\u0131lar\u0131n\u0131n vatanda\u015flara ve turistlere tamamen kapat\u0131lmas\u0131 gerekti\u011fini dile getirdi.<br \/>\n<\/span><br \/>\n<strong><span style=\"font-family: arial, helvetica, sans-serif; font-size: 14px;\">\u201cNormalde \u00f6\u011frenci oldu\u011fum halde kap\u0131dan i\u00e7eri giremiyordum\u201d<\/span><\/strong><br \/>\n<span style=\"font-family: arial, helvetica, sans-serif; font-size: 14px;\">\u0130stanbul \u00dcniversitesi \u00f6\u011frencisi B\u00fcnyamin Umurbek, \u201cBen yakla\u015f\u0131k 3 y\u0131ld\u0131r bu okulda okuyorum. Normalde \u00f6\u011frencisi oldu\u011fum halde kap\u0131dan i\u00e7eri giremiyordum. D\u00fcn ise herkes elini kolunu sallayarak i\u00e7eri girdi. Bu uygulaman\u0131n do\u011fru oldu\u011funu d\u00fc\u015f\u00fcnm\u00fcyorum. Bug\u00fcn ise bir karar al\u0131nm\u0131\u015f \u015fu an i\u00e7eriye sivil al\u0131nm\u0131yor. \u015eu an \u00e7ok mutluyuz\u201d dedi.<br \/>\n<\/span><br \/>\n<strong><span style=\"font-family: arial, helvetica, sans-serif; font-size: 14px;\">\u201c\u00d6\u011frencilerin ders ortamlar\u0131na kadar girilmesini yanl\u0131\u015f oldu\u011funu d\u00fc\u015f\u00fcn\u00fcyorum\u201d<\/span><\/strong><br \/>\n<span style=\"font-family: arial, helvetica, sans-serif; font-size: 14px;\">\u0130stanbul \u00dcniversitesine ziyaret ama\u00e7l\u0131 geldi\u011fini ifade eden Hasan Pi\u015fkin, \u201cG\u00fcvenlik i\u00e7eri almad\u0131. Uygulaman\u0131n sabah 7\u2019den itibaren kald\u0131r\u0131ld\u0131\u011f\u0131n\u0131 s\u00f6ylediler. Ben bu uygulaman\u0131n do\u011fru oldu\u011funu d\u00fc\u015f\u00fcnm\u00fcyorum zaten. \u0130nsanlar \u00f6\u011frencilerin ders ortamlar\u0131na kadar girmi\u015fler bunun yanl\u0131\u015f bir karar oldu\u011funu d\u00fc\u015f\u00fcn\u00fcyorum\u201d \u015feklinde konu\u015ftu.<br \/>\n<\/span><br \/>\n<strong><span style=\"font-family: arial, helvetica, sans-serif; font-size: 14px;\">\u201cOkulumuz tarihi bir yer fakat bizler burada e\u011fitim al\u0131yoruz\u201d<\/span><\/strong><br \/>\n<span style=\"font-family: arial, helvetica, sans-serif; font-size: 14px;\">\u0130stanbul \u00dcniversitesi \u00f6\u011frenci Ela Nalbur ise, \u201cOkulumuzda bu uygulaman\u0131n olmas\u0131n\u0131 do\u011fru bulmuyorum. Okulumuz evet tarihi bir yer fakat ama bizler burada e\u011fitim al\u0131yoruz. O y\u00fczden herkesin i\u00e7eride gezmesini do\u011fru bulmuyorum\u201d diye konu\u015ftu.<\/span><\/p>\n","protected":false},"excerpt":{"rendered":"<p>D\u00fcn itibariyle vatanda\u015flar\u0131n ziyaretine a\u00e7\u0131lan \u0130stanbul \u00dcniversitesi, yeni bir karar ald\u0131. Buna g\u00f6re vatanda\u015flar\u0131n \u00fcniversiteye giri\u015flerini k\u0131s\u0131tland\u0131. \u00dcniversiteden yap\u0131lan a\u00e7\u0131klamada<\/p>\n","protected":false},"author":3,"featured_media":21720,"comment_status":"open","ping_status":"open","sticky":false,"template":"","format":"standard","meta":{"colormag_page_container_layout":"default_layout","colormag_page_sidebar_layout":"default_layout","footnotes":""},"categories":[1,45,5],"tags":[],"class_list":["post-21719","post","type-post","status-publish","format-standard","has-post-thumbnail","hentry","category-genel","category-egitim","category-gundem"],"_links":{"self":[{"href":"https:\/\/marmarayerelhizmet.com\/index.php\/wp-json\/wp\/v2\/posts\/21719","targetHints":{"allow":["GET"]}}],"collection":[{"href":"https:\/\/marmarayerelhizmet.com\/index.php\/wp-json\/wp\/v2\/posts"}],"about":[{"href":"https:\/\/marmarayerelhizmet.com\/index.php\/wp-json\/wp\/v2\/types\/post"}],"author":[{"embeddable":true,"href":"https:\/\/marmarayerelhizmet.com\/index.php\/wp-json\/wp\/v2\/users\/3"}],"replies":[{"embeddable":true,"href":"https:\/\/marmarayerelhizmet.com\/index.php\/wp-json\/wp\/v2\/comments?post=21719"}],"version-history":[{"count":0,"href":"https:\/\/marmarayerelhizmet.com\/index.php\/wp-json\/wp\/v2\/posts\/21719\/revisions"}],"wp:featuredmedia":[{"embeddable":true,"href":"https:\/\/marmarayerelhizmet.com\/index.php\/wp-json\/wp\/v2\/media\/21720"}],"wp:attachment":[{"href":"https:\/\/marmarayerelhizmet.com\/index.php\/wp-json\/wp\/v2\/media?parent=21719"}],"wp:term":[{"taxonomy":"category","embeddable":true,"href":"https:\/\/marmarayerelhizmet.com\/index.php\/wp-json\/wp\/v2\/categories?post=21719"},{"taxonomy":"post_tag","embeddable":true,"href":"https:\/\/marmarayerelhizmet.com\/index.php\/wp-json\/wp\/v2\/tags?post=21719"}],"curies":[{"name":"wp","href":"https:\/\/api.w.org\/{rel}","templated":true}]}}