{"id":21689,"date":"2024-02-14T12:58:27","date_gmt":"2024-02-14T09:58:27","guid":{"rendered":"https:\/\/marmarayerelhizmet.com\/?p=21689"},"modified":"2024-02-14T12:58:27","modified_gmt":"2024-02-14T09:58:27","slug":"istanbullularin-yeni-bulusma-noktasi","status":"publish","type":"post","link":"https:\/\/marmarayerelhizmet.com\/index.php\/2024\/02\/14\/istanbullularin-yeni-bulusma-noktasi\/","title":{"rendered":"\u0130stanbullular\u0131n Yeni Bulu\u015fma Noktas\u0131"},"content":{"rendered":"<p><strong><span style=\"font-family: arial, helvetica, sans-serif; font-size: 14px;\">\u2018Ey\u00fcpsultan Seyir Teras\u0131\u2019n\u0131n hizmete a\u00e7\u0131lmas\u0131na say\u0131l\u0131 g\u00fcnler kald\u0131. Seyir Teras\u0131, a\u00e7\u0131l\u0131\u015f\u0131n\u0131n ard\u0131ndan e\u015fsiz Hali\u00e7 manzaras\u0131yla Ey\u00fcpsultanl\u0131lar\u0131n oldu\u011fu kadar t\u00fcm \u0130stanbullular\u0131n da yeni bulu\u015fma noktas\u0131 olacak.<br \/>\n<\/span><\/strong><br \/>\n<span style=\"font-family: arial, helvetica, sans-serif; font-size: 14px;\">\u0130stanbullular\u0131n yeni bulu\u015fma noktas\u0131 Ey\u00fcpsultan seyir teras\u0131 hizmete a\u00e7\u0131lacak. Tarihi yar\u0131maday\u0131 ve Hali\u00e7\u2019i panaromik bir \u015fekilde g\u00f6zler \u00f6n\u00fcne seren Ey\u00fcpsultan Seyir Teras\u0131\u2019nda vatanda\u015flar, \u00e7ay ve kahvelerini yudumlarken \u0130stanbul\u2019un e\u015fsiz manzaras\u0131n\u0131n keyfini de doyas\u0131ya \u00e7\u0131karabilecek. Yakla\u015f\u0131k 20 bin metrekare alan \u00fczerine kurulan seyir teras\u0131, ko\u015fu ve y\u00fcr\u00fcy\u00fc\u015f yollar\u0131, \u00e7ocuklar i\u00e7in oyun alanlar\u0131, pergola, \u00e7ardak, \u00e7imenlik alanlar\u0131yla \u0130stanbul\u2019un en g\u00f6zde mekanlar\u0131ndan biri olmaya aday olan \u2018Manzaram Ey\u00fcpsultan\u2019da vatanda\u015flar, aileleriyle birlikte huzurlu ve keyifli bir g\u00fcn ge\u00e7irmenin mutlulu\u011funu doyas\u0131ya ya\u015fayabilecek.<\/span><\/p>\n<p><strong><span style=\"font-family: arial, helvetica, sans-serif; font-size: 14px;\">\u2018Manzaram Ey\u00fcpsultan\u2019 misafirlerini a\u011f\u0131rlamaya ba\u015flad\u0131<\/span><\/strong><br \/>\n<span style=\"font-family: arial, helvetica, sans-serif; font-size: 14px;\">\u00c7evre ve peyzaj d\u00fczenlenmesinin tamamlanmas\u0131yla birlikte yak\u0131n zamanda tamamen hizmete a\u00e7\u0131lacak olan Seyir Teras\u0131\u2019n\u0131n i\u00e7inde bulunan Ey\u00fcpsultan Belediyesi\u2019nin yeni sosyal tesisi Manzaram Ey\u00fcpsultan ise \u015fimdiden misafirlerini a\u011f\u0131rlamaya ba\u015flad\u0131.<br \/>\n<\/span><br \/>\n<strong><span style=\"font-family: arial, helvetica, sans-serif; font-size: 14px;\">Enfes yemekler e\u015fsiz bir manzara: Manzaram Ey\u00fcpsultan<\/span><\/strong><br \/>\n<span style=\"font-family: arial, helvetica, sans-serif; font-size: 14px;\">Manzaram Ey\u00fcpsultan, kahvalt\u0131 taba\u011f\u0131, tost ve sandvi\u00e7 \u00e7e\u015fitleri, ara s\u0131caklar, salatalar, makarnalar, s\u0131cak &#8211; so\u011fuk i\u00e7ecekleri, ana yemekleri ve birbirinden lezzetli tatl\u0131 \u00e7e\u015fitleriyle misafirlerine e\u015fsiz bir yemek deneyimi sunuyor. Kapal\u0131 ve a\u00e7\u0131k ferah oturma alanlar\u0131yla yaz k\u0131\u015f a\u00e7\u0131k olan, haftan\u0131n yedi g\u00fcn\u00fc 08.30 &#8211; 22.00 saatleri aras\u0131nda hizmet veren Manzaram Ey\u00fcpsultan, hem ekonomik hem de leziz ve alternatif tatlar\u0131yla misafirlerini bekliyor.<\/span><\/p>\n","protected":false},"excerpt":{"rendered":"<p>\u2018Ey\u00fcpsultan Seyir Teras\u0131\u2019n\u0131n hizmete a\u00e7\u0131lmas\u0131na say\u0131l\u0131 g\u00fcnler kald\u0131. Seyir Teras\u0131, a\u00e7\u0131l\u0131\u015f\u0131n\u0131n ard\u0131ndan e\u015fsiz Hali\u00e7 manzaras\u0131yla Ey\u00fcpsultanl\u0131lar\u0131n oldu\u011fu kadar t\u00fcm \u0130stanbullular\u0131n<\/p>\n","protected":false},"author":3,"featured_media":21690,"comment_status":"open","ping_status":"open","sticky":false,"template":"","format":"standard","meta":{"colormag_page_container_layout":"default_layout","colormag_page_sidebar_layout":"default_layout","footnotes":""},"categories":[1,5,8],"tags":[],"class_list":["post-21689","post","type-post","status-publish","format-standard","has-post-thumbnail","hentry","category-genel","category-gundem","category-siyaset"],"_links":{"self":[{"href":"https:\/\/marmarayerelhizmet.com\/index.php\/wp-json\/wp\/v2\/posts\/21689","targetHints":{"allow":["GET"]}}],"collection":[{"href":"https:\/\/marmarayerelhizmet.com\/index.php\/wp-json\/wp\/v2\/posts"}],"about":[{"href":"https:\/\/marmarayerelhizmet.com\/index.php\/wp-json\/wp\/v2\/types\/post"}],"author":[{"embeddable":true,"href":"https:\/\/marmarayerelhizmet.com\/index.php\/wp-json\/wp\/v2\/users\/3"}],"replies":[{"embeddable":true,"href":"https:\/\/marmarayerelhizmet.com\/index.php\/wp-json\/wp\/v2\/comments?post=21689"}],"version-history":[{"count":0,"href":"https:\/\/marmarayerelhizmet.com\/index.php\/wp-json\/wp\/v2\/posts\/21689\/revisions"}],"wp:featuredmedia":[{"embeddable":true,"href":"https:\/\/marmarayerelhizmet.com\/index.php\/wp-json\/wp\/v2\/media\/21690"}],"wp:attachment":[{"href":"https:\/\/marmarayerelhizmet.com\/index.php\/wp-json\/wp\/v2\/media?parent=21689"}],"wp:term":[{"taxonomy":"category","embeddable":true,"href":"https:\/\/marmarayerelhizmet.com\/index.php\/wp-json\/wp\/v2\/categories?post=21689"},{"taxonomy":"post_tag","embeddable":true,"href":"https:\/\/marmarayerelhizmet.com\/index.php\/wp-json\/wp\/v2\/tags?post=21689"}],"curies":[{"name":"wp","href":"https:\/\/api.w.org\/{rel}","templated":true}]}}