{"id":21676,"date":"2024-02-14T09:47:59","date_gmt":"2024-02-14T06:47:59","guid":{"rendered":"https:\/\/marmarayerelhizmet.com\/?p=21676"},"modified":"2024-02-14T09:47:59","modified_gmt":"2024-02-14T06:47:59","slug":"kadir-topbas-anildi","status":"publish","type":"post","link":"https:\/\/marmarayerelhizmet.com\/index.php\/2024\/02\/14\/kadir-topbas-anildi\/","title":{"rendered":"Kadir Topba\u015f An\u0131ld\u0131"},"content":{"rendered":"<p><strong><span style=\"font-family: arial, helvetica, sans-serif; font-size: 14px;\">Esenler Belediyesi, \u0130stanbul B\u00fcy\u00fck\u015fehir Belediyesi (\u0130BB) eski Ba\u015fkan\u0131 Kadir Topba\u015f&#8217;\u0131 vefat\u0131n\u0131n 3. y\u0131l d\u00f6n\u00fcm\u00fcnde d\u00fczenlenen bir programla and\u0131.<br \/>\n<\/span><\/strong><br \/>\n<span style=\"font-family: arial, helvetica, sans-serif; font-size: 14px;\">Esenler Belediyesi, \u201c\u0130stanbul\u2019un Kadir Abisi\u201d olarak tan\u0131nan \u0130stanbul B\u00fcy\u00fck\u015fehir Belediyesi (\u0130BB) eski Ba\u015fkan\u0131 merhum Mimar Dr. Kadir Topba\u015f\u2019\u0131, \u201cVefat\u0131n\u0131n 3. Y\u0131l\u0131nda Kadir Topba\u015f\u201d adl\u0131 programla an\u0131ld\u0131. Program Esenler&#8217;de bulunan ve Topba\u015f\u2019\u0131n ad\u0131n\u0131 ta\u015f\u0131yan Dr. Kadir Topba\u015f K\u00fclt\u00fcr Sanat Merkezi&#8217;nde ger\u00e7ekle\u015fti. Programa, Esenler Belediye Ba\u015fkan\u0131 M. Tevfik G\u00f6ksu, Topba\u015f\u2019\u0131n ailesi, yak\u0131n \u00e7al\u0131\u015fma arkada\u015flar\u0131 ve \u00e7ok say\u0131da seveni kat\u0131ld\u0131.<\/span><\/p>\n<p><strong><span style=\"font-family: arial, helvetica, sans-serif; font-size: 14px;\">Ba\u015fkan G\u00f6ksu&#8217;dan duyguland\u0131ran konu\u015fma<\/span><\/strong><br \/>\n<span style=\"font-family: arial, helvetica, sans-serif; font-size: 14px;\">Dr. Kadir Topba\u015f\u2019\u0131 anma program\u0131nda konu\u015fan Esenler Belediye Ba\u015fkan\u0131 M. Tevfik G\u00f6ksu, \u201cKadir Topba\u015f&#8217;\u0131n vefat\u0131ndan sonra \u00f6yle bir \u015fey yapmam laz\u0131m ki \u0130stanbul\u2019da bu eme\u011fin kar\u015f\u0131l\u0131\u011f\u0131n\u0131 bir \u015fey olup bunu anlaml\u0131 bir hale getirmek laz\u0131m. Say\u0131n Cumhurba\u015fkan\u0131m\u0131za konuyu a\u00e7t\u0131m. \u2018Efendim \u0130stanbul\u2019da bir yeri Kadir abimizin ismini vermek istiyorum\u2019 dedim. Ben bu c\u00fcmleyi s\u00f6yledikten Cumhurba\u015fkan\u0131m\u0131z her g\u00fcn beni takip etti. Muhalefetle g\u00f6r\u00fc\u015fmeye ba\u015flad\u0131m. Muhalefette sa\u011f olsunlar sayg\u0131l\u0131 davrand\u0131lar. \u0130stanbul\u2019da anlaml\u0131 bir proje Yenikap\u0131\u2019da merkeze rahmetli Kadir abimizin ismini verdik. Her ge\u00e7ti\u011fimde bak\u0131yorum, beni mutlu ediyor. Kadir abinin yan\u0131nda yeti\u015fmi\u015f olarak ona kar\u015f\u0131 dostlu\u011fumu, karde\u015fli\u011fimi g\u00f6stermi\u015f oldu\u011fumu hazz\u0131n\u0131 ya\u015f\u0131yorum\u201d dedi.<\/span><\/p>\n","protected":false},"excerpt":{"rendered":"<p>Esenler Belediyesi, \u0130stanbul B\u00fcy\u00fck\u015fehir Belediyesi (\u0130BB) eski Ba\u015fkan\u0131 Kadir Topba\u015f&#8217;\u0131 vefat\u0131n\u0131n 3. y\u0131l d\u00f6n\u00fcm\u00fcnde d\u00fczenlenen bir programla and\u0131. Esenler Belediyesi,<\/p>\n","protected":false},"author":3,"featured_media":21677,"comment_status":"open","ping_status":"open","sticky":false,"template":"","format":"standard","meta":{"colormag_page_container_layout":"default_layout","colormag_page_sidebar_layout":"default_layout","footnotes":""},"categories":[1,5,8],"tags":[],"class_list":["post-21676","post","type-post","status-publish","format-standard","has-post-thumbnail","hentry","category-genel","category-gundem","category-siyaset"],"_links":{"self":[{"href":"https:\/\/marmarayerelhizmet.com\/index.php\/wp-json\/wp\/v2\/posts\/21676","targetHints":{"allow":["GET"]}}],"collection":[{"href":"https:\/\/marmarayerelhizmet.com\/index.php\/wp-json\/wp\/v2\/posts"}],"about":[{"href":"https:\/\/marmarayerelhizmet.com\/index.php\/wp-json\/wp\/v2\/types\/post"}],"author":[{"embeddable":true,"href":"https:\/\/marmarayerelhizmet.com\/index.php\/wp-json\/wp\/v2\/users\/3"}],"replies":[{"embeddable":true,"href":"https:\/\/marmarayerelhizmet.com\/index.php\/wp-json\/wp\/v2\/comments?post=21676"}],"version-history":[{"count":0,"href":"https:\/\/marmarayerelhizmet.com\/index.php\/wp-json\/wp\/v2\/posts\/21676\/revisions"}],"wp:featuredmedia":[{"embeddable":true,"href":"https:\/\/marmarayerelhizmet.com\/index.php\/wp-json\/wp\/v2\/media\/21677"}],"wp:attachment":[{"href":"https:\/\/marmarayerelhizmet.com\/index.php\/wp-json\/wp\/v2\/media?parent=21676"}],"wp:term":[{"taxonomy":"category","embeddable":true,"href":"https:\/\/marmarayerelhizmet.com\/index.php\/wp-json\/wp\/v2\/categories?post=21676"},{"taxonomy":"post_tag","embeddable":true,"href":"https:\/\/marmarayerelhizmet.com\/index.php\/wp-json\/wp\/v2\/tags?post=21676"}],"curies":[{"name":"wp","href":"https:\/\/api.w.org\/{rel}","templated":true}]}}