{"id":21671,"date":"2024-02-14T00:50:16","date_gmt":"2024-02-13T21:50:16","guid":{"rendered":"https:\/\/marmarayerelhizmet.com\/?p=21671"},"modified":"2024-02-14T00:53:09","modified_gmt":"2024-02-13T21:53:09","slug":"yilmaza-samimiyetin-ve-sevginin-tarifi-yok","status":"publish","type":"post","link":"https:\/\/marmarayerelhizmet.com\/index.php\/2024\/02\/14\/yilmaza-samimiyetin-ve-sevginin-tarifi-yok\/","title":{"rendered":"Y\u0131lmaz\u2019a Samimiyetin ve Sevginin Tarifi Yok"},"content":{"rendered":"<p><strong><span style=\"font-family: arial, helvetica, sans-serif; font-size: 14px;\">Y\u0131llard\u0131r ad\u0131m att\u0131\u011f\u0131 her noktada bir eser, bir hizmet, bir g\u00fcler y\u00fcz b\u0131rakan Bal\u0131kesir B\u00fcy\u00fck\u015fehir Belediye Ba\u015fkan\u0131 Y\u00fccel Y\u0131lmaz il\u00e7e il\u00e7e, sokak sokak dola\u015farak; \u015fehri birlik, beraberlik ruhu i\u00e7erisinde ve ortak ak\u0131l ile y\u00f6netmeye devam edeceklerinin mesaj\u0131n\u0131 veriyor.<\/span><\/strong><\/p>\n<p><span style=\"font-family: arial, helvetica, sans-serif; font-size: 14px;\">5 y\u0131l Karesi Belediye Ba\u015fkanl\u0131\u011f\u0131, 5 y\u0131l da Bal\u0131kesir B\u00fcy\u00fck\u015fehir Belediye Ba\u015fkanl\u0131\u011f\u0131 g\u00f6revini lay\u0131k\u0131yla yerine getiren, T\u00fcrkiye\u2019yi bir\u00e7ok konuda yurtd\u0131\u015f\u0131nda temsil eden ayn\u0131 zamanda T\u00fcrkiye Belediyeler Birli\u011fi Ba\u015fkanl\u0131\u011f\u0131n\u0131 s\u00fcrd\u00fcren Y\u00fccel Y\u0131lmaz, \u015fehri kar\u0131\u015f kar\u0131\u015f gezerek yapt\u0131klar\u0131n\u0131n \u00fczerine daha da neler katabilece\u011fini anlat\u0131yor. Ba\u015fkan Y\u0131lmaz\u2019a ziyaretlerinde AK Parti Genel Ba\u015fkan Yard\u0131mc\u0131s\u0131 milletvekili Belgin Uygur, AK Parti \u0130l Ba\u015fkan\u0131 Mehmet Aydemir, AK Parti Milletvekili Mustafa Canbey, MHP \u0130l Ba\u015fkan\u0131 Niyazi Tun\u00e7, AK kadrolar ve Cumhur \u0130ttifak\u0131\u2019n\u0131n temsilcileri de e\u015flik ediyor.<\/span><\/p>\n<p><strong><span style=\"font-family: arial, helvetica, sans-serif; font-size: 14px;\">BA\u015eKAN YILMAZ\u2019A Y\u00dcREKTEN SEVG\u0130 <\/span><\/strong><br \/>\n<span style=\"font-family: arial, helvetica, sans-serif; font-size: 14px;\">Gitti\u011fi her il\u00e7ede, her esnafta, her evde, her parkta g\u00f6n\u00fcllere giren Ba\u015fkan Y\u0131lmaz\u2019a vatanda\u015flardan y\u00fcrekten sar\u0131l\u0131yor. Ba\u015fkan Y\u0131lmaz, Cumhurba\u015fkan\u0131 Recep Tayyip Erdo\u011fan\u2019\u0131n tensipleri ile \u0130l\u00e7e Belediye Ba\u015fkan Aday\u0131 olarak g\u00f6sterilen Alt\u0131eyl\u00fcl\u2019de Mesut Eray, Band\u0131rma\u2019da Cemal \u00d6ztaylan, Edremit\u2019te Muhammed Vurmaz, G\u00f6me\u00e7\u2019te Kaz\u0131m Arslan, Sava\u015ftepe\u2019de \u00dcmmet \u015eamil Zengin, Manyas\u2019ta \u0130brahim Koman ve AK Parti\u2019nin te\u015fkilatlar\u0131 ile \u00e7almad\u0131k kap\u0131, dokunmad\u0131k y\u00fcrek b\u0131rakm\u0131yorlar.<\/span><\/p>\n<p><strong><span style=\"font-family: arial, helvetica, sans-serif; font-size: 14px;\">SAM\u0130M\u0130YET\u0130N\u0130N VE SEVG\u0130S\u0130N\u0130N TAR\u0130F\u0130 YOK<\/span><\/strong><br \/>\n<span style=\"font-family: arial, helvetica, sans-serif; font-size: 14px;\">\u015eehri ortak ak\u0131l ile y\u00f6nettiklerinin, birlik ve beraberlik ruhuyla hizmet etmeye devam edeceklerinin alt\u0131n\u0131 \u00e7izen Ba\u015fkan Y\u0131lmaz, \u201cOmuz omuza, Bal\u0131kesir i\u00e7in gece g\u00fcnd\u00fcz \u00e7al\u0131\u015fmaya haz\u0131r ve kararl\u0131y\u0131z. Vatanda\u015flar\u0131m\u0131z\u0131n bize kar\u015f\u0131 samimiyetinin ve sevgisinin tarifi yok. \u00d6zveri, kararl\u0131l\u0131kla ve ilk g\u00fcnk\u00fc a\u015fk ile yola devam ediyoruz\u201d dedi.<img decoding=\"async\" class=\" wp-image-21674 alignright\" src=\"https:\/\/marmarayerelhizmet.com\/wp-content\/uploads\/2024\/02\/Samimiyetin-ve-sevginin-tarifi-yok-6-266x300.jpg\" alt=\"\" width=\"1378\" height=\"1554\" srcset=\"https:\/\/marmarayerelhizmet.com\/wp-content\/uploads\/2024\/02\/Samimiyetin-ve-sevginin-tarifi-yok-6-266x300.jpg 266w, https:\/\/marmarayerelhizmet.com\/wp-content\/uploads\/2024\/02\/Samimiyetin-ve-sevginin-tarifi-yok-6-908x1024.jpg 908w, https:\/\/marmarayerelhizmet.com\/wp-content\/uploads\/2024\/02\/Samimiyetin-ve-sevginin-tarifi-yok-6-768x866.jpg 768w, https:\/\/marmarayerelhizmet.com\/wp-content\/uploads\/2024\/02\/Samimiyetin-ve-sevginin-tarifi-yok-6-1362x1536.jpg 1362w, https:\/\/marmarayerelhizmet.com\/wp-content\/uploads\/2024\/02\/Samimiyetin-ve-sevginin-tarifi-yok-6-1816x2048.jpg 1816w\" sizes=\"(max-width: 1378px) 100vw, 1378px\" \/><\/span><\/p>\n","protected":false},"excerpt":{"rendered":"<p>Y\u0131llard\u0131r ad\u0131m att\u0131\u011f\u0131 her noktada bir eser, bir hizmet, bir g\u00fcler y\u00fcz b\u0131rakan Bal\u0131kesir B\u00fcy\u00fck\u015fehir Belediye Ba\u015fkan\u0131 Y\u00fccel Y\u0131lmaz il\u00e7e<\/p>\n","protected":false},"author":3,"featured_media":21672,"comment_status":"open","ping_status":"open","sticky":false,"template":"","format":"standard","meta":{"colormag_page_container_layout":"default_layout","colormag_page_sidebar_layout":"default_layout","footnotes":""},"categories":[1,5,8],"tags":[],"class_list":["post-21671","post","type-post","status-publish","format-standard","has-post-thumbnail","hentry","category-genel","category-gundem","category-siyaset"],"_links":{"self":[{"href":"https:\/\/marmarayerelhizmet.com\/index.php\/wp-json\/wp\/v2\/posts\/21671","targetHints":{"allow":["GET"]}}],"collection":[{"href":"https:\/\/marmarayerelhizmet.com\/index.php\/wp-json\/wp\/v2\/posts"}],"about":[{"href":"https:\/\/marmarayerelhizmet.com\/index.php\/wp-json\/wp\/v2\/types\/post"}],"author":[{"embeddable":true,"href":"https:\/\/marmarayerelhizmet.com\/index.php\/wp-json\/wp\/v2\/users\/3"}],"replies":[{"embeddable":true,"href":"https:\/\/marmarayerelhizmet.com\/index.php\/wp-json\/wp\/v2\/comments?post=21671"}],"version-history":[{"count":0,"href":"https:\/\/marmarayerelhizmet.com\/index.php\/wp-json\/wp\/v2\/posts\/21671\/revisions"}],"wp:featuredmedia":[{"embeddable":true,"href":"https:\/\/marmarayerelhizmet.com\/index.php\/wp-json\/wp\/v2\/media\/21672"}],"wp:attachment":[{"href":"https:\/\/marmarayerelhizmet.com\/index.php\/wp-json\/wp\/v2\/media?parent=21671"}],"wp:term":[{"taxonomy":"category","embeddable":true,"href":"https:\/\/marmarayerelhizmet.com\/index.php\/wp-json\/wp\/v2\/categories?post=21671"},{"taxonomy":"post_tag","embeddable":true,"href":"https:\/\/marmarayerelhizmet.com\/index.php\/wp-json\/wp\/v2\/tags?post=21671"}],"curies":[{"name":"wp","href":"https:\/\/api.w.org\/{rel}","templated":true}]}}