{"id":21667,"date":"2024-02-13T19:24:37","date_gmt":"2024-02-13T16:24:37","guid":{"rendered":"https:\/\/marmarayerelhizmet.com\/?p=21667"},"modified":"2024-02-13T19:24:37","modified_gmt":"2024-02-13T16:24:37","slug":"baunde-bisiklet-hareketliligi-basladi","status":"publish","type":"post","link":"https:\/\/marmarayerelhizmet.com\/index.php\/2024\/02\/13\/baunde-bisiklet-hareketliligi-basladi\/","title":{"rendered":"BA\u00dcN\u2019de, Bisiklet Hareketlili\u011fi Ba\u015flad\u0131"},"content":{"rendered":"<p><strong><span style=\"font-family: arial, helvetica, sans-serif; font-size: 14px;\">Bal\u0131kesir \u00dcniversitesinde, bisiklet hareketlili\u011fini desteklemek ve fark\u0131ndal\u0131k olu\u015fturmak amac\u0131yla, \u201cBisiklet Hareketlili\u011fine Sen De Kat\u0131l\u201d temal\u0131 bisiklet turu d\u00fczenlendi.<br \/>\n<\/span><\/strong><br \/>\n<span style=\"font-family: arial, helvetica, sans-serif; font-size: 14px;\">ba\u00fcn \u00c7a\u011f\u0131\u015f Yerle\u015fkesinde ger\u00e7ekle\u015fen etkinlikte, Sa\u011fl\u0131k K\u00fclt\u00fcr ve Spor Daire Ba\u015fkanl\u0131\u011f\u0131 b\u00fcnyesindeki Bisiklet Toplulu\u011fu \u00fcyesi \u00f6\u011frenciler, Kuva-yi Milliye Kap\u0131s\u0131nda bulu\u015farak, Sa\u011fl\u0131k Bakanl\u0131\u011f\u0131 taraf\u0131ndan \u00fcniversiteye temin edilen bisikletleriyle yerle\u015fke turu ger\u00e7ekle\u015ftirdi.<\/span><br \/>\n<span style=\"font-family: arial, helvetica, sans-serif; font-size: 14px;\">Rekt\u00f6r Prof. Dr. Y\u00fccel O\u011furlu&#8217;da yerle\u015fke boyunca pedallayan \u00f6\u011frencilerle rekt\u00f6rl\u00fck \u00f6n\u00fcnde bir araya geldi. \u00dcniversite \u00fcst y\u00f6netiminin de e\u015flik etti\u011fi Rekt\u00f6r Prof. Dr. O\u011furlu, spor dostu \u00fcniversite kimli\u011fi ile bisiklet hareketlili\u011fini desteklediklerini dile getirdi. Bal\u0131kesir B\u00fcy\u00fck\u015fehir Belediyesinin destekleriyle yerle\u015fkede bisiklet yollar\u0131n\u0131n ayr\u0131larak d\u00fczenlendi\u011fini belirten Rekt\u00f6r O\u011furlu, \u00f6\u011frencilerin taleplerini de dikkate alarak yerle\u015fkedeki bisiklet hareketlili\u011fini ve sosyal, k\u00fclt\u00fcrel ve sportif faaliyetleri desteklemeyi s\u00fcrd\u00fcreceklerini s\u00f6zlerine ekledi. Bisiklet Toplulu\u011fu Akademik Dan\u0131\u015fman\u0131 Ar\u015f. G\u00f6r. \u0130brahim Misir ve topluluk \u00fcyesi \u00f6\u011frenciler de ilgi ve destekleri i\u00e7in Rekt\u00f6r Prof. O\u011furlu\u2019ya te\u015fekk\u00fcr ederek, Bal\u0131kesir \u00dcniversitesi \u00f6\u011frencilerini de toplulu\u011fun etkinliklerine kat\u0131lmaya davet etti.<\/span><br \/>\n<span style=\"font-family: arial, helvetica, sans-serif; font-size: 14px;\">Bisiklet Toplulu\u011fu, faaliyetlerini; BA\u00dcN Alparslan T\u00fcrke\u015f Stadyumu i\u00e7erisinde, Bal\u0131kesir B\u00fcy\u00fck\u015fehir Belediyesi destekleriyle kurulan topluluk odas\u0131 ve at\u00f6lyede s\u00fcrd\u00fcr\u00fcyor.<\/span><\/p>\n","protected":false},"excerpt":{"rendered":"<p>Bal\u0131kesir \u00dcniversitesinde, bisiklet hareketlili\u011fini desteklemek ve fark\u0131ndal\u0131k olu\u015fturmak amac\u0131yla, \u201cBisiklet Hareketlili\u011fine Sen De Kat\u0131l\u201d temal\u0131 bisiklet turu d\u00fczenlendi. ba\u00fcn \u00c7a\u011f\u0131\u015f<\/p>\n","protected":false},"author":3,"featured_media":21668,"comment_status":"open","ping_status":"open","sticky":false,"template":"","format":"standard","meta":{"colormag_page_container_layout":"default_layout","colormag_page_sidebar_layout":"default_layout","footnotes":""},"categories":[1,45,5,9],"tags":[],"class_list":["post-21667","post","type-post","status-publish","format-standard","has-post-thumbnail","hentry","category-genel","category-egitim","category-gundem","category-spor"],"_links":{"self":[{"href":"https:\/\/marmarayerelhizmet.com\/index.php\/wp-json\/wp\/v2\/posts\/21667","targetHints":{"allow":["GET"]}}],"collection":[{"href":"https:\/\/marmarayerelhizmet.com\/index.php\/wp-json\/wp\/v2\/posts"}],"about":[{"href":"https:\/\/marmarayerelhizmet.com\/index.php\/wp-json\/wp\/v2\/types\/post"}],"author":[{"embeddable":true,"href":"https:\/\/marmarayerelhizmet.com\/index.php\/wp-json\/wp\/v2\/users\/3"}],"replies":[{"embeddable":true,"href":"https:\/\/marmarayerelhizmet.com\/index.php\/wp-json\/wp\/v2\/comments?post=21667"}],"version-history":[{"count":0,"href":"https:\/\/marmarayerelhizmet.com\/index.php\/wp-json\/wp\/v2\/posts\/21667\/revisions"}],"wp:featuredmedia":[{"embeddable":true,"href":"https:\/\/marmarayerelhizmet.com\/index.php\/wp-json\/wp\/v2\/media\/21668"}],"wp:attachment":[{"href":"https:\/\/marmarayerelhizmet.com\/index.php\/wp-json\/wp\/v2\/media?parent=21667"}],"wp:term":[{"taxonomy":"category","embeddable":true,"href":"https:\/\/marmarayerelhizmet.com\/index.php\/wp-json\/wp\/v2\/categories?post=21667"},{"taxonomy":"post_tag","embeddable":true,"href":"https:\/\/marmarayerelhizmet.com\/index.php\/wp-json\/wp\/v2\/tags?post=21667"}],"curies":[{"name":"wp","href":"https:\/\/api.w.org\/{rel}","templated":true}]}}