{"id":21664,"date":"2024-02-13T19:23:18","date_gmt":"2024-02-13T16:23:18","guid":{"rendered":"https:\/\/marmarayerelhizmet.com\/?p=21664"},"modified":"2024-02-13T19:23:18","modified_gmt":"2024-02-13T16:23:18","slug":"egitime-katki-saglayacak-akademi","status":"publish","type":"post","link":"https:\/\/marmarayerelhizmet.com\/index.php\/2024\/02\/13\/egitime-katki-saglayacak-akademi\/","title":{"rendered":"E\u011fitime Katk\u0131 Sa\u011flayacak Akademi"},"content":{"rendered":"<p><strong><span style=\"font-family: arial, helvetica, sans-serif; font-size: 14px;\">Bal\u0131kesir\u2019de \u00f6\u011frencilerin e\u011fitim s\u00fcre\u00e7lerinde etkile\u015fimlerini en \u00fcst seviyeye ta\u015f\u0131mak ad\u0131na hayata ge\u00e7irilen Bal\u0131kesir E\u011fitim Akademisi tan\u0131t\u0131m\u0131 yap\u0131ld\u0131. Bal\u0131kesir E\u011fitim Akademisi \u00e7at\u0131s\u0131 alt\u0131nda ilk e\u011fitim velilere verildi.<br \/>\n<\/span><\/strong><br \/>\n<span style=\"font-family: arial, helvetica, sans-serif; font-size: 14px;\">Avlu Kongre ve K\u00fclt\u00fcr Merkezi\u2019nde yo\u011fun bir kat\u0131l\u0131mla ger\u00e7ekle\u015ftirilen programda Bal\u0131kesir E\u011fitim Akademisi tan\u0131t\u0131m videosunun g\u00f6sterimi yap\u0131ld\u0131. Program\u0131n a\u00e7\u0131l\u0131\u015f konu\u015fmas\u0131n\u0131 yapan \u0130l Mill\u00ee E\u011fitim M\u00fcd\u00fcr\u00fc Ali Tatl\u0131 \u00e7ocuklar\u0131n \u00f6\u011f\u00fctlerden \u00e7ok iyi \u00f6rneklere, rol modellere ihtiyac\u0131 oldu\u011funu s\u00f6yledi. M\u00fcd\u00fcr Tatl\u0131, \u201cE\u011fitime farkl\u0131 bir vizyon katacak olan \u201cBal\u0131kesir E\u011fitim Akademisi\u201d \u00e7at\u0131s\u0131 alt\u0131nda planlad\u0131\u011f\u0131m\u0131z e\u011fitim ve at\u00f6lye \u00e7al\u0131\u015fmalar\u0131 ile etkili bir payla\u015f\u0131m ortam\u0131 olu\u015fturmay\u0131; g\u00fcncel, s\u00fcrd\u00fcr\u00fclebilir e\u011fitimler ile gelece\u011fimizi \u015fekillendirecek olan \u00f6\u011frencilerimizin e\u011fitimine katk\u0131 sunmay\u0131 hedefliyoruz\u201d \u015feklinde konu\u015ftu.<\/span><br \/>\n<span style=\"font-family: arial, helvetica, sans-serif; font-size: 14px;\">Dinleme, payla\u015fma ve y\u00f6nlendirme rol\u00fcn\u00fc \u00fcstlenen velilerin; \u00f6\u011fretmenlerin gizli meslekta\u015f\u0131 oldu\u011funu ifade eden Vali \u0130smail Ustao\u011flu programda yapt\u0131\u011f\u0131 konu\u015fmada, \u201cE\u011fitimi \u00fc\u00e7 ayakl\u0131 bir sac olarak ele ald\u0131\u011f\u0131m\u0131zda; birinin olmamas\u0131 veya g\u00f6rev olarak aksakl\u0131\u011f\u0131 durumunda sac dengesini kaybedip d\u00fc\u015fecektir. Dinleyen, payla\u015fan ve y\u00f6nlendiren rol\u00fcn\u00fc \u00fcstlenen velilerimiz; \u00f6\u011fretmenlerimizin gizli meslekta\u015f\u0131d\u0131r. \u0130\u015f birli\u011fi ve anlay\u0131\u015f \u00e7er\u00e7evesinde in\u015fa edilen bir ili\u015fki ile gelece\u011fe giden yolda sa\u011flam ad\u0131mlar atarak ba\u015far\u0131y\u0131 yakalamak m\u00fcmk\u00fcnd\u00fcr. Zaman i\u00e7erisinde emek vererek terbiye edilmi\u015f her \u00e7ocu\u011fumuz, \u00fclkemizin gelece\u011fine katk\u0131 sunacak kazan\u0131lm\u0131\u015f bir insand\u0131r.\u201d dedi.<\/span><br \/>\n<span style=\"font-family: arial, helvetica, sans-serif; font-size: 14px;\">\u00dclkenin gelece\u011fi olan \u00e7ocuklar\u0131n; kimlik ve ki\u015filik in\u015fas\u0131n\u0131n ilk ba\u015flang\u0131c\u0131n\u0131n erken \u00e7ocukluk d\u00f6nemi oldu\u011funu s\u00f6zlerine ekleyen Ustao\u011flu, \u201c\u00d6\u011frenciye ilk dokunan, e\u011fitimin en \u00f6nemli yap\u0131ta\u015flar\u0131ndan olan ailelerimizin geli\u015fimlerinin art\u0131r\u0131lmas\u0131 hedefiyle k\u0131ymetli ve donan\u0131ml\u0131 e\u011fitimcilerimiz taraf\u0131ndan ger\u00e7ekle\u015ftirilen e\u011fitimlere kat\u0131l\u0131mlar\u0131ndan dolay\u0131 de\u011ferli velilerimize ve katk\u0131 sunan herkese te\u015fekk\u00fcr ediyorum.\u201d diye belirtti.<\/span><br \/>\n<span style=\"font-family: arial, helvetica, sans-serif; font-size: 14px;\">Konu\u015fmalar\u0131n ard\u0131ndan ailelerin mutlu, \u00f6zg\u00fcvenli ve ba\u015far\u0131l\u0131 \u00e7ocuk yeti\u015ftirmelerine katk\u0131 sunmak i\u00e7in \u201cMutlu ve Ba\u015far\u0131l\u0131 \u00c7ocuk Nas\u0131l Yeti\u015ftirilir?\u201d temas\u0131yla bir\u00e7ok sosyal sorumluluk projesine de imza atan E\u011fitim Bilimci, Akademisyen ve Yazar Dr. \u00d6zg\u00fcr Bolat; velilere y\u00f6nelik e\u011fitim ger\u00e7ekle\u015ftirdi. Ba\u015far\u0131 odakl\u0131 mutluluk anlay\u0131\u015f\u0131ndan, mutluluk odakl\u0131 ba\u015far\u0131 anlay\u0131\u015f\u0131na olan yolculu\u011fu anlatan Dr. \u00d6zg\u00fcr Bolat; bunun i\u00e7in \u00f6ncelikle ailelerin, kendi \u2018birey olma\u2019 yolculu\u011funa ad\u0131m atmalar\u0131 gerekti\u011finin \u00fczerinde durdu.<\/span><br \/>\n<span style=\"font-family: arial, helvetica, sans-serif; font-size: 14px;\">Soru cevap \u015feklinde, velilerin de interaktif kat\u0131l\u0131m\u0131yla devam eden \u201cVeli Akademisi\u201d e\u011fitiminin sonunda plaket ve \u00f6d\u00fcl takdimi ger\u00e7ekle\u015ftirildi.<\/span><\/p>\n","protected":false},"excerpt":{"rendered":"<p>Bal\u0131kesir\u2019de \u00f6\u011frencilerin e\u011fitim s\u00fcre\u00e7lerinde etkile\u015fimlerini en \u00fcst seviyeye ta\u015f\u0131mak ad\u0131na hayata ge\u00e7irilen Bal\u0131kesir E\u011fitim Akademisi tan\u0131t\u0131m\u0131 yap\u0131ld\u0131. Bal\u0131kesir E\u011fitim Akademisi<\/p>\n","protected":false},"author":3,"featured_media":21665,"comment_status":"open","ping_status":"open","sticky":false,"template":"","format":"standard","meta":{"colormag_page_container_layout":"default_layout","colormag_page_sidebar_layout":"default_layout","footnotes":""},"categories":[45,1,5,8],"tags":[],"class_list":["post-21664","post","type-post","status-publish","format-standard","has-post-thumbnail","hentry","category-egitim","category-genel","category-gundem","category-siyaset"],"_links":{"self":[{"href":"https:\/\/marmarayerelhizmet.com\/index.php\/wp-json\/wp\/v2\/posts\/21664","targetHints":{"allow":["GET"]}}],"collection":[{"href":"https:\/\/marmarayerelhizmet.com\/index.php\/wp-json\/wp\/v2\/posts"}],"about":[{"href":"https:\/\/marmarayerelhizmet.com\/index.php\/wp-json\/wp\/v2\/types\/post"}],"author":[{"embeddable":true,"href":"https:\/\/marmarayerelhizmet.com\/index.php\/wp-json\/wp\/v2\/users\/3"}],"replies":[{"embeddable":true,"href":"https:\/\/marmarayerelhizmet.com\/index.php\/wp-json\/wp\/v2\/comments?post=21664"}],"version-history":[{"count":0,"href":"https:\/\/marmarayerelhizmet.com\/index.php\/wp-json\/wp\/v2\/posts\/21664\/revisions"}],"wp:featuredmedia":[{"embeddable":true,"href":"https:\/\/marmarayerelhizmet.com\/index.php\/wp-json\/wp\/v2\/media\/21665"}],"wp:attachment":[{"href":"https:\/\/marmarayerelhizmet.com\/index.php\/wp-json\/wp\/v2\/media?parent=21664"}],"wp:term":[{"taxonomy":"category","embeddable":true,"href":"https:\/\/marmarayerelhizmet.com\/index.php\/wp-json\/wp\/v2\/categories?post=21664"},{"taxonomy":"post_tag","embeddable":true,"href":"https:\/\/marmarayerelhizmet.com\/index.php\/wp-json\/wp\/v2\/tags?post=21664"}],"curies":[{"name":"wp","href":"https:\/\/api.w.org\/{rel}","templated":true}]}}