{"id":21652,"date":"2024-02-13T10:37:20","date_gmt":"2024-02-13T07:37:20","guid":{"rendered":"https:\/\/marmarayerelhizmet.com\/?p=21652"},"modified":"2024-02-13T10:37:20","modified_gmt":"2024-02-13T07:37:20","slug":"ikinci-el-otomobile-ilgi-azaldi","status":"publish","type":"post","link":"https:\/\/marmarayerelhizmet.com\/index.php\/2024\/02\/13\/ikinci-el-otomobile-ilgi-azaldi\/","title":{"rendered":"\u0130kinci El Otomobile \u0130lgi Azald\u0131"},"content":{"rendered":"<p><strong><span style=\"font-family: arial, helvetica, sans-serif; font-size: 14px;\">Son aylarda vatanda\u015flar\u0131n s\u0131f\u0131r araca y\u00f6nelmesiyle ikinci el otomobile ilgi azald\u0131.<br \/>\n<\/span><\/strong><br \/>\n<span style=\"font-family: arial, helvetica, sans-serif; font-size: 14px;\">\u0130kinci el ara\u00e7 piyasas\u0131nda son aylarda durgunluk ya\u015fan\u0131yor. Otomobil alacak vatanda\u015flar\u0131n, yeni ara\u00e7lara y\u00f6nelmesiyle ikinci el de d\u00fc\u015f\u00fc\u015f ya\u015fanmaya ba\u015flad\u0131. D\u00fczce&#8217;de oto galerici \u0130hsan A\u00e7\u0131kg\u00f6z, son 1 y\u0131ld\u0131r ikinci el ara\u00e7 piyasas\u0131nda yeni d\u00f6neme girildi\u011fini belirterek, &#8220;Eskiden s\u0131f\u0131r ara\u00e7 al\u0131p plaka tak\u0131ld\u0131\u011f\u0131nda direkt 100-140 bin TL zarar ediliyordu. M\u00fc\u015fteri zarar etmemek i\u00e7in 1-2 bin kilometre de otomobil al\u0131yordu. \u015eu an ise bu ise tam tersine d\u00f6nd\u00fc. S\u0131f\u0131r araba \u015fu an i\u00e7in \u00e7ok reva\u00e7ta, eski araba ise de\u011ferini kaybetmeye ba\u015flad\u0131&#8221; dedi.<\/span><\/p>\n<p><strong><span style=\"font-family: arial, helvetica, sans-serif; font-size: 14px;\">&#8220;\u0130nsanlar\u0131n \u00f6nceli\u011fi s\u0131f\u0131r ara\u00e7 oldu&#8221;<\/span><\/strong><br \/>\n<span style=\"font-family: arial, helvetica, sans-serif; font-size: 14px;\">Vatanda\u015flar\u0131n s\u0131f\u0131r ara\u00e7lara y\u00f6neldi\u011fini ifade eden A\u00e7\u0131kg\u00f6z, &#8220;Bu konuyla ilgili baz\u0131 etkenler var. \u00d6rne\u011fin bayiler her ay y\u00fczde 2-3 zam yap\u0131yor. B\u00f6yle olunca 1 milyona al\u0131nan araban\u0131n de\u011feri bir sonraki ay zam yap\u0131ld\u0131\u011f\u0131 zaman art\u0131yor. \u0130nsanlar\u0131n da \u00f6nceli\u011fi s\u0131f\u0131r ara\u00e7 oldu. Eskiden ara\u00e7 toplatt\u0131rmak i\u00e7in rahatl\u0131kla sanayiye gidebiliyorduk, yapt\u0131rabiliyorduk, tamir ettirebiliyorduk. \u015eu an ise maliyetler ise artt\u0131. Ara\u00e7lar\u0131n yedek par\u00e7as\u0131ndan i\u015f\u00e7ili\u011fine kadar her \u015feyi artt\u0131\u011f\u0131 i\u00e7in insanlar sanayiye gitmek istemiyorlar. Otomobil ald\u0131ktan sonra 50-60 bin lira masraf etmek istemiyorlar. Bunu yap\u0131nca arac\u0131n de\u011feri art\u0131rm\u0131yor, insanlar cebinden fazladan para vermi\u015f oluyorlar&#8221; \u015feklinde konu\u015ftu.<\/span><\/p>\n<p><strong><span style=\"font-family: arial, helvetica, sans-serif; font-size: 14px;\">&#8220;\u0130kinci elde yeni bir sayfa a\u00e7\u0131l\u0131yor&#8221;<\/span><\/strong><br \/>\n<span style=\"font-family: arial, helvetica, sans-serif; font-size: 14px;\">Faizlerin y\u00fckselmesi sebebiyle ara\u00e7 alacak ki\u015filerin art\u0131k krediye y\u00f6nelmedi\u011fini de ifade eden A\u00e7\u0131kg\u00f6z, &#8220;Eskiden insanlar kredi \u00e7ekiyorlard\u0131. Kredi \u00e7ektikleri ve ceplerinden para vermedikleri i\u00e7in araban\u0131n masraflar\u0131na \u00e7ok dikkat etmiyorlard\u0131. Sadece ceplerinden para \u00e7\u0131kmad\u0131klar\u0131 i\u00e7in kredi ile ara\u00e7 al\u0131yorlard\u0131. Art\u0131k insanlar birikimini araca yat\u0131r\u0131yor. Bu y\u00fczden sanayide harcama yapmamak i\u00e7in s\u0131f\u0131r ara\u00e7lara y\u00f6neliyorlar. Bu al\u0131\u015f\u0131k olmad\u0131\u011f\u0131m\u0131z bir d\u00fczen olsa da asl\u0131nda Avrupa&#8217;da y\u0131llard\u0131r yap\u0131l\u0131yor. Arac\u0131n ya\u015f\u0131 ge\u00e7tik\u00e7e Avrupa&#8217;da talep g\u00f6rm\u00fcyor. T\u00fcrkiye&#8217;de de yava\u015f yava\u015f bu durum olu\u015fmaya ba\u015flad\u0131. Bu da ikinci elde yeni bir sayfa a\u00e7\u0131l\u0131yor demek&#8221; ifadelerini kulland\u0131.<\/span><\/p>\n","protected":false},"excerpt":{"rendered":"<p>Son aylarda vatanda\u015flar\u0131n s\u0131f\u0131r araca y\u00f6nelmesiyle ikinci el otomobile ilgi azald\u0131. \u0130kinci el ara\u00e7 piyasas\u0131nda son aylarda durgunluk ya\u015fan\u0131yor. Otomobil<\/p>\n","protected":false},"author":3,"featured_media":21653,"comment_status":"open","ping_status":"open","sticky":false,"template":"","format":"standard","meta":{"colormag_page_container_layout":"default_layout","colormag_page_sidebar_layout":"default_layout","footnotes":""},"categories":[3,1,5],"tags":[],"class_list":["post-21652","post","type-post","status-publish","format-standard","has-post-thumbnail","hentry","category-ekonomi","category-genel","category-gundem"],"_links":{"self":[{"href":"https:\/\/marmarayerelhizmet.com\/index.php\/wp-json\/wp\/v2\/posts\/21652","targetHints":{"allow":["GET"]}}],"collection":[{"href":"https:\/\/marmarayerelhizmet.com\/index.php\/wp-json\/wp\/v2\/posts"}],"about":[{"href":"https:\/\/marmarayerelhizmet.com\/index.php\/wp-json\/wp\/v2\/types\/post"}],"author":[{"embeddable":true,"href":"https:\/\/marmarayerelhizmet.com\/index.php\/wp-json\/wp\/v2\/users\/3"}],"replies":[{"embeddable":true,"href":"https:\/\/marmarayerelhizmet.com\/index.php\/wp-json\/wp\/v2\/comments?post=21652"}],"version-history":[{"count":0,"href":"https:\/\/marmarayerelhizmet.com\/index.php\/wp-json\/wp\/v2\/posts\/21652\/revisions"}],"wp:featuredmedia":[{"embeddable":true,"href":"https:\/\/marmarayerelhizmet.com\/index.php\/wp-json\/wp\/v2\/media\/21653"}],"wp:attachment":[{"href":"https:\/\/marmarayerelhizmet.com\/index.php\/wp-json\/wp\/v2\/media?parent=21652"}],"wp:term":[{"taxonomy":"category","embeddable":true,"href":"https:\/\/marmarayerelhizmet.com\/index.php\/wp-json\/wp\/v2\/categories?post=21652"},{"taxonomy":"post_tag","embeddable":true,"href":"https:\/\/marmarayerelhizmet.com\/index.php\/wp-json\/wp\/v2\/tags?post=21652"}],"curies":[{"name":"wp","href":"https:\/\/api.w.org\/{rel}","templated":true}]}}