{"id":21648,"date":"2024-02-13T10:35:31","date_gmt":"2024-02-13T07:35:31","guid":{"rendered":"https:\/\/marmarayerelhizmet.com\/?p=21648"},"modified":"2024-02-13T10:35:31","modified_gmt":"2024-02-13T07:35:31","slug":"gumruk-vergisi-sifira-indirildi","status":"publish","type":"post","link":"https:\/\/marmarayerelhizmet.com\/index.php\/2024\/02\/13\/gumruk-vergisi-sifira-indirildi\/","title":{"rendered":"G\u00fcmr\u00fck Vergisi S\u0131f\u0131ra \u0130ndirildi"},"content":{"rendered":"<p><strong><span style=\"font-family: arial, helvetica, sans-serif; font-size: 14px;\">Ticaret Bakanl\u0131\u011f\u0131, t\u00fcketici i\u00e7in arz g\u00fcvenli\u011fini ve fiyat dalgalanmas\u0131n\u0131 engellemek amac\u0131yla ye\u015fil mercimek ithalat\u0131nda g\u00fcmr\u00fck vergisi ge\u00e7ici bir s\u00fcreyle s\u0131f\u0131ra indirildi\u011fini a\u00e7\u0131klad\u0131.<br \/>\n<\/span><\/strong><br \/>\n<span style=\"font-family: arial, helvetica, sans-serif; font-size: 14px;\">Bakanl\u0131ktan yap\u0131lan a\u00e7\u0131klamada, &#8220;Ticaret Bakanl\u0131\u011f\u0131 olarak, yurt i\u00e7i arz g\u00fcvenli\u011finin ve fiyat istikrar\u0131n\u0131n sa\u011flanmas\u0131n\u0131 teminen, ilgili kurumlarla birlikte \u00fcr\u00fcn bazl\u0131 de\u011ferlendirmeler yap\u0131lmakta, ihtiya\u00e7 olmas\u0131 halinde h\u0131zl\u0131 \u015fekilde gerekli tedbirler al\u0131nmaktad\u0131r&#8221; denildi.<\/span><br \/>\n<span style=\"font-family: arial, helvetica, sans-serif; font-size: 14px;\">Bu \u00e7er\u00e7evede, ticaret verileri, \u00fcretim ve piyasaya arz ko\u015fullar\u0131 ile fiyat hareketleri dikkate al\u0131narak, Tar\u0131m ve Orman Bakanl\u0131\u011f\u0131 ile isti\u015fare i\u00e7erisinde, temel g\u0131da \u00fcr\u00fcnlerinden ye\u015fil mercimekte t\u00fcketici ihtiyac\u0131n\u0131n uygun fiyatla kar\u015f\u0131lanabilmesinin sa\u011flanmas\u0131 amac\u0131yla g\u00fcmr\u00fck vergisinin ge\u00e7ici olarak s\u0131f\u0131rlanmas\u0131na karar verildi\u011fi vurgulanak buna y\u00f6nelik d\u00fczenlemenin, \u0130thalat Rejimi Karar\u0131nda gerekli de\u011fi\u015fiklik yap\u0131larak y\u00fcr\u00fcrl\u00fc\u011fe girdi\u011fi kaydedildi.<\/span><br \/>\n<span style=\"font-family: arial, helvetica, sans-serif; font-size: 14px;\">A\u00e7\u0131klama \u015f\u00f6yle devam etti:<\/span><br \/>\n<span style=\"font-family: arial, helvetica, sans-serif; font-size: 14px;\">&#8220;S\u00f6z konusu uygulama, yerli \u00fcretimin korunmas\u0131n\u0131 da g\u00f6z \u00f6n\u00fcnde bulundurularak \u00e7ift\u00e7imizin \u00fcretim motivasyonuna zarar vermeyecek \u015fekilde \u00fclkemizdeki hasat d\u00f6nemi dikkate al\u0131narak belirlenmi\u015ftir. D\u00fc\u015f\u00fcr\u00fclen g\u00fcmr\u00fck vergisi, ye\u015fil mercime\u011fin hasat d\u00f6neminden \u00f6nce 30 Haziran 2024 tarihine kadar ge\u00e7ici bir s\u00fcre devam edecek, bu tarihten sonra eski seviyesine y\u00fckselecektir.<\/span><br \/>\n<span style=\"font-family: arial, helvetica, sans-serif; font-size: 14px;\">Ticaret Bakanl\u0131\u011f\u0131 olarak, \u00fcretici ve t\u00fcketici haklar\u0131n\u0131n birlikte korunmas\u0131 amac\u0131yla spek\u00fclatif fiyat hareketlerinin \u00f6nlenmesi ve piyasaya yeterli \u00fcr\u00fcn arz\u0131n\u0131n sa\u011flanmas\u0131 i\u00e7in gerekli t\u00fcm tedbirleri almaya, al\u0131nan bu tedbirler sonras\u0131nda piyasa \u015fartlar\u0131n\u0131 izlemeye devam edilecektir.&#8221;<\/span><\/p>\n","protected":false},"excerpt":{"rendered":"<p>Ticaret Bakanl\u0131\u011f\u0131, t\u00fcketici i\u00e7in arz g\u00fcvenli\u011fini ve fiyat dalgalanmas\u0131n\u0131 engellemek amac\u0131yla ye\u015fil mercimek ithalat\u0131nda g\u00fcmr\u00fck vergisi ge\u00e7ici bir s\u00fcreyle s\u0131f\u0131ra<\/p>\n","protected":false},"author":3,"featured_media":21649,"comment_status":"open","ping_status":"open","sticky":false,"template":"","format":"standard","meta":{"colormag_page_container_layout":"default_layout","colormag_page_sidebar_layout":"default_layout","footnotes":""},"categories":[1,3,5],"tags":[],"class_list":["post-21648","post","type-post","status-publish","format-standard","has-post-thumbnail","hentry","category-genel","category-ekonomi","category-gundem"],"_links":{"self":[{"href":"https:\/\/marmarayerelhizmet.com\/index.php\/wp-json\/wp\/v2\/posts\/21648","targetHints":{"allow":["GET"]}}],"collection":[{"href":"https:\/\/marmarayerelhizmet.com\/index.php\/wp-json\/wp\/v2\/posts"}],"about":[{"href":"https:\/\/marmarayerelhizmet.com\/index.php\/wp-json\/wp\/v2\/types\/post"}],"author":[{"embeddable":true,"href":"https:\/\/marmarayerelhizmet.com\/index.php\/wp-json\/wp\/v2\/users\/3"}],"replies":[{"embeddable":true,"href":"https:\/\/marmarayerelhizmet.com\/index.php\/wp-json\/wp\/v2\/comments?post=21648"}],"version-history":[{"count":0,"href":"https:\/\/marmarayerelhizmet.com\/index.php\/wp-json\/wp\/v2\/posts\/21648\/revisions"}],"wp:featuredmedia":[{"embeddable":true,"href":"https:\/\/marmarayerelhizmet.com\/index.php\/wp-json\/wp\/v2\/media\/21649"}],"wp:attachment":[{"href":"https:\/\/marmarayerelhizmet.com\/index.php\/wp-json\/wp\/v2\/media?parent=21648"}],"wp:term":[{"taxonomy":"category","embeddable":true,"href":"https:\/\/marmarayerelhizmet.com\/index.php\/wp-json\/wp\/v2\/categories?post=21648"},{"taxonomy":"post_tag","embeddable":true,"href":"https:\/\/marmarayerelhizmet.com\/index.php\/wp-json\/wp\/v2\/tags?post=21648"}],"curies":[{"name":"wp","href":"https:\/\/api.w.org\/{rel}","templated":true}]}}