{"id":21641,"date":"2024-02-12T22:45:37","date_gmt":"2024-02-12T19:45:37","guid":{"rendered":"https:\/\/marmarayerelhizmet.com\/?p=21641"},"modified":"2024-02-12T22:45:37","modified_gmt":"2024-02-12T19:45:37","slug":"dunden-bugune-karesi","status":"publish","type":"post","link":"https:\/\/marmarayerelhizmet.com\/index.php\/2024\/02\/12\/dunden-bugune-karesi\/","title":{"rendered":"&#8216;D\u00fcnden Bug\u00fcne&#8217; Karesi"},"content":{"rendered":"<p><span style=\"font-size: 14px;\"><strong><span style=\"font-family: arial, helvetica, sans-serif;\">AK Parti Karesi \u0130l\u00e7e Ba\u015fkanl\u0131\u011f\u0131 taraf\u0131ndan d\u00fczenlenen \u201cD\u00fcnden Bug\u00fcne\u201d Karesi \u0130sti\u015fare Toplant\u0131s\u0131\u2019nda te\u015fkilat \u00fcyeleri bir araya gelerek, yerel se\u00e7imler \u00f6ncesi moral depolarken, g\u00f6r\u00fc\u015f al\u0131\u015fveri\u015finde bulundu. Toplant\u0131 da konu\u015fan Karesi Belediye Ba\u015fkan\u0131 ve Ba\u015fkan Aday\u0131 Din\u00e7er Orkan, \u201cBizim bu birlik ve beraberli\u011fimiz, \u015fimdiden, 31 Mart\u2019taki zaferimizin m\u00fcjdesidir!\u201d dedi.<\/span><\/strong><\/span><\/p>\n<p><span style=\"font-family: arial, helvetica, sans-serif; font-size: 14px;\">AK Parti \u0130l\u00e7e Ba\u015fkanl\u0131\u011f\u0131, 31 Mart yerel se\u00e7imleri \u00f6ncesi te\u015fkilat \u00fcyelerini bir araya getirdi. Balkonok Center\u2019de d\u00fczenlenen Ahde vefa yeme\u011finde partiye hizmet eden eski te\u015fkilat y\u00f6neticileri, \u00fcyeleri ve g\u00f6revde bulunanlar bir araya geldi. Toplant\u0131ya ayr\u0131ca AK Parti \u0130l Ba\u015fkan\u0131 Mehmet Aydemir, Genel Ba\u015fkan Yard\u0131mc\u0131s\u0131 ve Milletvekili Belgin Uygur, milletvekili Mustafa Canbey, B\u00fcy\u00fck\u015fehir Belediye Ba\u015fkan\u0131 ve aday\u0131 Y\u00fccel Y\u0131lmaz, Karesi \u0130l\u00e7e Ba\u015fkan\u0131 Hakan Aka da kat\u0131ld\u0131. \u201cD\u00fcnden Bug\u00fcne\u201d Karesi \u0130sti\u015fare Toplant\u0131s\u0131 sayg\u0131 duru\u015fu ve \u0130stiklal Mar\u015f\u0131\u2019n\u0131n okunmas\u0131 ile ba\u015flad\u0131. Bir s\u00fcre \u00f6nce hayat\u0131n\u0131 kaybeden AK Parti \u0130l Gen\u00e7lik Kollar\u0131 Ba\u015fkan\u0131 H\u00fcseyin Murat Uysal\u2019da toplant\u0131da an\u0131ld\u0131. Toplant\u0131n\u0131n a\u00e7\u0131l\u0131\u015f konu\u015fmas\u0131n\u0131 AK Parti \u0130l\u00e7e Ba\u015fkan\u0131 Hakan Aka yapt\u0131.<br \/>\n<\/span><img decoding=\"async\" class=\" wp-image-21642 alignright\" src=\"https:\/\/marmarayerelhizmet.com\/wp-content\/uploads\/2024\/02\/istisare-6-300x140.jpg\" alt=\"\" width=\"1384\" height=\"646\" srcset=\"https:\/\/marmarayerelhizmet.com\/wp-content\/uploads\/2024\/02\/istisare-6-300x140.jpg 300w, https:\/\/marmarayerelhizmet.com\/wp-content\/uploads\/2024\/02\/istisare-6-1024x478.jpg 1024w, https:\/\/marmarayerelhizmet.com\/wp-content\/uploads\/2024\/02\/istisare-6-768x359.jpg 768w, https:\/\/marmarayerelhizmet.com\/wp-content\/uploads\/2024\/02\/istisare-6-1536x718.jpg 1536w, https:\/\/marmarayerelhizmet.com\/wp-content\/uploads\/2024\/02\/istisare-6-2048x957.jpg 2048w\" sizes=\"(max-width: 1384px) 100vw, 1384px\" \/><br \/>\n<span style=\"font-size: 14px;\"><strong><span style=\"font-family: arial, helvetica, sans-serif;\">HAKAN AKA: \u201cAK BELED\u0130YEC\u0130L\u0130\u011e\u0130 KARES\u0130\u2019DE DEVAM ETT\u0130RMEK \u0130\u00c7\u0130N HAZIRIZ\u201d<\/span><\/strong><\/span><br \/>\n<span style=\"font-family: arial, helvetica, sans-serif; font-size: 14px;\">S\u00f6zlerine \u201cD\u00fcnya 5\u2019ten b\u00fcy\u00fckt\u00fcr diyen bir liderin arkas\u0131nda y\u00fcr\u00fcmekten her zaman onur duydum, gurur duydum\u201d diyerek ba\u015flayan Aka, \u201cYine AK Belediyecili\u011fi Karesi\u2019de devam ettirmek i\u00e7in ben ve te\u015fkilat\u0131m haz\u0131r ve kararl\u0131y\u0131z. Ge\u00e7mi\u015ften g\u00fcn\u00fcm\u00fcze te\u015fkilat\u0131m\u0131z\u0131n farkl\u0131 kademelerinde g\u00f6rev alm\u0131\u015f de\u011ferli te\u015fkilat mensuplar\u0131m\u0131z, AK Parti ailemiz ho\u015f geldiniz\u201d dedi.<\/span><br \/>\n<span style=\"font-family: arial, helvetica, sans-serif; font-size: 14px;\">Aka, partide g\u00f6rev yapan ve eme\u011fi ge\u00e7en herkese tek tek te\u015fekk\u00fcr etti.<br \/>\n<\/span><br \/>\n<span style=\"font-size: 14px;\"><strong><span style=\"font-family: arial, helvetica, sans-serif;\">BA\u015eKAN ORKAN: \u201cEN B\u00dcY\u00dcK DESTE\u011e\u0130 KARES\u0130 VERECEK\u201d<\/span><\/strong><\/span><br \/>\n<span style=\"font-family: arial, helvetica, sans-serif; font-size: 14px;\">Karesi Belediye Ba\u015fkan\u0131 ve aday\u0131 Din\u00e7er Orkan\u2019da bir konu\u015fma yapt\u0131. Toplant\u0131da vefa ve emek g\u00f6rd\u00fc\u011f\u00fcn\u00fc ifade eden Ba\u015fkan Orkan, \u201cAK Parti yolunda bir dakikas\u0131n\u0131 bile vermi\u015f bu g\u00fczel topluluk kar\u015f\u0131s\u0131nda \u00e7ok duygusal anlar ya\u015f\u0131yorum. \u0130n\u015fallah art\u0131k yeni bir se\u00e7im s\u00fcrecindeyiz. Karesi olarak elimizden gelenin en iyisini yapmak mecburiyetindeyiz. Onun yan\u0131nda di\u011fer mecbur oldu\u011fumuz konu \u015fu arkada\u015flar; Allah\u2019\u0131n izniyle Y\u00fccel ba\u015fkan\u0131m\u0131za se\u00e7men say\u0131s\u0131 olarak en y\u00fcksek deste\u011fi Karesi verecek, buna s\u00f6z veriyoruz ba\u015fkan\u0131m. Bug\u00fcne kadar partimize bir dakika bile hizmeti olandan ba\u015flayarak, hizmeti ge\u00e7en t\u00fcm dostlar\u0131m\u0131za te\u015fekk\u00fcr ediyorum. Allah yolumuzu baht\u0131m\u0131z\u0131 a\u00e7\u0131k eylesin \u0130n\u015fallah\u201d diye konu\u015ftu.<br \/>\n<\/span><br \/>\n<span style=\"font-size: 14px;\"><strong><span style=\"font-family: arial, helvetica, sans-serif;\">ALLAH\u2019IN \u0130ZN\u0130YLE SE\u00c7\u0130MDE FARK ATACA\u011eIZ<\/span><\/strong><\/span><br \/>\n<span style=\"font-family: arial, helvetica, sans-serif; font-size: 14px;\">\u2018Kimin te\u015fkilat\u0131 g\u00fc\u00e7l\u00fcyse, kim arkada\u015flar\u0131na meseleyi daha iyi anlat\u0131yorsa, onlar\u0131n kazanaca\u011f\u0131 bir se\u00e7ime giriyoruz\u2019 diyen Bal\u0131kesir B\u00fcy\u00fck\u015fehir Belediye Ba\u015fkan\u0131 Y\u00fccel Y\u0131lmaz, \u201cAllah\u2019\u0131n izniyle bu g\u00fc\u00e7l\u00fc te\u015fkilatla, bu vefa duygusuyla, b\u00f6yle bir liderle Recep Tayyip Erdo\u011fan ekipleri her zaman kazanacakt\u0131r. 2014 y\u0131l\u0131ndan buyana \u015fehrin neresinden bakarsan\u0131z bak\u0131n Bal\u0131kesir\u2019in \u00e7ok de\u011fi\u015fti\u011fini ve geli\u015fti\u011fini g\u00f6rebiliyoruz. Biz g\u00fcc\u00fcm\u00fcz\u00fc merkezden al\u0131yoruz. Karesi ve Alt\u0131eyl\u00fcl il\u00e7elerine \u00e7ok yat\u0131r\u0131mlar yap\u0131ld\u0131. Kimse OSB\u2019ye yap\u0131lan yat\u0131r\u0131mdan BALTOK konutlar\u0131ndan ya da Avlu\u2019dan, yollardan, alt yap\u0131dan bahsetmiyor. Herkes \u2018ne yap\u0131ld\u0131 ki\u2019 diyerek karalama yapmaya \u00e7al\u0131\u015f\u0131yor. Yalanlar\u0131 \u00e7ok tekrar edip insanlar\u0131 inand\u0131rmaya \u00e7al\u0131\u015f\u0131yorlar. Biz te\u015fkilatlar\u0131m\u0131zla beraber \u00e7ok \u00e7al\u0131\u015faca\u011f\u0131z ve Allah\u2019\u0131n izniyle se\u00e7imlerde fark\u0131 a\u00e7aca\u011f\u0131z. Biz memleketimiz i\u00e7in dertlendik. Allah gayretlerimizi, emeklerimizi bo\u015fa \u00e7\u0131karmas\u0131n, yap\u0131\u015fan iftiralardan korusun. Bu gayretlerin kar\u015f\u0131l\u0131\u011f\u0131n\u0131 Allah\u2019\u0131n izniyle se\u00e7imde alaca\u011f\u0131z\u201d dedi.<br \/>\n<\/span><br \/>\n<span style=\"font-size: 14px;\"><strong><span style=\"font-family: arial, helvetica, sans-serif;\">AYDEM\u0130R: \u201cGECE G\u00dcND\u00dcZ \u00c7ALI\u015eIYORUZ\u201d<\/span><\/strong><\/span><br \/>\n<span style=\"font-family: arial, helvetica, sans-serif; font-size: 14px;\">AK Parti \u0130l Ba\u015fkan\u0131 Mehmet Aydemir\u2019de toplant\u0131ya kat\u0131lanlar\u0131 selamlayarak s\u00f6zlerine ba\u015flad\u0131. Gittikleri 20 il\u00e7ede kurucu ba\u015fkanlar ve partiye eme\u011fi ge\u00e7enlerle g\u00f6r\u00fc\u015ft\u00fcklerini hat\u0131rlatan Aydemir, \u201c\u015euan rahat bir \u0130l Ba\u015fkanl\u0131\u011f\u0131 yap\u0131yorsak onlar sayesinde yapt\u0131\u011f\u0131m\u0131z\u0131n fark\u0131nday\u0131z. Bu vebal i\u00e7in bizde il y\u00f6netimi olarak gece g\u00fcnd\u00fcz \u00e7al\u0131\u015f\u0131yoruz. \u00c7al\u0131\u015fmaya devam edece\u011fiz. Te\u015fkilat olarak, belediyecilik olarak, B\u00fcy\u00fck\u015fehir olarak g\u00fc\u00e7l\u00fcy\u00fcz. Ama maalesef sa\u00e7ma sapan att\u0131klar\u0131 iddialar var. Ula\u015f\u0131m ve ekmek T\u00fcrkiye\u2019de en ucuz Bal\u0131kesir B\u00fcy\u00fck\u015fehir\u2019de. Ayn\u0131 zamanda bir arkada\u015f suyu bedava yapaca\u011f\u0131m diyordu ama 3 ay bedava olan suyun Bal\u0131kesir\u2019e zarar\u0131n\u0131 bilmiyor. \u0130n\u015fallah biz 20 il\u00e7emizde iyi \u00e7al\u0131\u015farak bunlar\u0131n sesini kesece\u011fiz\u201d dedi.<br \/>\n<\/span><br \/>\n<span style=\"font-size: 14px;\"><strong><span style=\"font-family: arial, helvetica, sans-serif;\">CANBEY: \u201cB\u0130Z B\u0130R A\u0130LEY\u0130Z\u201d<\/span><\/strong><\/span><br \/>\n<span style=\"font-family: arial, helvetica, sans-serif; font-size: 14px;\">AK Parti Bal\u0131kesir Milletvekili Mustafa Canbey\u2019de bir konu\u015fma yaparak, partiye hizmet verenlere te\u015fekk\u00fcr etti. AK Parti\u2019nin g\u00fc\u00e7l\u00fc bir te\u015fkilat oldu\u011funu s\u00f6yleyen Canbey, \u201cB\u00fcy\u00fck bir te\u015fkilat\u0131z ve biz bir aileyiz. Her zaman \u00e7ok k\u0131ymetli AK aile diyoruz. \u00c7ok k\u0131ymetli ailemiz. E\u011fer biz bir aile isek, birlik ve beraberli\u011fimizi korumak gibi bir zorunlulu\u011fumuz var. Bug\u00fcn burada Bal\u0131kesir\u2019de siyaset yapt\u0131\u011f\u0131m\u0131z g\u00fcnden beri omuz omuza y\u00fcr\u00fcd\u00fc\u011f\u00fcm\u00fcz, omuz omuza verdi\u011fimiz, birlikte sokak sokak dola\u015f\u0131p, birlikte kap\u0131 \u00e7ald\u0131\u011f\u0131m\u0131z \u00e7ok k\u0131ymetli karde\u015flerimiz var. Kimisi hala siyaset i\u00e7erisinde, kimi siyaset d\u0131\u015f\u0131nda duran ama g\u00f6nl\u00fc bizimle akan bir\u00e7ok karde\u015fimiz var\u201d \u015feklinde konu\u015ftu.<\/span><br \/>\n<span style=\"font-family: arial, helvetica, sans-serif; font-size: 14px;\">\u201cBize 10 tane il\u00e7e belediyesi yak\u0131\u015fmaz\u201d diyen Canbey, \u201cBu se\u00e7imde en az 15, \u00fczerine de Allah ne verdiyse alal\u0131m in\u015fallah\u201d dedi.<br \/>\n<\/span><br \/>\n<span style=\"font-size: 14px;\"><strong><span style=\"font-family: arial, helvetica, sans-serif;\">UYGUR: \u201c 20 \u0130L\u00c7E BELED\u0130YES\u0130 HEDEF\u0130M\u0130ZDE\u201d<\/span><\/strong><\/span><br \/>\n<span style=\"font-family: arial, helvetica, sans-serif; font-size: 14px;\">Toplant\u0131da son olarak ise AK Parti Genel Ba\u015fkan Yard\u0131mc\u0131s\u0131 ve Bal\u0131kesir Milletvekili Belgin Uygur s\u00f6z ald\u0131. Uygur, \u201cPartimiz kuruldu\u011fundan bu yana ifade ediyoruz. Her se\u00e7im \u00f6nemli, her se\u00e7im kritik diye. Bu se\u00e7imde \u00f6nemli de\u011ferli yol arkada\u015flar\u0131m. Milletin i\u00e7inden kurulan ve milletin i\u00e7inden do\u011fan, g\u00fcc\u00fcn\u00fc milletten alan bir siyasi hareket olarak, in\u015fallah bizler her daim milletimizle hemhal olarak 31 Mart ak\u015fam\u0131 da Bal\u0131kesir\u2019de fark\u0131 a\u00e7aca\u011f\u0131z. Bal\u0131kesir\u2019de hem B\u00fcy\u00fck\u015fehir belediyemiz, hem de 20 il\u00e7e belediyesi hedefimizde. Allah\u2019\u0131n izniyle tekrar Ger\u00e7ek Belediyecili\u011fe devam edece\u011fiz. AK Parti belediyesi olmayan belediyelerimizi de \u0130n\u015fallah, ger\u00e7ek belediyecilik ile bulu\u015fturaca\u011f\u0131z\u201d dedi.<\/span><\/p>\n","protected":false},"excerpt":{"rendered":"<p>AK Parti Karesi \u0130l\u00e7e Ba\u015fkanl\u0131\u011f\u0131 taraf\u0131ndan d\u00fczenlenen \u201cD\u00fcnden Bug\u00fcne\u201d Karesi \u0130sti\u015fare Toplant\u0131s\u0131\u2019nda te\u015fkilat \u00fcyeleri bir araya gelerek, yerel se\u00e7imler \u00f6ncesi<\/p>\n","protected":false},"author":3,"featured_media":21643,"comment_status":"open","ping_status":"open","sticky":false,"template":"","format":"standard","meta":{"colormag_page_container_layout":"default_layout","colormag_page_sidebar_layout":"default_layout","footnotes":""},"categories":[1,5,8],"tags":[],"class_list":["post-21641","post","type-post","status-publish","format-standard","has-post-thumbnail","hentry","category-genel","category-gundem","category-siyaset"],"_links":{"self":[{"href":"https:\/\/marmarayerelhizmet.com\/index.php\/wp-json\/wp\/v2\/posts\/21641","targetHints":{"allow":["GET"]}}],"collection":[{"href":"https:\/\/marmarayerelhizmet.com\/index.php\/wp-json\/wp\/v2\/posts"}],"about":[{"href":"https:\/\/marmarayerelhizmet.com\/index.php\/wp-json\/wp\/v2\/types\/post"}],"author":[{"embeddable":true,"href":"https:\/\/marmarayerelhizmet.com\/index.php\/wp-json\/wp\/v2\/users\/3"}],"replies":[{"embeddable":true,"href":"https:\/\/marmarayerelhizmet.com\/index.php\/wp-json\/wp\/v2\/comments?post=21641"}],"version-history":[{"count":0,"href":"https:\/\/marmarayerelhizmet.com\/index.php\/wp-json\/wp\/v2\/posts\/21641\/revisions"}],"wp:featuredmedia":[{"embeddable":true,"href":"https:\/\/marmarayerelhizmet.com\/index.php\/wp-json\/wp\/v2\/media\/21643"}],"wp:attachment":[{"href":"https:\/\/marmarayerelhizmet.com\/index.php\/wp-json\/wp\/v2\/media?parent=21641"}],"wp:term":[{"taxonomy":"category","embeddable":true,"href":"https:\/\/marmarayerelhizmet.com\/index.php\/wp-json\/wp\/v2\/categories?post=21641"},{"taxonomy":"post_tag","embeddable":true,"href":"https:\/\/marmarayerelhizmet.com\/index.php\/wp-json\/wp\/v2\/tags?post=21641"}],"curies":[{"name":"wp","href":"https:\/\/api.w.org\/{rel}","templated":true}]}}