{"id":21638,"date":"2024-02-12T22:38:33","date_gmt":"2024-02-12T19:38:33","guid":{"rendered":"https:\/\/marmarayerelhizmet.com\/?p=21638"},"modified":"2024-02-12T22:38:33","modified_gmt":"2024-02-12T19:38:33","slug":"kayserispor-0-besiktas-0","status":"publish","type":"post","link":"https:\/\/marmarayerelhizmet.com\/index.php\/2024\/02\/12\/kayserispor-0-besiktas-0\/","title":{"rendered":"Kayserispor: 0 &#8211; Be\u015fikta\u015f: 0"},"content":{"rendered":"<p><strong><span style=\"font-family: arial, helvetica, sans-serif; font-size: 14px;\">Trendyol S\u00fcper Lig\u2019in 25. haftas\u0131nda Kayserispor, sahas\u0131nda kar\u015f\u0131la\u015ft\u0131\u011f\u0131 Be\u015fikta\u015f ile gols\u00fcz berabere kald\u0131.<\/span><\/strong><\/p>\n<p><strong><span style=\"font-family: arial, helvetica, sans-serif; font-size: 14px;\">Ma\u00e7tan dakikalar<\/span><\/strong><br \/>\n<span style=\"font-family: arial, helvetica, sans-serif; font-size: 14px;\">3. dakikada topla bulu\u015fan G\u00f6khan Sazda\u011f\u0131\u2019n\u0131n ceza sahas\u0131 d\u0131\u015f\u0131ndan vuru\u015funda me\u015fin yuvarlak kaleci Mert\u2019te kald\u0131.<\/span><br \/>\n<span style=\"font-family: arial, helvetica, sans-serif; font-size: 14px;\">29. dakikada sol kanattan ceza sahas\u0131na giren Mu\u00e7i\u2019nin vuru\u015funu kaleci Bilal \u00e7\u0131kard\u0131. Bilal\u2019den d\u00f6nen topla bulu\u015fan Cenk\u2019in vuru\u015fu da defansa \u00e7arparak kornere \u00e7\u0131kt\u0131.<\/span><br \/>\n<span style=\"font-family: arial, helvetica, sans-serif; font-size: 14px;\">30. dakikada ceza sahas\u0131 i\u00e7erisinde topla bulu\u015fan Cardoso\u2019nun vuru\u015funda top kaleci Mert\u2019te kald\u0131.<\/span><br \/>\n<span style=\"font-family: arial, helvetica, sans-serif; font-size: 14px;\">52. dakikada topla bulu\u015fan Cardoso\u2019nun vuru\u015funda me\u015fin yuvarlak direkten d\u00f6nd\u00fc.<\/span><br \/>\n<span style=\"font-family: arial, helvetica, sans-serif; font-size: 14px;\">59. dakikada sa\u011f kanattan geli\u015fen Kayserispor ata\u011f\u0131nda G\u00f6khan Sazda\u011f\u0131\u2019n\u0131n ortas\u0131nda topa y\u00fckselen Boa Morte\u2019nin kafa vuru\u015funda me\u015fin yuvarlak auta gitti.<\/span><br \/>\n<span style=\"font-family: arial, helvetica, sans-serif; font-size: 14px;\">86. dakikada Ramazan\u2019\u0131n ceza sahas\u0131 d\u0131\u015f\u0131ndan vuru\u015funda topu kaleci Mert kornere \u00e7eldi.<\/span><br \/>\n<span style=\"font-family: arial, helvetica, sans-serif; font-size: 14px;\">87. dakikada ceza sahas\u0131 i\u00e7erisinde olu\u015fan karambolde Boa Morte\u2019nin kafas\u0131ndan seken topa Arif vole vurdu. Me\u015fin yuvarlak \u00fcstten auta gitti.<\/span><\/p>\n<p><span style=\"font-family: arial, helvetica, sans-serif; font-size: 14px;\">Hakemler: Kadir Sa\u011flam, Mustafa S\u00f6nmez, Serkan \u00c7imen<\/span><br \/>\n<span style=\"font-family: arial, helvetica, sans-serif; font-size: 14px;\">Kayserispor: Bilal, G\u00f6khan, Julian Jeanvier, Arif, Carole, Mehdi Bourabia, Mehmet Eray (Ramazan dk. 76), Shukurov (Ali Karimi dk. 63), Cardoso, Boa Morte, Nazon<\/span><br \/>\n<span style=\"font-family: arial, helvetica, sans-serif; font-size: 14px;\">Yedekler: Onurcan, Kolovetsios, Attamah, Hasan, Ackah, Berat, Yi\u011fit, Talha<\/span><br \/>\n<span style=\"font-family: arial, helvetica, sans-serif; font-size: 14px;\">Teknik Direkt\u00f6r: Burak Y\u0131lmaz<\/span><br \/>\n<span style=\"font-family: arial, helvetica, sans-serif; font-size: 14px;\">Be\u015fikta\u015f: Mert, Onur, Necip, Worrall, Bakhtiyor (Emrecan dk. 82), Amartey, Gedson, Mu\u00e7i, Muleka (Rebic dk. 82) Cenk (Al-Musrati dk. 66) Semih<\/span><br \/>\n<span style=\"font-family: arial, helvetica, sans-serif; font-size: 14px;\">Yedekler: Ersin, Tayyip Talha, Omar, Demir Ege, Mustafa Erhan, Aytu\u011f, Umut, Serkan<\/span><br \/>\n<span style=\"font-family: arial, helvetica, sans-serif; font-size: 14px;\">Teknik Direkt\u00f6r: Fernando Santos<\/span><br \/>\n<span style=\"font-family: arial, helvetica, sans-serif; font-size: 14px;\">Sar\u0131 kartlar: Mehdi Bourabia, G\u00f6khan Sazda\u011f\u0131, Arif (Kayserispor)<\/span><\/p>\n","protected":false},"excerpt":{"rendered":"<p>Trendyol S\u00fcper Lig\u2019in 25. haftas\u0131nda Kayserispor, sahas\u0131nda kar\u015f\u0131la\u015ft\u0131\u011f\u0131 Be\u015fikta\u015f ile gols\u00fcz berabere kald\u0131. Ma\u00e7tan dakikalar 3. dakikada topla bulu\u015fan G\u00f6khan<\/p>\n","protected":false},"author":3,"featured_media":21639,"comment_status":"open","ping_status":"open","sticky":false,"template":"","format":"standard","meta":{"colormag_page_container_layout":"default_layout","colormag_page_sidebar_layout":"default_layout","footnotes":""},"categories":[1,5,9],"tags":[],"class_list":["post-21638","post","type-post","status-publish","format-standard","has-post-thumbnail","hentry","category-genel","category-gundem","category-spor"],"_links":{"self":[{"href":"https:\/\/marmarayerelhizmet.com\/index.php\/wp-json\/wp\/v2\/posts\/21638","targetHints":{"allow":["GET"]}}],"collection":[{"href":"https:\/\/marmarayerelhizmet.com\/index.php\/wp-json\/wp\/v2\/posts"}],"about":[{"href":"https:\/\/marmarayerelhizmet.com\/index.php\/wp-json\/wp\/v2\/types\/post"}],"author":[{"embeddable":true,"href":"https:\/\/marmarayerelhizmet.com\/index.php\/wp-json\/wp\/v2\/users\/3"}],"replies":[{"embeddable":true,"href":"https:\/\/marmarayerelhizmet.com\/index.php\/wp-json\/wp\/v2\/comments?post=21638"}],"version-history":[{"count":0,"href":"https:\/\/marmarayerelhizmet.com\/index.php\/wp-json\/wp\/v2\/posts\/21638\/revisions"}],"wp:featuredmedia":[{"embeddable":true,"href":"https:\/\/marmarayerelhizmet.com\/index.php\/wp-json\/wp\/v2\/media\/21639"}],"wp:attachment":[{"href":"https:\/\/marmarayerelhizmet.com\/index.php\/wp-json\/wp\/v2\/media?parent=21638"}],"wp:term":[{"taxonomy":"category","embeddable":true,"href":"https:\/\/marmarayerelhizmet.com\/index.php\/wp-json\/wp\/v2\/categories?post=21638"},{"taxonomy":"post_tag","embeddable":true,"href":"https:\/\/marmarayerelhizmet.com\/index.php\/wp-json\/wp\/v2\/tags?post=21638"}],"curies":[{"name":"wp","href":"https:\/\/api.w.org\/{rel}","templated":true}]}}