{"id":21626,"date":"2024-02-12T18:03:59","date_gmt":"2024-02-12T15:03:59","guid":{"rendered":"https:\/\/marmarayerelhizmet.com\/?p=21626"},"modified":"2024-02-12T18:03:59","modified_gmt":"2024-02-12T15:03:59","slug":"evet-demenin-maliyeti-70-bin-liradan-basliyor","status":"publish","type":"post","link":"https:\/\/marmarayerelhizmet.com\/index.php\/2024\/02\/12\/evet-demenin-maliyeti-70-bin-liradan-basliyor\/","title":{"rendered":"&#8216;Evet&#8217; Demenin Maliyeti 70 Bin Liradan Ba\u015fl\u0131yor"},"content":{"rendered":"<p><strong><span style=\"font-family: arial, helvetica, sans-serif; font-size: 14px;\">Kocaeli&#8217;de yaz d\u00f6neminde d\u00fcnyaevine girmeye haz\u0131rlanan \u00e7iftleri tatl\u0131 bir tela\u015f sararken, organizasyonlu d\u00fc\u011f\u00fcnlerin 70 bin TL&#8217;den ba\u015flay\u0131p, 500 bin TL&#8217;ye kadar \u00e7\u0131kt\u0131\u011f\u0131 \u00f6\u011frenildi.<br \/>\n<\/span><\/strong><br \/>\n<span style=\"font-family: arial, helvetica, sans-serif; font-size: 14px;\">Evlenecek \u00e7iftlerin d\u00fc\u011f\u00fcn sekt\u00f6r\u00fcndeki son trendleri ve yenilikleri yak\u0131ndan g\u00f6rme f\u0131rsat\u0131 bulmas\u0131 amac\u0131yla Kocaeli B\u00fcy\u00fck\u015fehir Belediyesi \u00f6nc\u00fcl\u00fc\u011f\u00fcnde, &#8220;Evlilik Fuar\u0131&#8221; d\u00fczenlendi. Kocaeli Kongre Merkezi&#8217;nde d\u00fczenlenen fuara 57 firma kat\u0131ld\u0131. Fuarda d\u00fc\u011f\u00fcn sekt\u00f6r\u00fcne ait t\u00fcm detaylar, sekt\u00f6r temsilcileri taraf\u0131ndan \u00e7iftlere anlat\u0131ld\u0131. Kocaeli D\u00fc\u011f\u00fcn ve Davet Etkinlik \u0130\u015fletmecileri Dayan\u0131\u015fma ve Geli\u015ftirme Derne\u011fi (KODED) Ba\u015fkan\u0131 Erkan G\u00f6nen\u00e7 ise bu y\u0131l\u0131n d\u00fc\u011f\u00fcn maliyetleri hakk\u0131nda bilgi vererek, \u00e7iftlere uyar\u0131larda bulundu.<\/span><br \/>\n<span style=\"font-family: arial, helvetica, sans-serif; font-size: 14px;\">\u00c7iftlerin d\u00fc\u011f\u00fcnden yakla\u015f\u0131k 8 ay \u00f6nce salon kiralamas\u0131 gerekti\u011fini s\u00f6yleyen Erkan G\u00f6nen\u00e7, &#8220;Ge\u00e7 kalmas\u0131nlar, yerlerini rezerve etsinler. Bir d\u00fc\u011f\u00fcn kolay yap\u0131lm\u0131yor. \u0130nsan hayat\u0131nda bir kez evleniyor. Her \u015feyin g\u00fczel olmas\u0131n\u0131 istiyor. Gelinliklerini son 1 aya b\u0131rakmas\u0131nlar. Onun i\u00e7in de 6 ay \u00f6nceden rezervasyon yapt\u0131rs\u0131nlar. B\u00fct\u00fcn \u00e7iftlerimizden ge\u00e7 kalmamalar\u0131n\u0131 istiyoruz. Sezon May\u0131s&#8217;\u0131n 15&#8217;inden sonra ba\u015fl\u0131yor. Haziran, temmuz ve a\u011fustos aylar\u0131 Kocaeli&#8217;de \u00e7ok yo\u011fun ge\u00e7iyor&#8221; dedi.<\/span><\/p>\n<p><strong><span style=\"font-family: arial, helvetica, sans-serif; font-size: 14px;\">&#8220;70 bin TL&#8217;ye de yapabiliyorsunuz, 500 bin TL&#8217;ye de&#8221;<\/span><\/strong><br \/>\n<span style=\"font-family: arial, helvetica, sans-serif; font-size: 14px;\">Her b\u00fct\u00e7eye g\u00f6re d\u00fc\u011f\u00fcn salonu oldu\u011funu s\u00f6yleyen Erkan G\u00f6nen\u00e7, &#8220;Bir d\u00fc\u011f\u00fcn\u00fc 70 bin TL\u2019ye de, 500 bin TL&#8217;ye de yapabiliyorsunuz. Ki\u015fi say\u0131s\u0131 ve organizasyonda \u00e7ok \u00f6nemli. K\u0131r d\u00fc\u011f\u00fcn\u00fc yap\u0131yorsan\u0131z led \u0131\u015f\u0131klar kiralad\u0131\u011f\u0131n\u0131z zaman bunlar\u0131n her biri fiyata ekleniyor&#8221; diye konu\u015ftu.<\/span><\/p>\n<p><strong><span style=\"font-family: arial, helvetica, sans-serif; font-size: 14px;\">&#8220;100 bin TL&#8217;ye anla\u015ft\u0131m&#8221;<\/span><\/strong><br \/>\n<span style=\"font-family: arial, helvetica, sans-serif; font-size: 14px;\">24 A\u011fustos&#8217;ta evlenece\u011fini s\u00f6yleyen Kerem Ayman, &#8220;Bir yandan ev ile ilgilenirken, bir yandan da haz\u0131rl\u0131klar\u0131m\u0131z\u0131 tamamlamaya \u00e7al\u0131\u015f\u0131yoruz. Belediyelerin k\u00fclt\u00fcr merkezlerinden, \u00f6zel salonlara kadar hepsini gezdim. Ayr\u0131 ayr\u0131 u\u011fra\u015fmaktansa bir d\u00fc\u011f\u00fcn salonunda hepsini tek bir kalemde toplad\u0131m. 100 bin TL&#8217;ye anla\u015ft\u0131m. Ayr\u0131 ayr\u0131 da yapsayd\u0131m 90 bin TL ile 125 bin TL tutacakt\u0131. \u00c7ok da de\u011fi\u015fen bir \u015fey olmayacakt\u0131&#8221; ifadelerini kulland\u0131.<\/span><\/p>\n","protected":false},"excerpt":{"rendered":"<p>Kocaeli&#8217;de yaz d\u00f6neminde d\u00fcnyaevine girmeye haz\u0131rlanan \u00e7iftleri tatl\u0131 bir tela\u015f sararken, organizasyonlu d\u00fc\u011f\u00fcnlerin 70 bin TL&#8217;den ba\u015flay\u0131p, 500 bin TL&#8217;ye<\/p>\n","protected":false},"author":3,"featured_media":21627,"comment_status":"open","ping_status":"open","sticky":false,"template":"","format":"standard","meta":{"colormag_page_container_layout":"default_layout","colormag_page_sidebar_layout":"default_layout","footnotes":""},"categories":[3,1,5],"tags":[],"class_list":["post-21626","post","type-post","status-publish","format-standard","has-post-thumbnail","hentry","category-ekonomi","category-genel","category-gundem"],"_links":{"self":[{"href":"https:\/\/marmarayerelhizmet.com\/index.php\/wp-json\/wp\/v2\/posts\/21626","targetHints":{"allow":["GET"]}}],"collection":[{"href":"https:\/\/marmarayerelhizmet.com\/index.php\/wp-json\/wp\/v2\/posts"}],"about":[{"href":"https:\/\/marmarayerelhizmet.com\/index.php\/wp-json\/wp\/v2\/types\/post"}],"author":[{"embeddable":true,"href":"https:\/\/marmarayerelhizmet.com\/index.php\/wp-json\/wp\/v2\/users\/3"}],"replies":[{"embeddable":true,"href":"https:\/\/marmarayerelhizmet.com\/index.php\/wp-json\/wp\/v2\/comments?post=21626"}],"version-history":[{"count":0,"href":"https:\/\/marmarayerelhizmet.com\/index.php\/wp-json\/wp\/v2\/posts\/21626\/revisions"}],"wp:featuredmedia":[{"embeddable":true,"href":"https:\/\/marmarayerelhizmet.com\/index.php\/wp-json\/wp\/v2\/media\/21627"}],"wp:attachment":[{"href":"https:\/\/marmarayerelhizmet.com\/index.php\/wp-json\/wp\/v2\/media?parent=21626"}],"wp:term":[{"taxonomy":"category","embeddable":true,"href":"https:\/\/marmarayerelhizmet.com\/index.php\/wp-json\/wp\/v2\/categories?post=21626"},{"taxonomy":"post_tag","embeddable":true,"href":"https:\/\/marmarayerelhizmet.com\/index.php\/wp-json\/wp\/v2\/tags?post=21626"}],"curies":[{"name":"wp","href":"https:\/\/api.w.org\/{rel}","templated":true}]}}