{"id":21622,"date":"2024-02-12T18:00:05","date_gmt":"2024-02-12T15:00:05","guid":{"rendered":"https:\/\/marmarayerelhizmet.com\/?p=21622"},"modified":"2024-02-12T18:00:05","modified_gmt":"2024-02-12T15:00:05","slug":"cok-kuvvetli-yagis-bekleniyor","status":"publish","type":"post","link":"https:\/\/marmarayerelhizmet.com\/index.php\/2024\/02\/12\/cok-kuvvetli-yagis-bekleniyor\/","title":{"rendered":"\u00c7ok Kuvvetli Ya\u011f\u0131\u015f Bekleniyor"},"content":{"rendered":"<p><strong><span style=\"font-family: arial, helvetica, sans-serif; font-size: 14px;\">Meteoroloji Genel M\u00fcd\u00fcrl\u00fc\u011f\u00fc Hava Tahmin Uzman\u0131 Fevzi Burak Tekin, \u201c\u00dclkemiz yeni haftayla birlikte yeni bir ya\u011f\u0131\u015fl\u0131 sistemin etkisi alt\u0131na girdi. Pazartesi g\u00fcn\u00fc bat\u0131 kesimlerde etkisini g\u00f6steren ya\u011f\u0131\u015fl\u0131 sistem, sal\u0131 g\u00fcn\u00fc i\u00e7 kesimlere kadar sokulacak ve hafta boyunca \u00fclkemiz genelinde ya\u011f\u0131\u015flar\u0131 g\u00f6rece\u011fiz\u201d dedi.<br \/>\n<\/span><\/strong><br \/>\n<span style=\"font-family: arial, helvetica, sans-serif; font-size: 14px;\">\u00c7evre, \u015eehircilik ve \u0130klim De\u011fi\u015fikli\u011fi Bakanl\u0131\u011f\u0131 Meteoroloji Genel M\u00fcd\u00fcrl\u00fc\u011f\u00fc Hava Tahmin Uzman\u0131 Fevzi Burak Tekin, yurt genelinde ya\u015fanacak hava durumuna ili\u015fkin a\u00e7\u0131klamalarda bulundu.<\/span><\/p>\n<p><strong><span style=\"font-family: arial, helvetica, sans-serif; font-size: 14px;\">\u201c\u00dclkemiz yeni haftayla birlikte ya\u011f\u0131\u015fl\u0131 sistemin alt\u0131na girdi\u201d<\/span><\/strong><br \/>\n<span style=\"font-family: arial, helvetica, sans-serif; font-size: 14px;\">Yurt genelinde s\u0131cakl\u0131klar\u0131n d\u00fc\u015fece\u011fini ve yer yer kuvvetli sa\u011fanaklar ile f\u0131rt\u0131nalar\u0131n esece\u011fini belirten Tekin, \u201c\u00dclkemiz yeni haftayla birlikte yeni bir ya\u011f\u0131\u015fl\u0131 sistemin etkisi alt\u0131na girdi. Pazartesi g\u00fcn\u00fc bat\u0131 kesimlerde etkisini g\u00f6steren ya\u011f\u0131\u015fl\u0131 sistem, sal\u0131 g\u00fcn\u00fc i\u00e7 kesimlere kadar sokulacak ve hafta boyunca \u00fclkemiz genelinde ya\u011f\u0131\u015flar\u0131 g\u00f6rece\u011fiz\u201d diye konu\u015ftu.<\/span><br \/>\n<span style=\"font-family: arial, helvetica, sans-serif; font-size: 14px;\">Akdeniz ve G\u00fcney Ege\u2019de yer g\u00f6k g\u00fcr\u00fclt\u00fcl\u00fc sa\u011fanak olaca\u011f\u0131n\u0131 kaydeden Tekin, \u201cDo\u011fu kesimlerde karla kar\u0131\u015faca\u011f\u0131n\u0131 ve kar \u015feklinde ya\u011f\u0131\u015flar\u0131 g\u00f6rece\u011fiz. \u00d6zellikle yar\u0131n i\u00e7 kesimlerde g\u00fcneyli y\u00f6nlerden r\u00fczgar f\u0131rt\u0131na \u015feklinde esecek. Dikkatli olunmal\u0131. Bununla birlikte ise yar\u0131n sal\u0131 g\u00fcn\u00fc sabah saatlerine kadar Marmara bat\u0131s\u0131 ve k\u0131y\u0131 Ege&#8217;de ya\u011f\u0131\u015flar kuvvetli olacak\u201d ifadesini kulland\u0131.<\/span><\/p>\n<p><strong><span style=\"font-family: arial, helvetica, sans-serif; font-size: 14px;\">\u201cAntalya&#8217;da \u00e7ok kuvvetli ya\u011f\u0131\u015f bekliyoruz\u201d<\/span><\/strong><br \/>\n<span style=\"font-family: arial, helvetica, sans-serif; font-size: 14px;\">Edirne, K\u0131rklareli, \u00c7anakkale, Bal\u0131kesir, \u0130zmir, Ayd\u0131n, Manisa ve Mu\u011fla \u00e7evrelerinde ya\u011f\u0131\u015flar\u0131n kuvvetleri olaca\u011f\u0131n\u0131 bildiren Tekin, \u015funlar\u0131 kaydetti:<\/span><br \/>\n<span style=\"font-family: arial, helvetica, sans-serif; font-size: 14px;\">\u201cBuradaki vatanda\u015flar\u0131m\u0131z\u0131n dikkatli olmas\u0131n\u0131 istemekteyiz. Antalya&#8217;da \u00e7ok kuvvetli yer yer \u015fiddetli ya\u011f\u0131\u015f bekliyoruz. Pazartesi g\u00fcn\u00fc ak\u015fam saatlerinde ba\u015flayacak. Sal\u0131 g\u00fcn\u00fc g\u00fcn boyunca devam edecek. \u00d6zellikle Antalya&#8217;n\u0131n merkez il\u00e7elerinde y\u00fcz kilograma yak\u0131n ya\u011f\u0131\u015f d\u00fc\u015febilir. Dikkatli olunmal\u0131. Buralar ise Konyaalt\u0131, D\u00f6\u015femealt\u0131, Kepez, Muratpa\u015fa, Aksu ve Kemer \u00e7evrelerinde ya\u011f\u0131\u015flar\u0131n \u00e7ok kuvvetli ve olmas\u0131n\u0131 bekliyoruz.\u201d<\/span><br \/>\n<span style=\"font-family: arial, helvetica, sans-serif; font-size: 14px;\">Isparta ve Burdur\u2019un do\u011fusunda kuvvetli sa\u011fana\u011f\u0131n i olaca\u011f\u0131n\u0131 anlatan Tekin, ya\u011f\u0131\u015flar\u0131n Sal\u0131 g\u00fcn\u00fc ak\u015fama kadar devam edece\u011fini aktard\u0131. Tekin, bu \u00e7evredeki vatanda\u015flar\u0131n sel, su bask\u0131n\u0131 ve ula\u015f\u0131mda aksamalara kar\u015f\u0131 \u00f6nlem almas\u0131 gerekti\u011fini dile getirdi.<\/span><br \/>\n<span style=\"font-family: arial, helvetica, sans-serif; font-size: 14px;\">Ya\u011f\u0131\u015fl\u0131 sistemin \u00c7ar\u015famba g\u00fcn\u00fc hemen hemen t\u00fcm yurtta etkili olaca\u011f\u0131n\u0131n vurgulayan Tekin, \u201c\u00c7ar\u015famba g\u00fcn\u00fc ise Bat\u0131 Akdeniz&#8217;in k\u0131y\u0131 kesimleri, Do\u011fu Akdeniz, G\u00fcneydo\u011fu Anadolu ve Do\u011fu Anadolu&#8217;nun bat\u0131s\u0131nda kuvvet olacak dikkatli olunmal\u0131. Per\u015fembe g\u00fcn\u00fc ise Hakkari, \u015e\u0131rnak ve Van\u2019\u0131n g\u00fcneyinde ya\u011f\u0131\u015flar\u0131n kuvvetli olmas\u0131n\u0131 tahmin etmekteyiz\u201d ifadelerine yer verdi.<\/span><br \/>\n<span style=\"font-family: arial, helvetica, sans-serif; font-size: 14px;\">Tekin, hava s\u0131cakl\u0131\u011f\u0131nda ise yurdun kuzey ve bat\u0131 kesimlerinde d\u00f6rt ile alt\u0131 derecelik bir azal\u0131\u015f\u0131n s\u00f6z konusu olaca\u011f\u0131n\u0131 belirtti.<\/span><\/p>\n<p><strong><span style=\"font-family: arial, helvetica, sans-serif; font-size: 14px;\">Ankara<\/span><\/strong><br \/>\n<span style=\"font-family: arial, helvetica, sans-serif; font-size: 14px;\">Ankara\u2019n\u0131n hava durumunu de\u011ferlendiren Tekin, \u201cBa\u015fkentte \u00fc\u00e7 g\u00fcn boyunca ya\u011f\u0131\u015flar\u0131 bekliyoruz. Aral\u0131klarla sa\u011fanak ya\u011f\u0131\u015f kendini g\u00f6sterecek. Hava s\u0131cakl\u0131\u011f\u0131 Sal\u0131 g\u00fcn\u00fc 15 derece, \u00c7ar\u015famba g\u00fcn\u00fc 9 derece, Per\u015fembe g\u00fcn\u00fc ise 7 dereceye kadar d\u00fc\u015fecek. Gece s\u0131cakl\u0131klar\u0131 5 ile 7 derece aras\u0131nda seyredecek\u201d diye konu\u015ftu.<\/span><\/p>\n<p><strong><span style=\"font-family: arial, helvetica, sans-serif; font-size: 14px;\">\u0130stanbul ve \u0130zmir<\/span><\/strong><br \/>\n<span style=\"font-family: arial, helvetica, sans-serif; font-size: 14px;\">\u0130stanbul\u2019da ise \u00fc\u00e7 g\u00fcn boyunca ya\u011f\u0131\u015f\u0131n kendini g\u00f6sterece\u011fine dikkati \u00e7eken Tekin, \u201cG\u00fcn\u00fcn en y\u00fcksek s\u0131cakl\u0131\u011f\u0131 Sal\u0131 14, \u00c7ar\u015famba 12, Per\u015fembe ise 9 dereceye kadar d\u00fc\u015fecek. \u0130zmir&#8217;e bakt\u0131\u011f\u0131m\u0131zda ise \u0130zmir&#8217;de de yar\u0131n ya\u011f\u0131\u015f\u0131 g\u00f6rece\u011fiz sa\u011fanak ya\u011f\u0131\u015fl\u0131. \u00c7ar\u015famba ve Per\u015fembe g\u00fcn\u00fc ya\u011f\u0131\u015f ara verecek fakat r\u00fczgar kuvvetli esecek. Yine kuvvetli r\u00fczgara kar\u015f\u0131 dikkatli olunmal\u0131. Hava s\u0131cakl\u0131\u011f\u0131 \u00fc\u00e7 g\u00fcn boyunca 15 ile 17 derece aras\u0131nda seyredecek\u201d kaydetti.<\/span><\/p>\n","protected":false},"excerpt":{"rendered":"<p>Meteoroloji Genel M\u00fcd\u00fcrl\u00fc\u011f\u00fc Hava Tahmin Uzman\u0131 Fevzi Burak Tekin, \u201c\u00dclkemiz yeni haftayla birlikte yeni bir ya\u011f\u0131\u015fl\u0131 sistemin etkisi alt\u0131na girdi.<\/p>\n","protected":false},"author":3,"featured_media":21623,"comment_status":"open","ping_status":"open","sticky":false,"template":"","format":"standard","meta":{"colormag_page_container_layout":"default_layout","colormag_page_sidebar_layout":"default_layout","footnotes":""},"categories":[1,5],"tags":[],"class_list":["post-21622","post","type-post","status-publish","format-standard","has-post-thumbnail","hentry","category-genel","category-gundem"],"_links":{"self":[{"href":"https:\/\/marmarayerelhizmet.com\/index.php\/wp-json\/wp\/v2\/posts\/21622","targetHints":{"allow":["GET"]}}],"collection":[{"href":"https:\/\/marmarayerelhizmet.com\/index.php\/wp-json\/wp\/v2\/posts"}],"about":[{"href":"https:\/\/marmarayerelhizmet.com\/index.php\/wp-json\/wp\/v2\/types\/post"}],"author":[{"embeddable":true,"href":"https:\/\/marmarayerelhizmet.com\/index.php\/wp-json\/wp\/v2\/users\/3"}],"replies":[{"embeddable":true,"href":"https:\/\/marmarayerelhizmet.com\/index.php\/wp-json\/wp\/v2\/comments?post=21622"}],"version-history":[{"count":0,"href":"https:\/\/marmarayerelhizmet.com\/index.php\/wp-json\/wp\/v2\/posts\/21622\/revisions"}],"wp:featuredmedia":[{"embeddable":true,"href":"https:\/\/marmarayerelhizmet.com\/index.php\/wp-json\/wp\/v2\/media\/21623"}],"wp:attachment":[{"href":"https:\/\/marmarayerelhizmet.com\/index.php\/wp-json\/wp\/v2\/media?parent=21622"}],"wp:term":[{"taxonomy":"category","embeddable":true,"href":"https:\/\/marmarayerelhizmet.com\/index.php\/wp-json\/wp\/v2\/categories?post=21622"},{"taxonomy":"post_tag","embeddable":true,"href":"https:\/\/marmarayerelhizmet.com\/index.php\/wp-json\/wp\/v2\/tags?post=21622"}],"curies":[{"name":"wp","href":"https:\/\/api.w.org\/{rel}","templated":true}]}}