{"id":21619,"date":"2024-02-12T17:57:29","date_gmt":"2024-02-12T14:57:29","guid":{"rendered":"https:\/\/marmarayerelhizmet.com\/?p=21619"},"modified":"2024-02-12T17:57:29","modified_gmt":"2024-02-12T14:57:29","slug":"erdogan-gezeravciyi-kabul-etti","status":"publish","type":"post","link":"https:\/\/marmarayerelhizmet.com\/index.php\/2024\/02\/12\/erdogan-gezeravciyi-kabul-etti\/","title":{"rendered":"Erdo\u011fan, Gezeravc\u0131&#8217;y\u0131 Kabul Etti"},"content":{"rendered":"<p><strong><span style=\"font-family: arial, helvetica, sans-serif; font-size: 14px;\">Cumhurba\u015fkan\u0131 Recep Tayyip Erdo\u011fan, Uluslararas\u0131 Uzay \u0130stasyonu&#8217;nda insanl\u0131 ilk uzay misyonunu ba\u015far\u0131yla tamamlayarak T\u00fcrkiye&#8217;ye d\u00f6nen ilk astronot Alper Gezeravc\u0131&#8217;y\u0131 kabul etti.<br \/>\n<\/span><\/strong><br \/>\n<span style=\"font-family: arial, helvetica, sans-serif; font-size: 14px;\">Cumhurba\u015fkan\u0131 Erdo\u011fan, Esenbo\u011fa Havaliman\u0131&#8217;nda T\u00fcrkiye&#8217;nin ilk Astronotu Alper Gezeravc\u0131 ve ailesini kabul etti.<\/span><br \/>\n<span style=\"font-family: arial, helvetica, sans-serif; font-size: 14px;\">Cumhurba\u015fkan\u0131 Erdo\u011fan, kabulde Gezeravc\u0131&#8217;ya saat hediye etti. Gezeravc\u0131 ise Uluslararas\u0131 Uzay \u0130stasyonu&#8217;nda (ISS) ge\u00e7irdi\u011fi 18 g\u00fcn boyunca yan\u0131nda bulunan T\u00fcrk bayra\u011f\u0131n\u0131 ve &#8220;T\u00fcrkiye&#8217;nin insanl\u0131 ilk uzay misyonu&#8221; yazan pe\u00e7i Cumhurba\u015fkan\u0131 Erdo\u011fan&#8217;a takdim etti.<\/span><br \/>\n<span style=\"font-family: arial, helvetica, sans-serif; font-size: 14px;\">Kabulde, Cumhurba\u015fkan\u0131 Erdo\u011fan&#8217;\u0131n e\u015fi Emine Erdo\u011fan ile Sanayi ve Teknoloji Bakan\u0131 Mehmet Fatih Kac\u0131r, T\u00dcB\u0130TAK Ba\u015fkan\u0131 Hasan Mandal, T\u00fcrkiye Uzay Ajans\u0131 (TUA) Ba\u015fkan\u0131 Yusuf K\u0131ra\u00e7 da yer ald\u0131.<\/span><\/p>\n","protected":false},"excerpt":{"rendered":"<p>Cumhurba\u015fkan\u0131 Recep Tayyip Erdo\u011fan, Uluslararas\u0131 Uzay \u0130stasyonu&#8217;nda insanl\u0131 ilk uzay misyonunu ba\u015far\u0131yla tamamlayarak T\u00fcrkiye&#8217;ye d\u00f6nen ilk astronot Alper Gezeravc\u0131&#8217;y\u0131 kabul<\/p>\n","protected":false},"author":3,"featured_media":21620,"comment_status":"open","ping_status":"open","sticky":false,"template":"","format":"standard","meta":{"colormag_page_container_layout":"default_layout","colormag_page_sidebar_layout":"default_layout","footnotes":""},"categories":[1,5,8],"tags":[],"class_list":["post-21619","post","type-post","status-publish","format-standard","has-post-thumbnail","hentry","category-genel","category-gundem","category-siyaset"],"_links":{"self":[{"href":"https:\/\/marmarayerelhizmet.com\/index.php\/wp-json\/wp\/v2\/posts\/21619","targetHints":{"allow":["GET"]}}],"collection":[{"href":"https:\/\/marmarayerelhizmet.com\/index.php\/wp-json\/wp\/v2\/posts"}],"about":[{"href":"https:\/\/marmarayerelhizmet.com\/index.php\/wp-json\/wp\/v2\/types\/post"}],"author":[{"embeddable":true,"href":"https:\/\/marmarayerelhizmet.com\/index.php\/wp-json\/wp\/v2\/users\/3"}],"replies":[{"embeddable":true,"href":"https:\/\/marmarayerelhizmet.com\/index.php\/wp-json\/wp\/v2\/comments?post=21619"}],"version-history":[{"count":0,"href":"https:\/\/marmarayerelhizmet.com\/index.php\/wp-json\/wp\/v2\/posts\/21619\/revisions"}],"wp:featuredmedia":[{"embeddable":true,"href":"https:\/\/marmarayerelhizmet.com\/index.php\/wp-json\/wp\/v2\/media\/21620"}],"wp:attachment":[{"href":"https:\/\/marmarayerelhizmet.com\/index.php\/wp-json\/wp\/v2\/media?parent=21619"}],"wp:term":[{"taxonomy":"category","embeddable":true,"href":"https:\/\/marmarayerelhizmet.com\/index.php\/wp-json\/wp\/v2\/categories?post=21619"},{"taxonomy":"post_tag","embeddable":true,"href":"https:\/\/marmarayerelhizmet.com\/index.php\/wp-json\/wp\/v2\/tags?post=21619"}],"curies":[{"name":"wp","href":"https:\/\/api.w.org\/{rel}","templated":true}]}}