{"id":21615,"date":"2024-02-12T15:39:47","date_gmt":"2024-02-12T12:39:47","guid":{"rendered":"https:\/\/marmarayerelhizmet.com\/?p=21615"},"modified":"2024-02-12T15:39:47","modified_gmt":"2024-02-12T12:39:47","slug":"yilmazdan-ureticiye-buyuk-destek","status":"publish","type":"post","link":"https:\/\/marmarayerelhizmet.com\/index.php\/2024\/02\/12\/yilmazdan-ureticiye-buyuk-destek\/","title":{"rendered":"Y\u0131lmaz\u2019dan \u00dcreticiye B\u00fcy\u00fck Destek"},"content":{"rendered":"<p><strong><span style=\"font-family: arial, helvetica, sans-serif; font-size: 14px;\">Bal\u0131kesir B\u00fcy\u00fck\u015fehir Belediyesi, Sava\u015ftepe\u2019de 550 k\u00fc\u00e7\u00fckba\u015f da\u011f\u0131tt\u0131. Bal\u0131kesir B\u00fcy\u00fck\u015fehir Belediye Ba\u015fkan\u0131 Y\u00fccel Y\u0131lmaz, mevcut Sava\u015ftepe Belediye Ba\u015fkan\u0131 Turhan \u015eim\u015fek ve AK Parti Sava\u015ftepe Belediye Ba\u015fkan Aday\u0131 \u00dcmmet \u015eamil Zengin ile birlikte Sava\u015ftepeli \u00fcreticilere 550 dam\u0131zl\u0131k k\u00fc\u00e7\u00fckba\u015f hayvan da\u011f\u0131tt\u0131.<br \/>\n<\/span><\/strong><br \/>\n<span style=\"font-family: arial, helvetica, sans-serif; font-size: 14px;\">Bal\u0131kesir B\u00fcy\u00fck\u015fehir Belediyesi; k\u0131rsalda k\u00fc\u00e7\u00fckba\u015f hayvanc\u0131l\u0131\u011f\u0131 yayg\u0131nla\u015ft\u0131rmak, \u00e7ift\u00e7ilerin gelir d\u00fczeyi art\u0131rmak ve kaliteyi y\u00fckseltmek amac\u0131yla \u00fcreticilere k\u00fc\u00e7\u00fckba\u015f hayvan deste\u011fini s\u00fcrd\u00fcr\u00fcyor. B\u00fcy\u00fck\u015fehir Belediye Ba\u015fkan\u0131 Y\u00fccel Y\u0131lmaz\u2019\u0131n kat\u0131l\u0131m\u0131yla Sava\u015ftepe il\u00e7esinde d\u00fczenlenen da\u011f\u0131t\u0131m t\u00f6reninde 50 \u00fcreticiye 10\u2019u di\u015fi, biri erkek olmak \u00fczere toplam 550 ba\u015f dam\u0131zl\u0131k k\u00fc\u00e7\u00fckba\u015f hayvan da\u011f\u0131t\u0131ld\u0131.<\/span><\/p>\n<p><strong><span style=\"font-family: arial, helvetica, sans-serif; font-size: 14px;\">Bakan Yumakl\u0131\u2019dan Bal\u0131kesir\u2019e \u00f6vg\u00fc<\/span><\/strong><br \/>\n<span style=\"font-family: arial, helvetica, sans-serif; font-size: 14px;\">\u0130l Tar\u0131m ve Orman M\u00fcd\u00fcr\u00fc Erkan Alkan, k\u00fc\u00e7\u00fckba\u015f hayvanlarda verimi art\u0131rmaya y\u00f6nelik proje kapsam\u0131nda da\u011f\u0131t\u0131mlar\u0131n s\u00fcrd\u00fc\u011f\u00fcn\u00fc ifade ederek, \u201c\u00c7al\u0131\u015fmalar\u0131ndan dolay\u0131 B\u00fcy\u00fck\u015fehir Belediye Ba\u015fkan\u0131m\u0131z Y\u00fccel Y\u0131lmaz ve t\u00fcm ekibine te\u015fekk\u00fcr ediyorum. Maliyetleri azaltmak i\u00e7in ge\u00e7mi\u015f y\u0131llara oranla, 6 kat fazla yem bitkisi da\u011f\u0131t\u0131lm\u0131\u015f ki bu bir rekordur. Aral\u0131k ay\u0131nda, Tar\u0131m ve Orman Bakan\u0131m\u0131z \u0130brahim Yumakl\u0131 ba\u015fkanl\u0131\u011f\u0131nda il m\u00fcd\u00fcrleri toplant\u0131s\u0131 yapt\u0131k. Say\u0131n Bakan\u0131m\u0131z orada \u015fu c\u00fcmleyi kulland\u0131; \u2018Bal\u0131kesir\u2019den \u00e7ok g\u00fczel projeler \u00e7\u0131k\u0131yor, di\u011fer iller bunu \u00f6rnek als\u0131nlar.\u2019 Bu bizim i\u00e7in gurur verici, bunun ba\u015f akt\u00f6rlerinden biri de Ba\u015fkan\u0131m\u0131z Y\u00fccel Y\u0131lmaz\u2019d\u0131r\u201d dedi.<img decoding=\"async\" class=\"size-medium wp-image-21616 alignright\" src=\"https:\/\/marmarayerelhizmet.com\/wp-content\/uploads\/2024\/02\/AW140074_03-300x200.jpg\" alt=\"\" width=\"300\" height=\"200\" srcset=\"https:\/\/marmarayerelhizmet.com\/wp-content\/uploads\/2024\/02\/AW140074_03-300x200.jpg 300w, https:\/\/marmarayerelhizmet.com\/wp-content\/uploads\/2024\/02\/AW140074_03-768x513.jpg 768w, https:\/\/marmarayerelhizmet.com\/wp-content\/uploads\/2024\/02\/AW140074_03.jpg 998w\" sizes=\"(max-width: 300px) 100vw, 300px\" \/><\/span><\/p>\n<p><strong><span style=\"font-family: arial, helvetica, sans-serif; font-size: 14px;\">Destekler artarak s\u00fcrecek<\/span><\/strong><br \/>\n<span style=\"font-family: arial, helvetica, sans-serif; font-size: 14px;\">Sava\u015ftepe Belediye Ba\u015fkan\u0131 Turhan \u015eim\u015fek, B\u00fcy\u00fck\u015fehir Belediye Ba\u015fkan\u0131 Y\u00fccel Y\u0131lmaz\u2019\u0131n bug\u00fcne kadar her alanda Sava\u015ftepe\u2019ye destek oldu\u011funu ifade ederek te\u015fekk\u00fcr etti. Ba\u015fkan \u015eim\u015fek, \u201cB\u00fcy\u00fck\u015fehir Belediyemizin desteklerinin yeni d\u00f6nemde de artarak devam edece\u011fine g\u00f6n\u00fclden inan\u0131yorum. Projenin \u00fcreticilerimize ve \u015fehrimize hay\u0131rl\u0131 olmas\u0131n\u0131 diliyorum\u201d a\u00e7\u0131klamas\u0131nda bulundu.<\/span><\/p>\n<p><strong><span style=\"font-family: arial, helvetica, sans-serif; font-size: 14px;\">\u015eehrin her k\u00f6\u015fesine dokunuyoruz<\/span><\/strong><br \/>\n<span style=\"font-family: arial, helvetica, sans-serif; font-size: 14px;\">Bal\u0131kesir B\u00fcy\u00fck\u015fehir Belediye Ba\u015fkan\u0131 Y\u00fccel Y\u0131lmaz, B\u00fcy\u00fck\u015fehir olarak sa\u011flad\u0131klar\u0131 desteklerin \u00fcretimin s\u00fcrd\u00fcr\u00fclebilirli\u011fi, k\u00fc\u00e7\u00fckba\u015f hayvan say\u0131s\u0131n\u0131n ve verimlili\u011fin artmas\u0131na, \u00fcreticilerin gelir d\u00fczeyinin y\u00fckselmesine vesile oldu\u011funu s\u00f6yledi. \u015eehrin her k\u00f6\u015fesine dokunmaya \u00e7al\u0131\u015ft\u0131klar\u0131n\u0131 s\u00f6yleyen Ba\u015fkan Y\u0131lmaz, \u201cBu \u015fehrin gencini, ya\u015fl\u0131s\u0131n\u0131, kad\u0131n\u0131n\u0131, \u00e7ocu\u011funu herkesi d\u00fc\u015f\u00fcn\u00fcyoruz. Tar\u0131m\u0131na, sanayisine, turizmine dokunuyoruz. \u00d6yle bir 5 sene ge\u00e7irdik ki; i\u00e7inde pandemi var, deprem var. Hamdolsun hi\u00e7 durmad\u0131k\u201d dedi.<\/span><\/p>\n","protected":false},"excerpt":{"rendered":"<p>Bal\u0131kesir B\u00fcy\u00fck\u015fehir Belediyesi, Sava\u015ftepe\u2019de 550 k\u00fc\u00e7\u00fckba\u015f da\u011f\u0131tt\u0131. Bal\u0131kesir B\u00fcy\u00fck\u015fehir Belediye Ba\u015fkan\u0131 Y\u00fccel Y\u0131lmaz, mevcut Sava\u015ftepe Belediye Ba\u015fkan\u0131 Turhan \u015eim\u015fek ve<\/p>\n","protected":false},"author":3,"featured_media":21617,"comment_status":"open","ping_status":"open","sticky":false,"template":"","format":"standard","meta":{"colormag_page_container_layout":"default_layout","colormag_page_sidebar_layout":"default_layout","footnotes":""},"categories":[1,3,5,8],"tags":[],"class_list":["post-21615","post","type-post","status-publish","format-standard","has-post-thumbnail","hentry","category-genel","category-ekonomi","category-gundem","category-siyaset"],"_links":{"self":[{"href":"https:\/\/marmarayerelhizmet.com\/index.php\/wp-json\/wp\/v2\/posts\/21615","targetHints":{"allow":["GET"]}}],"collection":[{"href":"https:\/\/marmarayerelhizmet.com\/index.php\/wp-json\/wp\/v2\/posts"}],"about":[{"href":"https:\/\/marmarayerelhizmet.com\/index.php\/wp-json\/wp\/v2\/types\/post"}],"author":[{"embeddable":true,"href":"https:\/\/marmarayerelhizmet.com\/index.php\/wp-json\/wp\/v2\/users\/3"}],"replies":[{"embeddable":true,"href":"https:\/\/marmarayerelhizmet.com\/index.php\/wp-json\/wp\/v2\/comments?post=21615"}],"version-history":[{"count":0,"href":"https:\/\/marmarayerelhizmet.com\/index.php\/wp-json\/wp\/v2\/posts\/21615\/revisions"}],"wp:featuredmedia":[{"embeddable":true,"href":"https:\/\/marmarayerelhizmet.com\/index.php\/wp-json\/wp\/v2\/media\/21617"}],"wp:attachment":[{"href":"https:\/\/marmarayerelhizmet.com\/index.php\/wp-json\/wp\/v2\/media?parent=21615"}],"wp:term":[{"taxonomy":"category","embeddable":true,"href":"https:\/\/marmarayerelhizmet.com\/index.php\/wp-json\/wp\/v2\/categories?post=21615"},{"taxonomy":"post_tag","embeddable":true,"href":"https:\/\/marmarayerelhizmet.com\/index.php\/wp-json\/wp\/v2\/tags?post=21615"}],"curies":[{"name":"wp","href":"https:\/\/api.w.org\/{rel}","templated":true}]}}