{"id":21609,"date":"2024-02-12T15:26:13","date_gmt":"2024-02-12T12:26:13","guid":{"rendered":"https:\/\/marmarayerelhizmet.com\/?p=21609"},"modified":"2024-02-12T15:29:59","modified_gmt":"2024-02-12T12:29:59","slug":"ceyrek-ve-yari-final-eslesmeleri-belli-oldu","status":"publish","type":"post","link":"https:\/\/marmarayerelhizmet.com\/index.php\/2024\/02\/12\/ceyrek-ve-yari-final-eslesmeleri-belli-oldu\/","title":{"rendered":"\u00c7eyrek ve Yar\u0131 Final E\u015fle\u015fmeleri Belli Oldu"},"content":{"rendered":"<p><strong><span style=\"font-family: arial, helvetica, sans-serif; font-size: 14px;\">Ziraat T\u00fcrkiye Kupas\u0131 \u00e7eyrek ve yar\u0131 final kura \u00e7ekimi yap\u0131ld\u0131. \u00c7eyrek final turunda Be\u015fikta\u015f &#8211; Konyaspor, MKE Ankarag\u00fcc\u00fc &#8211; Fenerbah\u00e7e ve Galatasaray &#8211; Fatih Karag\u00fcmr\u00fck ile e\u015fle\u015fmeleri ger\u00e7ekle\u015fti.<br \/>\n<\/span><\/strong><br \/>\n<span style=\"font-family: arial, helvetica, sans-serif; font-size: 14px;\">Ziraat T\u00fcrkiye Kupas\u0131 \u00e7eyrek ve yar\u0131 final kura \u00e7ekimi, T\u00fcrkiye Futbol Federasyonu (TFF) Riva Hasan Do\u011fan Milli Tak\u0131mlar Kamp ve E\u011fitim Tesisleri Orhan Saka Konferans Salonu&#8217;nda yap\u0131ld\u0131. Kura \u00e7ekimine TFF y\u00f6netim kurulu \u00fcyeleri ile kul\u00fcp temsilcileri kat\u0131ld\u0131. Kupada \u00e7eyrek final m\u00fcsabakalar\u0131, tek ma\u00e7 eleme usul\u00fcne g\u00f6re yap\u0131lacak. \u00c7eyrek final ma\u00e7lar\u0131 27, 28 ve 29 \u015eubat tarihlerinde oynanacak. Kupada yar\u0131 final ma\u00e7lar\u0131 ise 2 ayakl\u0131 eleme \u00fczerinden ger\u00e7ekle\u015ftirilecek. Yar\u0131 final ve final ma\u00e7lar\u0131n\u0131n tarihleri daha sonra belirlenecek.<\/span><br \/>\n<span style=\"font-family: arial, helvetica, sans-serif; font-size: 14px;\">Ziraat T\u00fcrkiye Kupas\u0131 \u00e7eyrek final e\u015fle\u015fmeleri \u015f\u00f6yle:<\/span><br \/>\n<span style=\"font-family: arial, helvetica, sans-serif; font-size: 14px;\">Trabzonspor &#8211; Ba\u015fak\u015fehir<\/span><br \/>\n<span style=\"font-family: arial, helvetica, sans-serif; font-size: 14px;\">Be\u015fikta\u015f &#8211; Konyaspor<\/span><br \/>\n<span style=\"font-family: arial, helvetica, sans-serif; font-size: 14px;\">MKE Ankarag\u00fcc\u00fc &#8211; Fenerbah\u00e7e<\/span><br \/>\n<span style=\"font-family: arial, helvetica, sans-serif; font-size: 14px;\">Galatasaray &#8211; Fatih Karag\u00fcmr\u00fck<\/span><\/p>\n<p><span style=\"font-family: arial, helvetica, sans-serif; font-size: 14px;\">Ziraat T\u00fcrkiye Kupas\u0131 yar\u0131 final e\u015fle\u015fmeleri \u015fu \u015fekilde:<\/span><br \/>\n<span style=\"font-family: arial, helvetica, sans-serif; font-size: 14px;\">MKE Ankarag\u00fcc\u00fc &#8211; Fenerbah\u00e7e \/ Be\u015fikta\u015f &#8211; Konyaspor<\/span><br \/>\n<span style=\"font-family: arial, helvetica, sans-serif; font-size: 14px;\">Galatasaray &#8211; Fatih Karag\u00fcmr\u00fck \/ Trabzonspor &#8211; Ba\u015fak\u015fehir<\/span><\/p>\n","protected":false},"excerpt":{"rendered":"<p>Ziraat T\u00fcrkiye Kupas\u0131 \u00e7eyrek ve yar\u0131 final kura \u00e7ekimi yap\u0131ld\u0131. \u00c7eyrek final turunda Be\u015fikta\u015f &#8211; Konyaspor, MKE Ankarag\u00fcc\u00fc &#8211; Fenerbah\u00e7e<\/p>\n","protected":false},"author":3,"featured_media":21611,"comment_status":"open","ping_status":"open","sticky":false,"template":"","format":"standard","meta":{"colormag_page_container_layout":"default_layout","colormag_page_sidebar_layout":"default_layout","footnotes":""},"categories":[1,5,9],"tags":[],"class_list":["post-21609","post","type-post","status-publish","format-standard","has-post-thumbnail","hentry","category-genel","category-gundem","category-spor"],"_links":{"self":[{"href":"https:\/\/marmarayerelhizmet.com\/index.php\/wp-json\/wp\/v2\/posts\/21609","targetHints":{"allow":["GET"]}}],"collection":[{"href":"https:\/\/marmarayerelhizmet.com\/index.php\/wp-json\/wp\/v2\/posts"}],"about":[{"href":"https:\/\/marmarayerelhizmet.com\/index.php\/wp-json\/wp\/v2\/types\/post"}],"author":[{"embeddable":true,"href":"https:\/\/marmarayerelhizmet.com\/index.php\/wp-json\/wp\/v2\/users\/3"}],"replies":[{"embeddable":true,"href":"https:\/\/marmarayerelhizmet.com\/index.php\/wp-json\/wp\/v2\/comments?post=21609"}],"version-history":[{"count":0,"href":"https:\/\/marmarayerelhizmet.com\/index.php\/wp-json\/wp\/v2\/posts\/21609\/revisions"}],"wp:featuredmedia":[{"embeddable":true,"href":"https:\/\/marmarayerelhizmet.com\/index.php\/wp-json\/wp\/v2\/media\/21611"}],"wp:attachment":[{"href":"https:\/\/marmarayerelhizmet.com\/index.php\/wp-json\/wp\/v2\/media?parent=21609"}],"wp:term":[{"taxonomy":"category","embeddable":true,"href":"https:\/\/marmarayerelhizmet.com\/index.php\/wp-json\/wp\/v2\/categories?post=21609"},{"taxonomy":"post_tag","embeddable":true,"href":"https:\/\/marmarayerelhizmet.com\/index.php\/wp-json\/wp\/v2\/tags?post=21609"}],"curies":[{"name":"wp","href":"https:\/\/api.w.org\/{rel}","templated":true}]}}