{"id":21606,"date":"2024-02-12T15:22:04","date_gmt":"2024-02-12T12:22:04","guid":{"rendered":"https:\/\/marmarayerelhizmet.com\/?p=21606"},"modified":"2024-02-12T15:22:04","modified_gmt":"2024-02-12T12:22:04","slug":"bu-sadece-bir-baslangicti","status":"publish","type":"post","link":"https:\/\/marmarayerelhizmet.com\/index.php\/2024\/02\/12\/bu-sadece-bir-baslangicti\/","title":{"rendered":"&#8216;Bu Sadece Bir Ba\u015flang\u0131\u00e7t\u0131&#8217;"},"content":{"rendered":"<p><strong><span style=\"font-family: arial, helvetica, sans-serif; font-size: 14px;\">T\u00fcrkiye&#8217;nin ilk astronotu Alper Gezeravc\u0131 21 g\u00fcnl\u00fck uzay misyonunun ard\u0131ndan, &#8220;Bu sadece bir ba\u015flang\u0131\u00e7t\u0131, bir yere var\u0131\u015f hikayesi de\u011fildi&#8221; dedi.<br \/>\n<\/span><\/strong><br \/>\n<span style=\"font-family: arial, helvetica, sans-serif; font-size: 14px;\">T\u00fcrkiye&#8217;nin ilk astronotu Alper Gezeravc\u0131, 21 g\u00fcnl\u00fck uzay g\u00f6revinin ard\u0131ndan yurda d\u00f6nerek bas\u0131n mensuplar\u0131n\u0131n sorular\u0131n\u0131 yan\u0131tlad\u0131.<\/span><\/p>\n<p><strong><span style=\"font-family: arial, helvetica, sans-serif; font-size: 14px;\">&#8220;Hedeflere eri\u015febilmi\u015f olman\u0131n mutlulu\u011fuyla \u00fclkeme geri d\u00f6nd\u00fcm&#8221;<\/span><\/strong><br \/>\n<span style=\"font-family: arial, helvetica, sans-serif; font-size: 14px;\">T\u00fcrkiye&#8217;ye d\u00f6nmekten \u00e7ok mutlu oldu\u011funu s\u00f6yleyen Gezeravc\u0131, \u201cManeviyat\u0131 y\u00fcksek olan bir \u00fclkenin hakikaten i\u00e7ten, samimi insanlar\u0131yla, T\u00fcrk vatanda\u015flar\u0131m\u0131zla tekrar bir araya gelmek, kavu\u015fmak belki de bu yolculu\u011fun en g\u00fczel sonlanan k\u0131sm\u0131yd\u0131. Ben g\u00f6revin ilk ba\u015flang\u0131\u00e7 an\u0131ndan itibaren konulan hedef, bug\u00fcne kadar hakikaten hayallerimizin s\u0131n\u0131r\u0131n\u0131 te\u015fkil eden g\u00f6ky\u00fcz\u00fcndeki g\u00f6z\u00fcm\u00fczle g\u00f6rebildi\u011fimiz s\u0131n\u0131rlar\u0131 bertaraf eden hedeflere eri\u015febilmi\u015f olman\u0131n mutlulu\u011fuyla \u00fclkeme geri d\u00f6nd\u00fcm. Bu hedefin ger\u00e7ekle\u015ftirilmesinde bana d\u00fc\u015fen sorumluluk \u00fclkemin bug\u00fcne kadar bana sa\u011flam\u0131\u015f oldu\u011fu e\u011fitimle, bana kazand\u0131rm\u0131\u015f oldu\u011fu kabiliyetlerle \u00fclkeme bor\u00e7lu oldu\u011fum b\u00fct\u00fcn bu imkanlar\u0131 seferber ederek ger\u00e7ekle\u015ftirdi\u011fimiz g\u00f6revin gerisinde, g\u00f6revin haz\u0131rl\u0131k s\u00fcrecinde bu g\u00fcnlere kadar gelmesini sa\u011flayan, \u00f6ncelikle ortaya koymu\u015f oldu\u011fu g\u00fc\u00e7l\u00fc iradeyle say\u0131n Cumhurba\u015fkan\u0131m\u0131z, devletimizin b\u00fct\u00fcn kurumlar\u0131, g\u00f6revin icras\u0131 s\u00fcrecinde bir \u00e7ark\u0131n m\u00fckemmel i\u015fleyen di\u015fleri gibi hi\u00e7bir aksakl\u0131\u011fa mahal vermeksizin haz\u0131rl\u0131k s\u00fcrecimi \u00e7ok kolay hale getiren ve g\u00f6revin icras\u0131nda hi\u00e7bir aksakl\u0131\u011fa mahal vermeyecek \u015fekilde b\u00fct\u00fcn haz\u0131rl\u0131k s\u00fcrecini y\u00fcr\u00fcten Sanayi ve Teknoloji Bakanl\u0131\u011f\u0131m\u0131z, T\u00fcrkiye Uzay Ajans\u0131m\u0131z ve T\u00dcB\u0130TAK&#8217;\u0131n de\u011ferli \u00e7al\u0131\u015fanlar\u0131na minnettar oldu\u011fumu ifade etmek isterim\u201d ifadelerini kulland\u0131.<\/span><\/p>\n<p><strong><span style=\"font-family: arial, helvetica, sans-serif; font-size: 14px;\">\u201cBu sadece bir ba\u015flang\u0131\u00e7t\u0131, bir yere var\u0131\u015f hikayesi de\u011fildi\u201d<\/span><\/strong><br \/>\n<span style=\"font-family: arial, helvetica, sans-serif; font-size: 14px;\">Bu g\u00f6revin T\u00fcrk astronot ve bilim misyona ad\u0131 alt\u0131nda ger\u00e7ekle\u015fti\u011fine dikkati \u00e7eken Gezeravc\u0131, \u201cT\u00fcrkiye&#8217;nin ilk astronotu olarak gelece\u011fimizin teminat\u0131 az \u00f6nce kar\u015f\u0131la\u015ft\u0131\u011f\u0131m\u0131z sevgili karde\u015flerimize orada ger\u00e7ekle\u015ftirdi\u011fimiz her bir deneyi temsil eden birer bayra\u011f\u0131 elden teslim ederek bundan sonra ba\u015flayan kutlu yolculu\u011fumuzun bayrak de\u011fi\u015fimini ger\u00e7ekle\u015ftirmi\u015f olduk. Say\u0131n bakan\u0131m\u0131z\u0131n da \u00e7ok g\u00fc\u00e7l\u00fc bir irade ile az \u00f6nce ifade etti\u011fi \u015fekilde bu sadece bir ba\u015flang\u0131\u00e7t\u0131, bir yere var\u0131\u015f hikayesi de\u011fildi. Devletimizin g\u00fc\u00e7l\u00fc iradesini sadece burada bizler de\u011fil, g\u00f6revin icras\u0131 esnas\u0131nda haz\u0131rl\u0131k yapt\u0131\u011f\u0131m\u0131z yurtd\u0131\u015f\u0131ndaki farkl\u0131 kurumlar\u0131n bile\u015fenleri Uluslararas\u0131 Uzay \u0130stasyonunda haz\u0131rl\u0131k s\u00fcrecimizi g\u00f6zlemleme imkan\u0131 bulmayan ama orada ger\u00e7ekle\u015ftirdi\u011fimiz deneyleri birebir bizimle birlikte icra a\u015famas\u0131nda vak\u0131f olan ve hayranl\u0131klar\u0131n\u0131, yapt\u0131\u011f\u0131m\u0131z i\u015fleri hakikaten g\u00f6n\u00fclden tebrikleriyle dile getiren insanlar\u0131n duygular\u0131yla geriye d\u00f6nd\u00fcm. \u00dclkemin bu alanda ortaya koymu\u015f oldu\u011fu, ge\u00e7mi\u015fimizde bu noktada yapm\u0131\u015f oldu\u011fumuz hi\u00e7bir g\u00f6rev olmamas\u0131na ra\u011fmen ger\u00e7ekle\u015ftirdi\u011fimiz ilk g\u00f6revin bu derece ba\u015far\u0131yla sonlanmas\u0131ndan \u00f6t\u00fcr\u00fc en i\u00e7ten samimi tebriklerini dile getiren ve bu konuda att\u0131\u011f\u0131m\u0131z ad\u0131m\u0131n ataletin g\u00fc\u00e7l\u00fcl\u00fc\u011f\u00fcn\u00fc hakikaten g\u00f6zlemleyerek dile getiren insanlar\u0131n bize y\u00fcklemi\u015f oldu\u011fu mutlulukla geri d\u00f6nd\u00fcm \u00fclkeme. Ben \u00fclkemin hakikaten bu konuda atm\u0131\u015f oldu\u011fu ad\u0131m\u0131n ve gelece\u011fe y\u00f6nelik koymu\u015f oldu\u011fu hedeflerin g\u00fc\u00e7l\u00fc duru\u015fu noktas\u0131nda g\u00f6revi icra eden bir ki\u015fi olarak de\u011fil, T\u00fcrkiye Cumhuriyeti&#8217;nin bir vatanda\u015f\u0131 olarak yurt d\u0131\u015f\u0131ndaki bas\u0131n yay\u0131n kanallar\u0131nda \u00fclkemize ili\u015fkin hakikaten son derece gurur verici ifadelerden ve yorumlardan alm\u0131\u015f oldu\u011fum ilk izlenimlerle m\u00fcthi\u015f bir \u015fekilde gururlanm\u0131\u015f olarak \u00fclkeme geri d\u00f6nd\u00fcm. \u0130n\u015fallah bundan sonra \u00e7ok daha b\u00fcy\u00fck ataletle b\u00fcy\u00fcyerek devam edecek. \u00c7ok daha ileri noktalara gidecek. Say\u0131n bakan\u0131m\u0131z\u0131n az \u00f6nce de ifade etti\u011fi gibi d\u00fcnyan\u0131n bug\u00fcne kadar payla\u015fm\u0131\u015f oldu\u011fu bizim de \u00fclke olarak fazlas\u0131yla hak etmi\u015f oldu\u011fumuz uzaydaki yerimizi bu ekosistemde fayda sa\u011flayacak, pay alacak \u015fekilde ad\u0131mlar\u0131n at\u0131laca\u011f\u0131n\u0131 in\u015fallah \u00e7ok k\u0131sa s\u00fcre i\u00e7erisinde g\u00f6rece\u011fiz\u201d dedi.<\/span><\/p>\n<p><strong><span style=\"font-family: arial, helvetica, sans-serif; font-size: 14px;\">\u201cDevletimizin atm\u0131\u015f oldu\u011fu bu g\u00fc\u00e7l\u00fc ad\u0131mlarla hak etti\u011fimiz \u00f6z g\u00fcveni aya\u011fa kald\u0131rd\u0131k\u201d<\/span><\/strong><br \/>\n<span style=\"font-family: arial, helvetica, sans-serif; font-size: 14px;\">Bundan sonraki s\u00fcrecin daha da ileri seviyelerde ger\u00e7ekle\u015fece\u011fini s\u00f6yleyen Gezeravc\u0131, \u201cBug\u00fcne kadar eksik olan tek \u015feyimiz damarlar\u0131m\u0131za dola\u015fan asil kan\u0131n bize vermi\u015f oldu\u011fu o y\u00fcksek potansiyelin sadece fark\u0131nda olamay\u0131\u015f\u0131m\u0131zd\u0131. Devletimizin atm\u0131\u015f oldu\u011fu bu g\u00fc\u00e7l\u00fc ad\u0131mlarla hak etti\u011fimiz \u00f6z g\u00fcveni aya\u011fa kald\u0131rd\u0131k. Bundan sonra da \u00e7ok daha ko\u015far ad\u0131mlarla ileriye gitmeye devam edece\u011fiz. Ben tekrardan ekranlar\u0131 ba\u015f\u0131nda da bizleri izleyen t\u00fcm vatanda\u015flar\u0131m\u0131za her aileden birer ferdin bizimle birlikte oraya gitti\u011fini hissetti\u011fimi dile getiriyorum. Bu ba\u015far\u0131 bireysel bir ba\u015far\u0131 de\u011fil. Bu ba\u015far\u0131 T\u00fcrkiye&#8217;deki her hanenin i\u00e7erisinden birer \u00e7ocu\u011fun ba\u015far\u0131s\u0131d\u0131r. Gelecekteki kutlu y\u00fcr\u00fcy\u00fc\u015f\u00fcm\u00fcz herkes i\u00e7in hay\u0131r u\u011furlu olsun, te\u015fekk\u00fcr ederim\u201d diye konu\u015ftu.<\/span><br \/>\n<span style=\"font-family: arial, helvetica, sans-serif; font-size: 14px;\">Bas\u0131n a\u00e7\u0131klamas\u0131n\u0131n ard\u0131ndan bas\u0131n mensuplar\u0131n\u0131n sorular\u0131n\u0131 yan\u0131tlamaya ba\u015flayan Alper Gezeravc\u0131 ilk olarak 10 ya\u015f\u0131ndaki bir \u00e7ocu\u011fun \u201cYapt\u0131\u011f\u0131n\u0131z deneyler sonucunda gelecekte biz nas\u0131l bir teknoloji, nas\u0131l bir d\u00fcnya bekliyor?\u201d sorusuna \u201cSizler bu ba\u015flat\u0131lm\u0131\u015f olan projelerin devam eden ad\u0131mlar\u0131n\u0131n parlayan y\u0131ld\u0131z\u0131s\u0131n\u0131z. Bundan sonra art\u0131k okullar\u0131n\u0131zda \u015fu anda de\u011ferli \u00f6\u011fretmenlerimizin size minik deney setleriyle g\u00f6stermi\u015f oldu\u011fu o kabiliyetlerini sergileyebilece\u011finiz k\u00fc\u00e7\u00fck denemelerin asl\u0131nda ne t\u00fcr b\u00fcy\u00fck alanlara eri\u015febilece\u011fi noktas\u0131nda sadece birer ilk izlenime sahip oldunuz. Bundan sonra o bilim insanlar\u0131m\u0131z\u0131n ger\u00e7ekle\u015ftirilmek \u00fczere bana teslim etmi\u015f oldu\u011fu deneylerin o b\u00fct\u00fcn haz\u0131rl\u0131k s\u00fcre\u00e7lerinin gelecek ad\u0131mlar\u0131na sizler imza atacaks\u0131n\u0131z\u201d \u015feklinde cevap verdi.<\/span><\/p>\n<p><strong><span style=\"font-family: arial, helvetica, sans-serif; font-size: 14px;\">\u201cDevletimin emrindeyim\u201d<\/span><\/strong><br \/>\n<span style=\"font-family: arial, helvetica, sans-serif; font-size: 14px;\">Gezeravc\u0131, bundan sonraki uzay misyonlar\u0131 ile ilgili g\u00f6rev almaktan \u00e7ekinmeyece\u011fine vurgu yaparak, \u201cBen bu g\u00fcnlere devletimin bana vermi\u015f oldu\u011fu e\u011fitimle, devletimin bana kazand\u0131rm\u0131\u015f oldu\u011fu imkanlarla geldim. Bundan sonra da devletimin emrindeyim\u201d \u015feklinde konu\u015ftu.<\/span><\/p>\n<p><strong><span style=\"font-family: arial, helvetica, sans-serif; font-size: 14px;\">\u201cYapt\u0131\u011f\u0131m\u0131z\u0131n bir uzay seyahati olmad\u0131\u011f\u0131n\u0131 ben \u00e7ok rahatl\u0131kla ifade edebilirim\u201d<\/span><\/strong><br \/>\n<span style=\"font-family: arial, helvetica, sans-serif; font-size: 14px;\">Uzay yolculu\u011funa dair yap\u0131lan \u201cturistik bir gezi\u201d ele\u015ftirilerine cevap veren Gezeravc\u0131, \u201c\u0130yi ya da k\u00f6t\u00fc herkesin d\u00fc\u015f\u00fcncesine sayg\u0131 duyuyorum. Herkesin ele\u015ftirisi bize bir \u015feyler kat\u0131yor. Bir \u015feyler d\u00fc\u015f\u00fcnmemize vesile oluyor. Ancak bu de\u011ferlendirme yaparken objektif kriterlerle i\u015fin hakikaten bug\u00fcne kadar de\u011ferlendirmesini yapma, haiziyetine sahip konumda, belki tecr\u00fcbe birikimine sahip olmak biraz \u00f6nemli. Biz 8 ayl\u0131k e\u011fitimi bitirdi\u011fimiz noktada bu e\u011fitimi veren kurumlar\u0131n de\u011ferlendirici birimleri taraf\u0131ndan ald\u0131\u011f\u0131m\u0131z yorumlarla \u00e7ok mutlu olduk. Sadece bir birey olarak ben de\u011fil, 4 ki\u015filik oradaki g\u00f6revi icra eden ekibe y\u00f6nelik son e\u011fitimin ard\u0131ndan yapm\u0131\u015f oldu\u011fu yorumlardan son derece mutlu olduk. Kat\u0131l\u0131mc\u0131 di\u011fer 3 \u00fclkenin de farkl\u0131 s\u00fcre\u00e7lerin i\u00e7erisinde dar bir takvimin i\u00e7erisinde haz\u0131r s\u00fcrecine ba\u015flad\u0131k. Asl\u0131nda ger\u00e7ekle\u015ftirdi\u011fimiz haz\u0131rl\u0131k s\u00fcre\u00e7leri, reg\u00fclasyonlar gere\u011fince o g\u00f6revin icras\u0131na y\u00f6nelik olarak olmu\u015f olan standartlar\u0131n kar\u015f\u0131lanmas\u0131, o zorluklar\u0131n yerine getirilmesi noktas\u0131nda e\u011fitimler i\u00e7in ayr\u0131lm\u0131\u015f zaman dilimi rutinde uygulanan zaman diliminin \u00e7ok daha alt\u0131ndayd\u0131. Bu kadar k\u0131s\u0131tl\u0131 bir zaman dilimine ra\u011fmen onlar\u0131n da acabalarla s\u00fcrece ba\u015flad\u0131klar\u0131 bir noktada bu derece ba\u015far\u0131yla ve bu derece hakikaten onlar\u0131n da g\u00f6zlemlerinde \u015fa\u015f\u0131rd\u0131klar\u0131 pozitif bulgularla s\u00fcrecin sonlanmas\u0131 neticesinde m\u00fcthi\u015f geri beslemeler ald\u0131k e\u011fitimin biti\u015f toplant\u0131s\u0131nda. Kendilerini de belki bug\u00fcne kadar y\u00fcr\u00fctt\u00fckleri bu e\u011fitim s\u00fcre\u00e7leri i\u00e7in koyulmu\u015f olan standartlar noktas\u0131nda yeni de\u011ferlendirmeler yapma gereklilikleri hissettiklerini dile getirdiler. Dolay\u0131s\u0131yla yapt\u0131\u011f\u0131m\u0131z\u0131n bir uzay seyahati olmad\u0131\u011f\u0131n\u0131 ben \u00e7ok rahatl\u0131kla ifade edebilirim\u201d dedi.<\/span><\/p>\n","protected":false},"excerpt":{"rendered":"<p>T\u00fcrkiye&#8217;nin ilk astronotu Alper Gezeravc\u0131 21 g\u00fcnl\u00fck uzay misyonunun ard\u0131ndan, &#8220;Bu sadece bir ba\u015flang\u0131\u00e7t\u0131, bir yere var\u0131\u015f hikayesi de\u011fildi&#8221; dedi.<\/p>\n","protected":false},"author":3,"featured_media":21607,"comment_status":"open","ping_status":"open","sticky":false,"template":"","format":"standard","meta":{"colormag_page_container_layout":"default_layout","colormag_page_sidebar_layout":"default_layout","footnotes":""},"categories":[1,5],"tags":[],"class_list":["post-21606","post","type-post","status-publish","format-standard","has-post-thumbnail","hentry","category-genel","category-gundem"],"_links":{"self":[{"href":"https:\/\/marmarayerelhizmet.com\/index.php\/wp-json\/wp\/v2\/posts\/21606","targetHints":{"allow":["GET"]}}],"collection":[{"href":"https:\/\/marmarayerelhizmet.com\/index.php\/wp-json\/wp\/v2\/posts"}],"about":[{"href":"https:\/\/marmarayerelhizmet.com\/index.php\/wp-json\/wp\/v2\/types\/post"}],"author":[{"embeddable":true,"href":"https:\/\/marmarayerelhizmet.com\/index.php\/wp-json\/wp\/v2\/users\/3"}],"replies":[{"embeddable":true,"href":"https:\/\/marmarayerelhizmet.com\/index.php\/wp-json\/wp\/v2\/comments?post=21606"}],"version-history":[{"count":0,"href":"https:\/\/marmarayerelhizmet.com\/index.php\/wp-json\/wp\/v2\/posts\/21606\/revisions"}],"wp:featuredmedia":[{"embeddable":true,"href":"https:\/\/marmarayerelhizmet.com\/index.php\/wp-json\/wp\/v2\/media\/21607"}],"wp:attachment":[{"href":"https:\/\/marmarayerelhizmet.com\/index.php\/wp-json\/wp\/v2\/media?parent=21606"}],"wp:term":[{"taxonomy":"category","embeddable":true,"href":"https:\/\/marmarayerelhizmet.com\/index.php\/wp-json\/wp\/v2\/categories?post=21606"},{"taxonomy":"post_tag","embeddable":true,"href":"https:\/\/marmarayerelhizmet.com\/index.php\/wp-json\/wp\/v2\/tags?post=21606"}],"curies":[{"name":"wp","href":"https:\/\/api.w.org\/{rel}","templated":true}]}}