{"id":21603,"date":"2024-02-12T15:18:05","date_gmt":"2024-02-12T12:18:05","guid":{"rendered":"https:\/\/marmarayerelhizmet.com\/?p=21603"},"modified":"2024-02-12T15:18:05","modified_gmt":"2024-02-12T12:18:05","slug":"kepez-cayi-tasti","status":"publish","type":"post","link":"https:\/\/marmarayerelhizmet.com\/index.php\/2024\/02\/12\/kepez-cayi-tasti\/","title":{"rendered":"Kepez \u00c7ay\u0131 Ta\u015ft\u0131"},"content":{"rendered":"<p><strong><span style=\"font-family: arial, helvetica, sans-serif; font-size: 14px;\">\u00c7anakkale\u2019de sa\u011fanak ya\u011f\u0131\u015f hayat\u0131 olumsuz etkilemeye devam ediyor. Kuvvetli sa\u011fanak ya\u011f\u0131\u015f sebebiyle Kepez \u00e7ay\u0131 ta\u015ft\u0131.<br \/>\n<\/span><\/strong><br \/>\n<span style=\"font-family: arial, helvetica, sans-serif; font-size: 14px;\">Meteoroloji Genel M\u00fcd\u00fcrl\u00fc\u011f\u00fc taraf\u0131ndan yap\u0131lan uyar\u0131lar\u0131n ard\u0131ndan \u00c7anakkale\u2019de \u00f6\u011fle saatlerinde \u015fiddetini artt\u0131ran sa\u011fanak ya\u011f\u0131\u015f etkisini g\u00f6stermeye devam ediyor. Sa\u011fanak ya\u011f\u0131\u015f hayat\u0131 olumuz etkilerken, kent merkezinde baz\u0131 cadde ve sokaklarda su birikintileri olu\u015ftu. Olu\u015fan su birikintileri caddelerde y\u00fcr\u00fcmeyi g\u00fc\u00e7le\u015ftirdi. \u00c7anakkale Belediyesi ekipleri su birikintisi olu\u015fan b\u00f6lgelerde suyun tahliyesi ve r\u00f6gar kapaklar\u0131n\u0131n t\u0131kanmamas\u0131 i\u00e7in temizlik \u00e7al\u0131\u015fmas\u0131 yapt\u0131.<\/span><\/p>\n<p><strong><span style=\"font-family: arial, helvetica, sans-serif; font-size: 14px;\">Kepez \u00e7ay\u0131 ta\u015ft\u0131<\/span><\/strong><br \/>\n<span style=\"font-family: arial, helvetica, sans-serif; font-size: 14px;\">\u00c7anakkale merkeze ba\u011fl\u0131 Kepez beldesinde sabah saatlerinden itibaren etkili olan sa\u011fanak ya\u011f\u0131\u015f Kepez \u00e7ay\u0131n\u0131n ta\u015fmas\u0131na sebep oldu. Kuvvetli ya\u011f\u0131\u015fla birlikte sel sular\u0131 k\u00f6pr\u00fcn\u00fcn \u00fcst\u00fcnden akmaya ba\u015flad\u0131. Belediye ekipleri gelerek b\u00f6lgede temizlik \u00e7al\u0131\u015fmas\u0131na ba\u015flad\u0131.<\/span><\/p>\n<p><strong><span style=\"font-family: arial, helvetica, sans-serif; font-size: 14px;\">Valilikten motokurye karar\u0131<\/span><\/strong><br \/>\n<span style=\"font-family: arial, helvetica, sans-serif; font-size: 14px;\">\u00c7anakkale\u2019de olumsuz hava \u015fartlar\u0131 nedeniyle saat 14.30 ile saat 23.59\u2019a kadar motosiklet, scooter, elektrikli scooter ve motokuryelerin trafi\u011fe \u00e7\u0131kmas\u0131 tedbiren yasakland\u0131. \u00c7anakkale Valili\u011finden yap\u0131lan a\u00e7\u0131klamada, \u201c\u00c7anakkale \u0130l genelinde devam eden olumsuz hava \u015fartlar\u0131n\u0131n daha da a\u011f\u0131rla\u015faca\u011f\u0131 de\u011ferlendirildi\u011finden 12.02.2024 Pazartesi (bug\u00fcn) g\u00fcn\u00fc saat:14.30\u2019dan Saat:23.59\u2019a kadar motosiklet, scooter, elektrikli scooter ve motokuryelerin trafi\u011fe \u00e7\u0131kmas\u0131 tedbiren yasaklanm\u0131\u015ft\u0131r\u201d denildi.<\/span><\/p>\n","protected":false},"excerpt":{"rendered":"<p>\u00c7anakkale\u2019de sa\u011fanak ya\u011f\u0131\u015f hayat\u0131 olumsuz etkilemeye devam ediyor. Kuvvetli sa\u011fanak ya\u011f\u0131\u015f sebebiyle Kepez \u00e7ay\u0131 ta\u015ft\u0131. Meteoroloji Genel M\u00fcd\u00fcrl\u00fc\u011f\u00fc taraf\u0131ndan yap\u0131lan<\/p>\n","protected":false},"author":3,"featured_media":21604,"comment_status":"open","ping_status":"open","sticky":false,"template":"","format":"standard","meta":{"colormag_page_container_layout":"default_layout","colormag_page_sidebar_layout":"default_layout","footnotes":""},"categories":[1,5],"tags":[],"class_list":["post-21603","post","type-post","status-publish","format-standard","has-post-thumbnail","hentry","category-genel","category-gundem"],"_links":{"self":[{"href":"https:\/\/marmarayerelhizmet.com\/index.php\/wp-json\/wp\/v2\/posts\/21603","targetHints":{"allow":["GET"]}}],"collection":[{"href":"https:\/\/marmarayerelhizmet.com\/index.php\/wp-json\/wp\/v2\/posts"}],"about":[{"href":"https:\/\/marmarayerelhizmet.com\/index.php\/wp-json\/wp\/v2\/types\/post"}],"author":[{"embeddable":true,"href":"https:\/\/marmarayerelhizmet.com\/index.php\/wp-json\/wp\/v2\/users\/3"}],"replies":[{"embeddable":true,"href":"https:\/\/marmarayerelhizmet.com\/index.php\/wp-json\/wp\/v2\/comments?post=21603"}],"version-history":[{"count":0,"href":"https:\/\/marmarayerelhizmet.com\/index.php\/wp-json\/wp\/v2\/posts\/21603\/revisions"}],"wp:featuredmedia":[{"embeddable":true,"href":"https:\/\/marmarayerelhizmet.com\/index.php\/wp-json\/wp\/v2\/media\/21604"}],"wp:attachment":[{"href":"https:\/\/marmarayerelhizmet.com\/index.php\/wp-json\/wp\/v2\/media?parent=21603"}],"wp:term":[{"taxonomy":"category","embeddable":true,"href":"https:\/\/marmarayerelhizmet.com\/index.php\/wp-json\/wp\/v2\/categories?post=21603"},{"taxonomy":"post_tag","embeddable":true,"href":"https:\/\/marmarayerelhizmet.com\/index.php\/wp-json\/wp\/v2\/tags?post=21603"}],"curies":[{"name":"wp","href":"https:\/\/api.w.org\/{rel}","templated":true}]}}