{"id":21589,"date":"2024-02-11T23:26:06","date_gmt":"2024-02-11T20:26:06","guid":{"rendered":"https:\/\/marmarayerelhizmet.com\/?p=21589"},"modified":"2024-02-12T18:36:27","modified_gmt":"2024-02-12T15:36:27","slug":"issizlik-orani-yuzde-88-oldu","status":"publish","type":"post","link":"https:\/\/marmarayerelhizmet.com\/index.php\/2024\/02\/11\/issizlik-orani-yuzde-88-oldu\/","title":{"rendered":"\u0130\u015fsizlik Oran\u0131 Y\u00fczde 8,8 Oldu"},"content":{"rendered":"<p><strong><span style=\"font-family: arial, helvetica, sans-serif; font-size: 14px;\">\u0130\u015fsiz say\u0131s\u0131 2023 y\u0131l\u0131 Aral\u0131k ay\u0131nda bir \u00f6nceki aya g\u00f6re 12 bin ki\u015fi azalarak 3 milyon 98 bin ki\u015fi oldu. \u0130\u015fsizlik oran\u0131 ise 0,1 puan azalarak y\u00fczde 8,8 seviyesinde ger\u00e7ekle\u015fti.<br \/>\n<\/span><\/strong><br \/>\n<span style=\"font-family: arial, helvetica, sans-serif; font-size: 14px;\">T\u00fcrkiye \u0130statistik Kurumu (T\u00dc\u0130K), 2023 y\u0131l\u0131 Aral\u0131k ay\u0131na ait i\u015fg\u00fcc\u00fc istatistiklerini a\u00e7\u0131klad\u0131. Hanehalk\u0131 \u0130\u015fg\u00fcc\u00fc Ara\u015ft\u0131rmas\u0131 sonu\u00e7lar\u0131na g\u00f6re; 15 ve daha yukar\u0131 ya\u015ftaki ki\u015filerde i\u015fsiz say\u0131s\u0131 2023 y\u0131l\u0131 Aral\u0131k ay\u0131nda bir \u00f6nceki aya g\u00f6re 12 bin ki\u015fi azalarak 3 milyon 98 bin ki\u015fi oldu. \u0130\u015fsizlik oran\u0131 ise 0,1 puan azalarak y\u00fczde 8,8 seviyesinde ger\u00e7ekle\u015fti. \u0130\u015fsizlik oran\u0131 erkeklerde y\u00fczde 7,1 iken kad\u0131nlarda y\u00fczde 12,0 olarak tahmin edildi.<\/span><br \/>\n<span style=\"font-family: arial, helvetica, sans-serif; font-size: 14px;\">2022 y\u0131l\u0131 Aral\u0131k ay\u0131nda y\u00fczde 10,3 olan i\u015fsizlik oran\u0131 2023 y\u0131l\u0131n\u0131n Aral\u0131k ay\u0131nda y\u00fczde 8,8 olarak ger\u00e7ekle\u015fti. \u0130\u015fsizlik oran\u0131nda \u00f6nceki seneye g\u00f6re 1,5 puanl\u0131k azalma ya\u015fand\u0131.<br \/>\n<\/span><br \/>\n<strong><span style=\"font-family: arial, helvetica, sans-serif; font-size: 14px;\">Mevsim etkisinden ar\u0131nd\u0131r\u0131lm\u0131\u015f istihdam oran\u0131 y\u00fczde 48,8 oldu<\/span><\/strong><br \/>\n<span style=\"font-family: arial, helvetica, sans-serif; font-size: 14px;\">\u0130stihdam edilenlerin say\u0131s\u0131 2023 y\u0131l\u0131 Aral\u0131k ay\u0131nda bir \u00f6nceki aya g\u00f6re 399 bin ki\u015fi artarak 32 milyon 56 bin ki\u015fi, istihdam oran\u0131 ise 0,6 puan artarak y\u00fczde 48,8 oldu. Bu oran erkeklerde y\u00fczde 66,1 iken kad\u0131nlarda y\u00fczde 31,9 olarak ger\u00e7ekle\u015fti.<br \/>\n<\/span><br \/>\n<strong><span style=\"font-family: arial, helvetica, sans-serif; font-size: 14px;\">Mevsim etkisinden ar\u0131nd\u0131r\u0131lm\u0131\u015f i\u015fg\u00fcc\u00fcne kat\u0131lma oran\u0131 y\u00fczde 53,5 olarak ger\u00e7ekle\u015fti<\/span><\/strong><br \/>\n<span style=\"font-family: arial, helvetica, sans-serif; font-size: 14px;\">\u0130\u015fg\u00fcc\u00fc 2023 y\u0131l\u0131 Aral\u0131k ay\u0131nda bir \u00f6nceki aya g\u00f6re 387 bin ki\u015fi artarak 35 milyon 154 bin ki\u015fi, i\u015fg\u00fcc\u00fcne kat\u0131lma oran\u0131 ise 0,5 puan artarak y\u00fczde 53,5 olarak ger\u00e7ekle\u015fti. \u0130\u015fg\u00fcc\u00fcne kat\u0131lma oran\u0131 erkeklerde y\u00fczde 71,1 iken kad\u0131nlarda y\u00fczde 36,3 oldu.<br \/>\n<\/span><br \/>\n<strong><span style=\"font-family: arial, helvetica, sans-serif; font-size: 14px;\">Gen\u00e7 n\u00fcfusta mevsim etkisinden ar\u0131nd\u0131r\u0131lm\u0131\u015f i\u015fsizlik oran\u0131 y\u00fczde 15,5 oldu<\/span><\/strong><br \/>\n<span style=\"font-family: arial, helvetica, sans-serif; font-size: 14px;\">15-24 ya\u015f grubunu kapsayan gen\u00e7 n\u00fcfusta i\u015fsizlik oran\u0131 bir \u00f6nceki aya g\u00f6re 0,8 puan azalarak y\u00fczde 15,5 oldu. Bu ya\u015f grubunda i\u015fsizlik oran\u0131; erkeklerde y\u00fczde 11,5, kad\u0131nlarda ise y\u00fczde 22,8 olarak tahmin edildi.<br \/>\n<\/span><br \/>\n<strong><span style=\"font-family: arial, helvetica, sans-serif; font-size: 14px;\">Mevsim ve takvim etkilerinden ar\u0131nd\u0131r\u0131lm\u0131\u015f haftal\u0131k ortalama fiili \u00e7al\u0131\u015fma s\u00fcresi 43,7 saat oldu<\/span><\/strong><br \/>\n<span style=\"font-family: arial, helvetica, sans-serif; font-size: 14px;\">\u0130stihdam edilenlerden referans d\u00f6neminde i\u015fba\u015f\u0131nda olanlar\u0131n, mevsim ve takvim etkilerinden ar\u0131nd\u0131r\u0131lm\u0131\u015f haftal\u0131k ortalama fiili \u00e7al\u0131\u015fma s\u00fcresi 2023 y\u0131l\u0131 Aral\u0131k ay\u0131nda bir \u00f6nceki aya g\u00f6re 0,1 saat azalarak 43,7 saat olarak ger\u00e7ekle\u015fti.<br \/>\n<\/span><br \/>\n<strong><span style=\"font-family: arial, helvetica, sans-serif; font-size: 14px;\">Mevsim etkisinden ar\u0131nd\u0131r\u0131lm\u0131\u015f at\u0131l i\u015fg\u00fcc\u00fc oran\u0131 y\u00fczde 24,7 oldu<\/span><\/strong><br \/>\n<span style=\"font-family: arial, helvetica, sans-serif; font-size: 14px;\">Zamana ba\u011fl\u0131 eksik istihdam, potansiyel i\u015fg\u00fcc\u00fc ve i\u015fsizlerden olu\u015fan at\u0131l i\u015fg\u00fcc\u00fc oran\u0131 2023 y\u0131l\u0131 Aral\u0131k ay\u0131nda bir \u00f6nceki aya g\u00f6re 2,1 puan artarak y\u00fczde 24,7 oldu. Zamana ba\u011fl\u0131 eksik istihdam ve i\u015fsizlerin b\u00fct\u00fcnle\u015fik oran\u0131 y\u00fczde 16,4 iken i\u015fsiz ve potansiyel i\u015fg\u00fcc\u00fcn\u00fcn b\u00fct\u00fcnle\u015fik oran\u0131 y\u00fczde 17,9 olarak tahmin edildi.<\/span><\/p>\n","protected":false},"excerpt":{"rendered":"<p>\u0130\u015fsiz say\u0131s\u0131 2023 y\u0131l\u0131 Aral\u0131k ay\u0131nda bir \u00f6nceki aya g\u00f6re 12 bin ki\u015fi azalarak 3 milyon 98 bin ki\u015fi oldu.<\/p>\n","protected":false},"author":3,"featured_media":13940,"comment_status":"open","ping_status":"open","sticky":false,"template":"","format":"standard","meta":{"colormag_page_container_layout":"default_layout","colormag_page_sidebar_layout":"default_layout","footnotes":""},"categories":[1,5],"tags":[],"class_list":["post-21589","post","type-post","status-publish","format-standard","has-post-thumbnail","hentry","category-genel","category-gundem"],"_links":{"self":[{"href":"https:\/\/marmarayerelhizmet.com\/index.php\/wp-json\/wp\/v2\/posts\/21589","targetHints":{"allow":["GET"]}}],"collection":[{"href":"https:\/\/marmarayerelhizmet.com\/index.php\/wp-json\/wp\/v2\/posts"}],"about":[{"href":"https:\/\/marmarayerelhizmet.com\/index.php\/wp-json\/wp\/v2\/types\/post"}],"author":[{"embeddable":true,"href":"https:\/\/marmarayerelhizmet.com\/index.php\/wp-json\/wp\/v2\/users\/3"}],"replies":[{"embeddable":true,"href":"https:\/\/marmarayerelhizmet.com\/index.php\/wp-json\/wp\/v2\/comments?post=21589"}],"version-history":[{"count":0,"href":"https:\/\/marmarayerelhizmet.com\/index.php\/wp-json\/wp\/v2\/posts\/21589\/revisions"}],"wp:featuredmedia":[{"embeddable":true,"href":"https:\/\/marmarayerelhizmet.com\/index.php\/wp-json\/wp\/v2\/media\/13940"}],"wp:attachment":[{"href":"https:\/\/marmarayerelhizmet.com\/index.php\/wp-json\/wp\/v2\/media?parent=21589"}],"wp:term":[{"taxonomy":"category","embeddable":true,"href":"https:\/\/marmarayerelhizmet.com\/index.php\/wp-json\/wp\/v2\/categories?post=21589"},{"taxonomy":"post_tag","embeddable":true,"href":"https:\/\/marmarayerelhizmet.com\/index.php\/wp-json\/wp\/v2\/tags?post=21589"}],"curies":[{"name":"wp","href":"https:\/\/api.w.org\/{rel}","templated":true}]}}