{"id":21586,"date":"2024-02-12T10:24:43","date_gmt":"2024-02-12T07:24:43","guid":{"rendered":"https:\/\/marmarayerelhizmet.com\/?p=21586"},"modified":"2024-02-12T10:24:43","modified_gmt":"2024-02-12T07:24:43","slug":"buyuksehirden-camilere-temizlik","status":"publish","type":"post","link":"https:\/\/marmarayerelhizmet.com\/index.php\/2024\/02\/12\/buyuksehirden-camilere-temizlik\/","title":{"rendered":"B\u00fcy\u00fck\u015fehir&#8217;den Camilere Temizlik"},"content":{"rendered":"<p><strong><span style=\"font-family: arial, helvetica, sans-serif; font-size: 14px;\">Bal\u0131kesir B\u00fcy\u00fck\u015fehir Belediyesi ramazan \u00f6ncesi camilerde temizlik \u00e7al\u0131\u015fmas\u0131 ba\u015flatt\u0131. Bursa\u2019dan gelen ibadethane temizlik arac\u0131, ilk temizli\u011fi Burhaniye \u00d6ren Camii&#8217;nde yapt\u0131.<br \/>\n<\/span><\/strong><br \/>\n<span style=\"font-family: arial, helvetica, sans-serif; font-size: 14px;\">Burhaniye\u2019de M\u00fcft\u00fcl\u00fc\u011f\u00fcn ba\u015flatt\u0131\u011f\u0131 Sabah Namaz\u0131 Bulu\u015fmalar\u0131 devam ederken, Bal\u0131kesir B\u00fcy\u00fck\u015fehir Belediyesi de ramazan \u00f6ncesi camilerde temizlik \u00e7al\u0131\u015fmas\u0131 ba\u015flatt\u0131. \u0130badethane temizlik arac\u0131, hizmete ba\u015flad\u0131. \u00d6ren Camiinde ba\u015flat\u0131lan \u00e7al\u0131\u015fman\u0131n il\u00e7edeki 45 camiyi kapsad\u0131\u011f\u0131 kaydedildi. \u0130\u015flerinin cami temizli\u011fi oldu\u011funu anlatan firma temsilcisi Ahmet Sa\u011fd\u0131\u00e7, \u201cBiz Bursa\u2019dan geliyoruz. Bal\u0131kesir B\u00fcy\u00fck\u015fehir Belediyesinin deste\u011fi ile b\u00fct\u00fcn camileri temizleyece\u011fiz. Bunun i\u00e7in \u00e7al\u0131\u015fmalar\u0131m\u0131za ba\u015flad\u0131k\u201d dedi.<\/span><\/p>\n","protected":false},"excerpt":{"rendered":"<p>Bal\u0131kesir B\u00fcy\u00fck\u015fehir Belediyesi ramazan \u00f6ncesi camilerde temizlik \u00e7al\u0131\u015fmas\u0131 ba\u015flatt\u0131. Bursa\u2019dan gelen ibadethane temizlik arac\u0131, ilk temizli\u011fi Burhaniye \u00d6ren Camii&#8217;nde yapt\u0131.<\/p>\n","protected":false},"author":3,"featured_media":21587,"comment_status":"open","ping_status":"open","sticky":false,"template":"","format":"standard","meta":{"colormag_page_container_layout":"default_layout","colormag_page_sidebar_layout":"default_layout","footnotes":""},"categories":[1,5,8],"tags":[],"class_list":["post-21586","post","type-post","status-publish","format-standard","has-post-thumbnail","hentry","category-genel","category-gundem","category-siyaset"],"_links":{"self":[{"href":"https:\/\/marmarayerelhizmet.com\/index.php\/wp-json\/wp\/v2\/posts\/21586","targetHints":{"allow":["GET"]}}],"collection":[{"href":"https:\/\/marmarayerelhizmet.com\/index.php\/wp-json\/wp\/v2\/posts"}],"about":[{"href":"https:\/\/marmarayerelhizmet.com\/index.php\/wp-json\/wp\/v2\/types\/post"}],"author":[{"embeddable":true,"href":"https:\/\/marmarayerelhizmet.com\/index.php\/wp-json\/wp\/v2\/users\/3"}],"replies":[{"embeddable":true,"href":"https:\/\/marmarayerelhizmet.com\/index.php\/wp-json\/wp\/v2\/comments?post=21586"}],"version-history":[{"count":0,"href":"https:\/\/marmarayerelhizmet.com\/index.php\/wp-json\/wp\/v2\/posts\/21586\/revisions"}],"wp:featuredmedia":[{"embeddable":true,"href":"https:\/\/marmarayerelhizmet.com\/index.php\/wp-json\/wp\/v2\/media\/21587"}],"wp:attachment":[{"href":"https:\/\/marmarayerelhizmet.com\/index.php\/wp-json\/wp\/v2\/media?parent=21586"}],"wp:term":[{"taxonomy":"category","embeddable":true,"href":"https:\/\/marmarayerelhizmet.com\/index.php\/wp-json\/wp\/v2\/categories?post=21586"},{"taxonomy":"post_tag","embeddable":true,"href":"https:\/\/marmarayerelhizmet.com\/index.php\/wp-json\/wp\/v2\/tags?post=21586"}],"curies":[{"name":"wp","href":"https:\/\/api.w.org\/{rel}","templated":true}]}}