{"id":21578,"date":"2024-02-11T21:03:44","date_gmt":"2024-02-11T18:03:44","guid":{"rendered":"https:\/\/marmarayerelhizmet.com\/?p=21578"},"modified":"2024-02-11T21:05:18","modified_gmt":"2024-02-11T18:05:18","slug":"hasta-olan-cocuklar-okula-gitmemeli","status":"publish","type":"post","link":"https:\/\/marmarayerelhizmet.com\/index.php\/2024\/02\/11\/hasta-olan-cocuklar-okula-gitmemeli\/","title":{"rendered":"&#8216;Hasta Olan \u00c7ocuklar Okula Gitmemeli&#8217;"},"content":{"rendered":"<p><strong><span style=\"font-family: arial, helvetica, sans-serif; font-size: 14px;\">Enfeksiyon Hastal\u0131klar\u0131 Anabilim Dal\u0131 \u00d6\u011fretim \u00dcyesi Prof. Dr. Alper \u015eener, \u201cHasta \u00e7ocuklar\u0131n okula gitmemesi ideal, 65 ya\u015f \u00fcst\u00fc i\u00e7in ise maske \u015fart\u201d dedi.<br \/>\n<\/span><\/strong><br \/>\n<span style=\"font-family: arial, helvetica, sans-serif; font-size: 14px;\">\u0130zmir Katip \u00c7elebi \u00dcniversitesi Atat\u00fcrk E\u011fitim ve Ara\u015ft\u0131rma Hastanesi Enfeksiyon Hastal\u0131klar\u0131 Anabilim Dal\u0131 \u00d6\u011fretim \u00dcyesi Prof. Dr. Alper \u015eener, sezonun ba\u015flamas\u0131yla birlikte solunum yolu enfeksiyonlar\u0131n\u0131n artt\u0131\u011f\u0131n\u0131, grip, nezle, RSV, Covid-19 ve korona vir\u00fcsler dahil olmak \u00fczere hepsinin birlikte \u00fclke genelinde yayg\u0131n olarak g\u00f6r\u00fcld\u00fc\u011f\u00fcn\u00fc s\u00f6yledi.<\/span><\/p>\n<p><strong><span style=\"font-family: arial, helvetica, sans-serif; font-size: 14px;\">\u0130nat\u00e7\u0131 \u00f6ks\u00fcr\u00fckler<\/span><\/strong><br \/>\n<span style=\"font-family: arial, helvetica, sans-serif; font-size: 14px;\">Hastal\u0131k s\u00fcrecinin bir s\u00fcre daha devam edece\u011fini aktaran \u015eener, \u201cEnfeksiyonlar T\u00fcrkiye&#8217;ye ge\u00e7 giri\u015f yapt\u0131. Mart ay\u0131n\u0131n sonuna kadar hatta bahar aylar\u0131n\u0131n ba\u015f\u0131na kadar dahi devam edebilir. Son zamanlarda en fazla duydu\u011fumuz \u015fikayet, \u00f6zellikle okul \u00e7a\u011f\u0131ndaki \u00e7ocuklarda ve 65 ya\u015f \u00fcst\u00fcnde, \u00fcst solunum yolu enfeksiyonlar\u0131n\u0131 atlatmalar\u0131na ra\u011fmen ge\u00e7meyen ve devam eden inat\u00e7\u0131 \u00f6ks\u00fcr\u00fckler. \u00c7ocukluk \u00e7a\u011f\u0131nda ge\u00e7meyen inat\u00e7\u0131, \u00f6zellikle gece yat\u0131nca daha belli bir ortaya \u00e7\u0131kan \u00f6ks\u00fcr\u00fckler varsa; \u00e7ocuklarda viral \u00fcst solunum yolu enfeksiyonlardan sonra bakteriyel s\u00fcper enfeksiyonlar s\u0131k g\u00f6rd\u00fc\u011f\u00fcm\u00fcz bir tablo\u201d ifadelerini kulland\u0131.<\/span><br \/>\n<span style=\"font-family: arial, helvetica, sans-serif; font-size: 14px;\">\u00d6zellikle bu \u00e7a\u011fdaki \u00e7ocuklarda sin\u00fczit, orta kulak iltihab\u0131, farenjit, tonsillofarenjit ve pn\u00f6moni (zat\u00fcrre) gibi tablolar\u0131n s\u0131k g\u00f6r\u00fclebilece\u011fini vurgulayan \u015eener, \u201cGenelde e\u011fer ba\u015f, boyun a\u011fr\u0131s\u0131 ile birlikte y\u00fcz a\u011fr\u0131s\u0131, geniz ak\u0131nt\u0131s\u0131, \u00f6zellikle yatt\u0131\u011f\u0131 zaman balgam \u00e7\u0131karmayan, sadece kuru \u00f6ks\u00fcr\u00fck varsa bunu \u00f6ncelikle sin\u00fczit a\u00e7\u0131s\u0131ndan de\u011ferlendirmek laz\u0131m. \u00c7\u00fcnk\u00fc \u00e7ocukluk \u00e7a\u011f\u0131nda, \u00f6zellikle okul \u00e7a\u011f\u0131nda havalar\u0131n da so\u011fuk seyretmesi ile birlikte sin\u00fcslerin havalanmas\u0131 olduk\u00e7a zorlan\u0131yor, \u00f6dem olu\u015fuyor ve \u00f6demle birlikte de irritatif \u00f6ks\u00fcr\u00fckler meydana geliyor\u201d diye konu\u015ftu.<\/span><\/p>\n<p><strong><span style=\"font-family: arial, helvetica, sans-serif; font-size: 14px;\">\u201cKal\u0131c\u0131 sa\u011f\u0131rl\u0131\u011fa gidebilir\u201d<\/span><\/strong><br \/>\n<span style=\"font-family: arial, helvetica, sans-serif; font-size: 14px;\">\u015eener, \u00e7ocuklarda kulak ve \u00e7ene a\u011fr\u0131s\u0131n\u0131 dikkate almak gerekti\u011fini, viral \u00fcst solunum yolu enfeksiyonlar\u0131ndan sonra orta kulak iltihaplar\u0131n\u0131n da s\u0131k g\u00f6r\u00fclen bir tablo oldu\u011funu, orta kulak iltihaplar\u0131nda ise erken m\u00fcdahale edilmezse, \u00f6zellikle antibiyotikle kal\u0131c\u0131 sa\u011f\u0131rl\u0131\u011fa kadar gidebilen a\u011f\u0131r tablolara sebep olabilece\u011fini s\u00f6yledi.<\/span><br \/>\n<span style=\"font-family: arial, helvetica, sans-serif; font-size: 14px;\">65 ya\u015f \u00fcst\u00fcndeki gruplarda ise tablonun biraz daha karma\u015f\u0131k oldu\u011funu belirten Prof. Dr. \u015eener, \u015f\u00f6yle konu\u015ftu:<\/span><br \/>\n<span style=\"font-family: arial, helvetica, sans-serif; font-size: 14px;\">\u201cBir s\u00fcr\u00fc yanda\u015f hastal\u0131k var. Devam eden \u00f6ks\u00fcr\u00fck, balgam, halsizlik, eklem a\u011fr\u0131lar\u0131 gibi tablolara da dikkat etmek gerekiyor. Bu bazen ya\u015fl\u0131larda ihmale de gelebiliyor. \u00c7\u00fcnk\u00fc ya\u015fl\u0131lar\u0131m\u0131z zaten hepimizin bildi\u011fi gibi s\u0131k \u00f6ks\u00fcren hasta grubunda. \u00c7o\u011funlukla ihmal ediyorlar. Zat\u00fcrre ile ge\u00e7 d\u00f6nemde kar\u015f\u0131 kar\u015f\u0131ya kal\u0131n\u0131yor. \u0130yice akci\u011ferde art\u0131k yer edilmi\u015f ve rahatl\u0131kla antibiyotik tedavisine de kolay yan\u0131t vermeyen, bazen hastaneye yat\u0131\u015f gerektiren, hatta baz\u0131 hastalarda da yo\u011fun bak\u0131mda yat\u0131\u015f gerektiren a\u011f\u0131r akci\u011fer iltihaplar\u0131yla kar\u015f\u0131 kar\u015f\u0131ya kal\u0131yoruz. \u00d6zellikle 65 ya\u015f \u00fcst\u00fc i\u00e7in de dikkat etmek gerekiyor. Bu hastalarda erken antibiyotik tedavisinin ba\u015flanmas\u0131 \u00f6nemli. 3 g\u00fcnden daha uzun s\u00fcre devam eden ate\u015f varsa hastalar; \u00e7ocuk olsun, okul \u00e7a\u011f\u0131nda olsun, 65 ya\u015f \u00fcst\u00fc olsun bir t\u00fcrl\u00fc iyile\u015femiyorsa, antibiyotik tedavisine ba\u015flamak i\u00e7in \u00e7ekinmesin, hekime ba\u015fvursun.\u201d<\/span><\/p>\n<p><strong><span style=\"font-family: arial, helvetica, sans-serif; font-size: 14px;\">\u201cS\u0131n\u0131f\u0131n mutlaka d\u00fczg\u00fcn havaland\u0131r\u0131lmas\u0131 laz\u0131m\u201d<\/span><\/strong><br \/>\n<span style=\"font-family: arial, helvetica, sans-serif; font-size: 14px;\">Okul \u00e7a\u011f\u0131ndaki \u00e7ocuklarda dikkat edilmesi gereken durumlara da de\u011finen \u015eener, \u201cOkul \u00e7a\u011f\u0131ndaki \u00e7ocuklarda hasta olan ki\u015filerin okula gitmemesi ideal oland\u0131r. \u00c7\u00fcnk\u00fc b\u00fct\u00fcn toplumun maskeyle korunmas\u0131 dedi\u011fimiz kavram salg\u0131n d\u00f6neminde \u00e7ok test edildi. Maalesef istedi\u011fimiz oranda etkili olmad\u0131. E\u011fer hasta \u00e7ocuk okula gidecekse kapal\u0131 alandayken, s\u0131n\u0131f\u0131n i\u00e7indeyken cerrahi maskeyle, havalanmay\u0131 \u00e7ok engellemeyen maskeyle oturmas\u0131 laz\u0131m. Teneff\u00fcslerde ise maskeyi rahatl\u0131kla \u00e7\u0131karabilmelidir. S\u0131n\u0131flarda dikkat edece\u011fimiz durum ise 45 dakikal\u0131k e\u011fitim s\u00fcrenin sonucunda s\u0131n\u0131f\u0131n mutlaka d\u00fczg\u00fcn havaland\u0131r\u0131lmas\u0131 laz\u0131m\u201d de\u011ferlendirmesinde bulundu.<\/span><br \/>\n<span style=\"font-family: arial, helvetica, sans-serif; font-size: 14px;\">Prof. Dr. \u015eener, 65 ya\u015f \u00fcst\u00fc vatanda\u015flar\u0131n kapal\u0131 alanlara girerken maskeden vazge\u00e7memesi gerekti\u011fine de\u011finerek \u015funlar\u0131 kaydetti:<\/span><br \/>\n<span style=\"font-family: arial, helvetica, sans-serif; font-size: 14px;\">\u201cBu hastalarda viral enfeksiyonlar a\u011f\u0131r seyrediyor ve hastaneye yat\u0131\u015f, yo\u011fun bak\u0131ma gidi\u015f yolu daha k\u0131sa oluyor. Bu ya\u015f grubundaki ki\u015filer kapal\u0131 alana girerken, otob\u00fcse binerken, metrob\u00fcse binerken, asans\u00f6re binerken, 12-14 metrekareden daha dar bir alanda 3-4 ki\u015fiden daha fazla oturacaklarsa mutlaka maske takmalar\u0131 gerekiyor. Evde oturduklar\u0131 oday\u0131 mutlaka g\u00fcnde en az 2 kere; bir sabah bir ak\u015fam olmak \u00fczere havaland\u0131rmalar\u0131 gerekiyor. Onlar i\u00e7in maske \u015fart.\u201d<\/span><\/p>\n","protected":false},"excerpt":{"rendered":"<p>Enfeksiyon Hastal\u0131klar\u0131 Anabilim Dal\u0131 \u00d6\u011fretim \u00dcyesi Prof. Dr. Alper \u015eener, \u201cHasta \u00e7ocuklar\u0131n okula gitmemesi ideal, 65 ya\u015f \u00fcst\u00fc i\u00e7in ise<\/p>\n","protected":false},"author":3,"featured_media":21579,"comment_status":"open","ping_status":"open","sticky":false,"template":"","format":"standard","meta":{"colormag_page_container_layout":"default_layout","colormag_page_sidebar_layout":"default_layout","footnotes":""},"categories":[1,45,5,7],"tags":[],"class_list":["post-21578","post","type-post","status-publish","format-standard","has-post-thumbnail","hentry","category-genel","category-egitim","category-gundem","category-saglik"],"_links":{"self":[{"href":"https:\/\/marmarayerelhizmet.com\/index.php\/wp-json\/wp\/v2\/posts\/21578","targetHints":{"allow":["GET"]}}],"collection":[{"href":"https:\/\/marmarayerelhizmet.com\/index.php\/wp-json\/wp\/v2\/posts"}],"about":[{"href":"https:\/\/marmarayerelhizmet.com\/index.php\/wp-json\/wp\/v2\/types\/post"}],"author":[{"embeddable":true,"href":"https:\/\/marmarayerelhizmet.com\/index.php\/wp-json\/wp\/v2\/users\/3"}],"replies":[{"embeddable":true,"href":"https:\/\/marmarayerelhizmet.com\/index.php\/wp-json\/wp\/v2\/comments?post=21578"}],"version-history":[{"count":0,"href":"https:\/\/marmarayerelhizmet.com\/index.php\/wp-json\/wp\/v2\/posts\/21578\/revisions"}],"wp:featuredmedia":[{"embeddable":true,"href":"https:\/\/marmarayerelhizmet.com\/index.php\/wp-json\/wp\/v2\/media\/21579"}],"wp:attachment":[{"href":"https:\/\/marmarayerelhizmet.com\/index.php\/wp-json\/wp\/v2\/media?parent=21578"}],"wp:term":[{"taxonomy":"category","embeddable":true,"href":"https:\/\/marmarayerelhizmet.com\/index.php\/wp-json\/wp\/v2\/categories?post=21578"},{"taxonomy":"post_tag","embeddable":true,"href":"https:\/\/marmarayerelhizmet.com\/index.php\/wp-json\/wp\/v2\/tags?post=21578"}],"curies":[{"name":"wp","href":"https:\/\/api.w.org\/{rel}","templated":true}]}}