{"id":21573,"date":"2024-02-11T20:55:40","date_gmt":"2024-02-11T17:55:40","guid":{"rendered":"https:\/\/marmarayerelhizmet.com\/?p=21573"},"modified":"2024-02-11T20:55:40","modified_gmt":"2024-02-11T17:55:40","slug":"feribot-seferlerine-firtina-engeli-9","status":"publish","type":"post","link":"https:\/\/marmarayerelhizmet.com\/index.php\/2024\/02\/11\/feribot-seferlerine-firtina-engeli-9\/","title":{"rendered":"Feribot Seferlerine F\u0131rt\u0131na Engeli"},"content":{"rendered":"<p><strong><span style=\"font-family: arial, helvetica, sans-serif; font-size: 14px;\">\u00c7anakkale\u2019nin Kuzey Ege Denizi\u2019ndeki Bozcaada ve G\u00f6k\u00e7eada il\u00e7elerine yar\u0131n yap\u0131lmas\u0131 planlanan baz\u0131 tarifeli feribot seferleri olumsuz hava \u015fartlar\u0131 nedeniyle iptal edildi.<br \/>\n<\/span><\/strong><br \/>\n<span style=\"font-family: arial, helvetica, sans-serif; font-size: 14px;\">\u00c7anakkale Bo\u011faz\u0131 ile adalar hatt\u0131nda yolcu ve ara\u00e7 ta\u015f\u0131mac\u0131l\u0131\u011f\u0131 yapan Gesta\u015f Deniz Ula\u015f\u0131m A\u015e, Kuzey Ege Denizi&#8217;ndeki olumsuz hava \u015fartlar\u0131 nedeniyle G\u00f6k\u00e7eada ve Bozcaada hatt\u0131nda yar\u0131n planlanan baz\u0131 tarifeli feribot seferlerinin iptal edildi\u011fini duyurdu. Buna g\u00f6re; Geyikli-Bozcaada hatt\u0131nda Bozcaada&#8217;dan saat 07.00, 10.00, 14.00 seferleri, Geyikli&#8217;den saat 08.00, 11.00, 15.00, seferleri iptal edildi. G\u00f6k\u00e7eada hatt\u0131nda ise, G\u00f6k\u00e7eada&#8217;dan saat 07.00, 11.00, 17.00, 22.00, Kabatepe saat 09.00, 13.00, 19.00 seferleri iptal edildi.<\/span><br \/>\n<span style=\"font-family: arial, helvetica, sans-serif; font-size: 14px;\">Meteoroloji Genel M\u00fcd\u00fcrl\u00fc\u011f\u00fc, \u00c7anakkale i\u00e7in f\u0131rt\u0131na ve sa\u011fanak uyar\u0131s\u0131nda bulundu. A\u00e7\u0131klamada, bu gece itibar\u0131yla il genelinde r\u00fczgar\u0131n da g\u00fcney y\u00f6nlerden kuvvetli ve k\u0131sa s\u00fcreli f\u0131rt\u0131na \u015feklinde (50-70 km\/saat, k\u0131y\u0131larda 80 km\/saat) esmesi beklendi\u011fi belirtildi. Ula\u015f\u0131mda aksamalar, \u00e7at\u0131 u\u00e7mas\u0131, soba ve do\u011fal gaz kaynakl\u0131 zehirlenmeler gibi olumsuzluklara kar\u015f\u0131 vatanda\u015flar\u0131n dikkatli olmas\u0131 konusunda uyar\u0131larda bulunuldu. \u00d6te yandan yar\u0131n \u00f6\u011fle saatlerinden itibaren kent genelinde kuvvetli sa\u011fanak ve g\u00f6k g\u00fcr\u00fclt\u00fcl\u00fc sa\u011fanak beklendi\u011fi de bildirildi. Sel, su bask\u0131n\u0131, y\u0131ld\u0131r\u0131m, yerel dolu ya\u011f\u0131\u015f\u0131, ya\u011f\u0131\u015f an\u0131nda kuvvetli r\u00fczgar ve f\u0131rt\u0131na, ula\u015f\u0131mda aksamalar gibi olumsuzluklara kar\u015f\u0131 da halk\u0131n dikkatli ve tedbirli olunmas\u0131 istendi.<\/span><br \/>\n<span style=\"font-family: arial, helvetica, sans-serif; font-size: 14px;\">\u00c7anakkale Valili\u011fi\u2019nden yap\u0131lan a\u00e7\u0131klamada ise, \u201cSon de\u011ferlendirmelere g\u00f6re; 11.02.2024 Pazar g\u00fcn\u00fc gece saatlerinden sonra \u00c7anakkale il genelinde kuvvetli (21-50 kg\/m2), 12.02.2024 (Pazartesi) \u00f6\u011fleden sonra \u00c7anakkale\u2019nin g\u00fcneydo\u011fusunda (Bayrami\u00e7, Yenice) \u00e7ok kuvvetli ve yer yer \u015fiddetli (51-100 kg\/m2) sa\u011fanak ve g\u00f6k g\u00fcr\u00fclt\u00fcl\u00fc sa\u011fanak ya\u011f\u0131\u015f olaca\u011f\u0131, r\u00fczgar\u0131n da g\u00fcney y\u00f6nlerden kuvvetli ve k\u0131sa s\u00fcreli f\u0131rt\u0131na \u015feklinde (50-70 km\/saat, k\u0131y\u0131larda 80 km\/saat) esmesi beklendi\u011finden kuvvetli ya\u011f\u0131\u015flarla birlikte sel, su bask\u0131n\u0131, y\u0131ld\u0131r\u0131m, ula\u015f\u0131mda aksamalar, yerel dolu ya\u011f\u0131\u015f\u0131, k\u0131y\u0131 kesimlerde hortum riski, \u00e7at\u0131 u\u00e7mas\u0131 gibi olumsuzluklara kar\u015f\u0131 dikkatli ve tedbirli olunmas\u0131 gerekmektedir. Kamu kurum ve kurulu\u015flar\u0131m\u0131z taraf\u0131ndan gerekli tedbirler al\u0131nmakla beraber vatanda\u015flar\u0131m\u0131z\u0131n can ve mal g\u00fcvenli\u011fi a\u00e7\u0131s\u0131ndan dikkatli olmalar\u0131 \u00f6nemle rica olunur\u201d denildi.<\/span><\/p>\n","protected":false},"excerpt":{"rendered":"<p>\u00c7anakkale\u2019nin Kuzey Ege Denizi\u2019ndeki Bozcaada ve G\u00f6k\u00e7eada il\u00e7elerine yar\u0131n yap\u0131lmas\u0131 planlanan baz\u0131 tarifeli feribot seferleri olumsuz hava \u015fartlar\u0131 nedeniyle iptal<\/p>\n","protected":false},"author":3,"featured_media":21561,"comment_status":"open","ping_status":"open","sticky":false,"template":"","format":"standard","meta":{"colormag_page_container_layout":"default_layout","colormag_page_sidebar_layout":"default_layout","footnotes":""},"categories":[1,5],"tags":[],"class_list":["post-21573","post","type-post","status-publish","format-standard","has-post-thumbnail","hentry","category-genel","category-gundem"],"_links":{"self":[{"href":"https:\/\/marmarayerelhizmet.com\/index.php\/wp-json\/wp\/v2\/posts\/21573","targetHints":{"allow":["GET"]}}],"collection":[{"href":"https:\/\/marmarayerelhizmet.com\/index.php\/wp-json\/wp\/v2\/posts"}],"about":[{"href":"https:\/\/marmarayerelhizmet.com\/index.php\/wp-json\/wp\/v2\/types\/post"}],"author":[{"embeddable":true,"href":"https:\/\/marmarayerelhizmet.com\/index.php\/wp-json\/wp\/v2\/users\/3"}],"replies":[{"embeddable":true,"href":"https:\/\/marmarayerelhizmet.com\/index.php\/wp-json\/wp\/v2\/comments?post=21573"}],"version-history":[{"count":0,"href":"https:\/\/marmarayerelhizmet.com\/index.php\/wp-json\/wp\/v2\/posts\/21573\/revisions"}],"wp:featuredmedia":[{"embeddable":true,"href":"https:\/\/marmarayerelhizmet.com\/index.php\/wp-json\/wp\/v2\/media\/21561"}],"wp:attachment":[{"href":"https:\/\/marmarayerelhizmet.com\/index.php\/wp-json\/wp\/v2\/media?parent=21573"}],"wp:term":[{"taxonomy":"category","embeddable":true,"href":"https:\/\/marmarayerelhizmet.com\/index.php\/wp-json\/wp\/v2\/categories?post=21573"},{"taxonomy":"post_tag","embeddable":true,"href":"https:\/\/marmarayerelhizmet.com\/index.php\/wp-json\/wp\/v2\/tags?post=21573"}],"curies":[{"name":"wp","href":"https:\/\/api.w.org\/{rel}","templated":true}]}}