{"id":21569,"date":"2024-02-11T13:44:57","date_gmt":"2024-02-11T10:44:57","guid":{"rendered":"https:\/\/marmarayerelhizmet.com\/?p=21569"},"modified":"2024-02-11T13:44:57","modified_gmt":"2024-02-11T10:44:57","slug":"kalemtiras-atiklarindan-sanat-eserine","status":"publish","type":"post","link":"https:\/\/marmarayerelhizmet.com\/index.php\/2024\/02\/11\/kalemtiras-atiklarindan-sanat-eserine\/","title":{"rendered":"Kalemt\u0131ra\u015f At\u0131klar\u0131ndan Sanat Eserine"},"content":{"rendered":"<p><strong><span style=\"font-family: arial, helvetica, sans-serif; font-size: 14px;\">Kocaeli&#8217;nin K\u00f6rfez il\u00e7esinde geri d\u00f6n\u00fc\u015f\u00fcm \u00e7al\u0131\u015fmalar\u0131n\u0131n y\u00fcr\u00fct\u00fcld\u00fc\u011f\u00fc okulda \u00f6\u011frenciler kalemt\u0131ra\u015f at\u0131klar\u0131n\u0131 \u00e7\u00f6pe atm\u0131yor, sanat eserine d\u00f6n\u00fc\u015ft\u00fcr\u00fcyor. \u00d6\u011frencilerin kalemt\u0131ra\u015f at\u0131klar\u0131ndan yapt\u0131klar\u0131 resimler ve \u00e7al\u0131\u015fmalar, SEKA Ka\u011f\u0131t M\u00fczesi&#8217;nde de sergileniyor.<br \/>\n<\/span><\/strong><br \/>\n<span style=\"font-family: arial, helvetica, sans-serif; font-size: 14px;\">T\u00fcrkiye \u00c7evre E\u011fitim Vakf\u0131 (T\u00dcR\u00c7EV) taraf\u0131ndan ba\u015flat\u0131lan &#8220;Eko-Okul Projesi&#8221;ne dahil olan K\u00f6rfezkent Emlak Konut \u0130lkokulu&#8217;nda, yakla\u015f\u0131k bir y\u0131ld\u0131r anlaml\u0131 bir etkinlik d\u00fczenleniyor. Miniklerde \u00e7evre bilinci olu\u015fturmak ve geri d\u00f6n\u00fc\u015f\u00fcm\u00fcn \u00f6nemini anlatmak amac\u0131yla hayata ge\u00e7irilen bu etkinlikte, kalemt\u0131ra\u015f at\u0131klar\u0131 \u00e7\u00f6pe at\u0131lm\u0131yor. \u00d6\u011frenciler, biriktirdikleri kalemt\u0131ra\u015f at\u0131klar\u0131n\u0131 g\u00f6rsel sanatlar dersinde yapt\u0131klar\u0131 resimlerin \u00fczerine yap\u0131\u015ft\u0131rarak, adeta sanat eserine d\u00f6n\u00fc\u015ft\u00fcr\u00fcyor. K\u00f6rfezkent Emlak Konut \u0130lkokulu 2-H s\u0131n\u0131f\u0131 \u00f6\u011frencilerinin kalemt\u0131ra\u015f at\u0131klar\u0131n\u0131 kullanarak yapt\u0131klar\u0131 resimler SEKA Ka\u011f\u0131t M\u00fczesi&#8217;nde de sergileniyor.<\/span><\/p>\n<p><strong><span style=\"font-family: arial, helvetica, sans-serif; font-size: 14px;\">&#8220;\u00d6\u011frencilerimizi S\u0131f\u0131r At\u0131k konusunda bilin\u00e7lendirmeyi hedefliyoruz&#8221;<\/span><\/strong><br \/>\n<span style=\"font-family: arial, helvetica, sans-serif; font-size: 14px;\">\u00d6\u011frencileri S\u0131f\u0131r At\u0131k konusunda bilin\u00e7lendirmeyi hedeflediklerini anlatan 2-H S\u0131n\u0131f \u00d6\u011fretmeni R\u00fcmeysa G\u00f6k\u00e7e, &#8220;Asl\u0131nda bu etkinli\u011fin temelleri, Eko Okul Projesi&#8217;ne dayan\u0131yor. Bu projeye bizim okulumuz da dahil oldu. Eko Okul Projesi, okul \u00f6ncesi, ilkokul ve ortaokulda uygulanan bir proje. \u00c7evre e\u011fitimi, \u00e7evre y\u00f6netimi, s\u00fcrd\u00fcr\u00fclebilirlik ve k\u00fclt\u00fcr e\u011fitimi vermek amac\u0131yla uluslararas\u0131 bir platformda yap\u0131lan program. Biz de bu programa ba\u015fvurduk. Bu \u015fekilde \u00e7al\u0131\u015fmalar\u0131m\u0131z devam ediyor&#8221; dedi.<\/span><\/p>\n<p><strong><span style=\"font-family: arial, helvetica, sans-serif; font-size: 14px;\">&#8220;Konserve kutular\u0131ndan bateri, kartonlardan gitar ve keman yapt\u0131k&#8221;<\/span><\/strong><br \/>\n<span style=\"font-family: arial, helvetica, sans-serif; font-size: 14px;\">R\u00fcmeysa G\u00f6k\u00e7e, Eko Okul Projesi kapsam\u0131nda okulda bir\u00e7ok \u00e7evre \u00e7al\u0131\u015fmas\u0131 y\u00fcr\u00fctt\u00fcklerini ve \u00e7ok say\u0131da etkinlik d\u00fczenlediklerini ifade ederek, &#8220;Hatta okulumuzda &#8216;eko timi&#8217; olu\u015fturduk. Eko timinde bir\u00e7ok \u00e7al\u0131\u015fmalar yapt\u0131k. Geri d\u00f6n\u00fc\u015f\u00fcm at\u0131klar\u0131ndan \u015fapka tasarlad\u0131k, m\u00fczik aletleri yapt\u0131k, konserve kutular\u0131ndan bateri, kartonlardan gitar ve keman yapt\u0131k. \u015eimdi de kalemt\u0131ra\u015f at\u0131klar\u0131n\u0131 \u00e7\u00f6pe atmak yerine biriktiriyoruz. Bunlarla farkl\u0131 \u00e7al\u0131\u015fmalar yap\u0131yoruz. Baz\u0131 \u00f6\u011frencilerimiz kendi hayal g\u00fc\u00e7leriyle \u00e7izimler yap\u0131yorlar&#8221; diye konu\u015ftu.<\/span><\/p>\n<p><strong><span style=\"font-family: arial, helvetica, sans-serif; font-size: 14px;\">Miniklerin eserleri \u00f6nce okulda, sonra m\u00fczede sergilendi<\/span><\/strong><br \/>\n<span style=\"font-family: arial, helvetica, sans-serif; font-size: 14px;\">\u00d6\u011frencilerinin kalemt\u0131ra\u015f at\u0131klar\u0131 kullanarak yapt\u0131\u011f\u0131 eserleri ilk olarak okulda sergilediklerini belirten G\u00f6k\u00e7e, &#8220;Daha sonra SEKA Ka\u011f\u0131t M\u00fczesi&#8217;nde de sergi imkan\u0131 oldu\u011funu \u00f6\u011frenince ba\u015fvuruda bulunduk. Amac\u0131m\u0131z, \u00e7evre bilincini olu\u015fturmak ve bu fark\u0131ndal\u0131\u011f\u0131 art\u0131rmak&#8221; \u015feklinde konu\u015ftu.<\/span><\/p>\n<p><strong><span style=\"font-family: arial, helvetica, sans-serif; font-size: 14px;\">&#8220;\u00c7ocuklar\u0131n hayal g\u00fc\u00e7leri inan\u0131lmaz&#8221;<\/span><\/strong><br \/>\n<span style=\"font-family: arial, helvetica, sans-serif; font-size: 14px;\">\u00c7evre \u00e7al\u0131\u015fmalar\u0131 i\u00e7in eylem plan\u0131 olu\u015fturduklar\u0131n\u0131 ve bu plan dahilinde ilerlediklerini de vurgulayan R\u00fcmeysa G\u00f6k\u00e7e, \u00f6\u011frencilerin \u00e7ok \u00f6zg\u00fcn \u00e7al\u0131\u015fmalar yapt\u0131klar\u0131n\u0131 kaydetti. \u00c7ocuklar\u0131n hayal g\u00fc\u00e7lerini kullanarak birbirinden g\u00fczel resimler \u00e7izdiklerini, projeler \u00fcrettiklerini dile getiren G\u00f6k\u00e7e, &#8220;Ben de ger\u00e7ekten hayretle izliyorum. \u00c7ocuklar\u0131n hayal g\u00fc\u00e7leri inan\u0131lmaz. \u00dcretkenler. Bizim sadece onlara yol g\u00f6stermemiz gerekiyor. Onlar su olup yollar\u0131n\u0131 buluyorlar&#8221; ifadelerini kulland\u0131.<\/span><\/p>\n<p><strong><span style=\"font-family: arial, helvetica, sans-serif; font-size: 14px;\">&#8220;Geri d\u00f6n\u00fc\u015f\u00fcm at\u0131klar\u0131n\u0131 atmamaya gayret ediyorlar&#8221;<\/span><\/strong><br \/>\n<span style=\"font-family: arial, helvetica, sans-serif; font-size: 14px;\">G\u00f6k\u00e7e, hayata ge\u00e7irilen bu projelerin \u00f6\u011frencilerin \u00fczerinde olumlu etki olu\u015fturdu\u011funa da dikkat \u00e7ekerek, &#8220;Geri d\u00f6n\u00fc\u015f\u00fcm at\u0131klar\u0131n\u0131 atmamaya gayret ediyorlar. Bir de biz \u0130ZAYDA\u015e&#8217;tan e\u011fitim ald\u0131k. Orada da geri d\u00f6n\u00fc\u015f\u00fcm at\u0131klar\u0131yla ilgili e\u011fitime kat\u0131ld\u0131k. \u00d6\u011frencilerim bilin\u00e7lendi. Kalemt\u0131ra\u015f at\u0131klar\u0131n\u0131 bile \u00e7\u00f6pe atmamaya gayret g\u00f6steriyoruz&#8221; dedi.<\/span><\/p>\n<p><strong><span style=\"font-family: arial, helvetica, sans-serif; font-size: 14px;\">&#8220;Bu etkinli\u011fi seviyorum&#8221;<\/span><\/strong><br \/>\n<span style=\"font-family: arial, helvetica, sans-serif; font-size: 14px;\">2-H s\u0131n\u0131f\u0131 \u00f6\u011frencilerinden Nefes Su G\u00f6kta\u015f (8), &#8220;S\u0131n\u0131fta kalemt\u0131ra\u015f etkinli\u011fi yap\u0131yoruz. Kendi biriktirdi\u011fimiz kalemt\u0131ra\u015flar at\u0131klar\u0131n\u0131 ka\u011f\u0131da yap\u0131\u015ft\u0131rarak b\u00f6yle resimler yap\u0131yoruz. Bu etkinli\u011fi seviyorum&#8221; diye konu\u015ftu.<\/span><\/p>\n<p><strong><span style=\"font-family: arial, helvetica, sans-serif; font-size: 14px;\">&#8220;Evde de geri d\u00f6n\u00fc\u015f\u00fcme katk\u0131da bulunuyoruz&#8221;<\/span><\/strong><br \/>\n<span style=\"font-family: arial, helvetica, sans-serif; font-size: 14px;\">Kar\u0131nca resmi \u00fczerine kalemt\u0131ra\u015f at\u0131klar\u0131 yap\u0131\u015ft\u0131ran Mehmet Ali Karakol (7), &#8220;Onu kalemt\u0131ra\u015f at\u0131klar\u0131yla yap\u0131\u015ft\u0131rd\u0131m. Sonra da kar\u0131nca yapt\u0131m. Geri d\u00f6n\u00fc\u015f\u00fcm kar\u0131ncas\u0131 oldu&#8221; \u015feklinde konu\u015ftu.<\/span><br \/>\n<span style=\"font-family: arial, helvetica, sans-serif; font-size: 14px;\">Melih Sa\u00e7 (8) ise, &#8220;Evde zaten geri d\u00f6n\u00fc\u015f\u00fcme katk\u0131da bulunuyoruz. Kartonlar\u0131 veya ka\u011f\u0131tlar\u0131 bir po\u015fete dolduruyoruz ve onu geri d\u00f6n\u00fc\u015f\u00fcme kazand\u0131r\u0131yoruz. Burada da ayn\u0131s\u0131n\u0131 yapmaya \u00e7al\u0131\u015ft\u0131k&#8221; dedi.<\/span><\/p>\n","protected":false},"excerpt":{"rendered":"<p>Kocaeli&#8217;nin K\u00f6rfez il\u00e7esinde geri d\u00f6n\u00fc\u015f\u00fcm \u00e7al\u0131\u015fmalar\u0131n\u0131n y\u00fcr\u00fct\u00fcld\u00fc\u011f\u00fc okulda \u00f6\u011frenciler kalemt\u0131ra\u015f at\u0131klar\u0131n\u0131 \u00e7\u00f6pe atm\u0131yor, sanat eserine d\u00f6n\u00fc\u015ft\u00fcr\u00fcyor. \u00d6\u011frencilerin kalemt\u0131ra\u015f at\u0131klar\u0131ndan yapt\u0131klar\u0131<\/p>\n","protected":false},"author":3,"featured_media":21570,"comment_status":"open","ping_status":"open","sticky":false,"template":"","format":"standard","meta":{"colormag_page_container_layout":"default_layout","colormag_page_sidebar_layout":"default_layout","footnotes":""},"categories":[45,1,5],"tags":[],"class_list":["post-21569","post","type-post","status-publish","format-standard","has-post-thumbnail","hentry","category-egitim","category-genel","category-gundem"],"_links":{"self":[{"href":"https:\/\/marmarayerelhizmet.com\/index.php\/wp-json\/wp\/v2\/posts\/21569","targetHints":{"allow":["GET"]}}],"collection":[{"href":"https:\/\/marmarayerelhizmet.com\/index.php\/wp-json\/wp\/v2\/posts"}],"about":[{"href":"https:\/\/marmarayerelhizmet.com\/index.php\/wp-json\/wp\/v2\/types\/post"}],"author":[{"embeddable":true,"href":"https:\/\/marmarayerelhizmet.com\/index.php\/wp-json\/wp\/v2\/users\/3"}],"replies":[{"embeddable":true,"href":"https:\/\/marmarayerelhizmet.com\/index.php\/wp-json\/wp\/v2\/comments?post=21569"}],"version-history":[{"count":0,"href":"https:\/\/marmarayerelhizmet.com\/index.php\/wp-json\/wp\/v2\/posts\/21569\/revisions"}],"wp:featuredmedia":[{"embeddable":true,"href":"https:\/\/marmarayerelhizmet.com\/index.php\/wp-json\/wp\/v2\/media\/21570"}],"wp:attachment":[{"href":"https:\/\/marmarayerelhizmet.com\/index.php\/wp-json\/wp\/v2\/media?parent=21569"}],"wp:term":[{"taxonomy":"category","embeddable":true,"href":"https:\/\/marmarayerelhizmet.com\/index.php\/wp-json\/wp\/v2\/categories?post=21569"},{"taxonomy":"post_tag","embeddable":true,"href":"https:\/\/marmarayerelhizmet.com\/index.php\/wp-json\/wp\/v2\/tags?post=21569"}],"curies":[{"name":"wp","href":"https:\/\/api.w.org\/{rel}","templated":true}]}}