{"id":21554,"date":"2024-02-11T11:07:18","date_gmt":"2024-02-11T08:07:18","guid":{"rendered":"https:\/\/marmarayerelhizmet.com\/?p=21554"},"modified":"2024-02-11T11:07:18","modified_gmt":"2024-02-11T08:07:18","slug":"aheng-i-ruhani-sergisi-acildi","status":"publish","type":"post","link":"https:\/\/marmarayerelhizmet.com\/index.php\/2024\/02\/11\/aheng-i-ruhani-sergisi-acildi\/","title":{"rendered":"&#8216;\u00c2heng-i R\u00fbhan\u00ee&#8217; Sergisi A\u00e7\u0131ld\u0131"},"content":{"rendered":"<p><strong><span style=\"font-family: arial, helvetica, sans-serif; font-size: 14px;\">Esenler\u2019de, kadife \u00fczerine resmedilen Osmanl\u0131 padi\u015fahlar\u0131, Anadolu komutanlar\u0131, \u00e7e\u015fitli bitki ve hayvan manzaralar\u0131n\u0131n yer ald\u0131\u011f\u0131 ya\u011fl\u0131 boya tablolar\u0131 ile Esma\u00fc&#8217;l-H\u00fcsna, ayet ve hadislerin bulundu\u011fu hat tablolar\u0131ndan olu\u015fan \u2018\u00c2heng-i R\u00fbhan\u00ee Resim ve Hat Sergisi\u2019nin a\u00e7\u0131l\u0131\u015f\u0131 yap\u0131ld\u0131.<br \/>\n<\/span><\/strong><br \/>\n<span style=\"font-family: arial, helvetica, sans-serif; font-size: 14px;\">Esenler Belediyesi, \u2018\u00c2heng-i R\u00fbhan\u00ee\u2019 ismiyle resim ve hat eserlerinin olu\u015ftu\u011fu resim sergisinin a\u00e7\u0131l\u0131\u015f\u0131n yapt\u0131. Esenler Kadir Topba\u015f K\u00fclt\u00fcr Sanat Merkezindeki sergide 54 karma eser yer al\u0131yor. k\u00fcrat\u00f6rl\u00fc\u011f\u00fcn\u00fc Mehmet Tarak\u00e7\u0131\u2019n\u0131n \u00fcstlendi\u011fi sergide, Osmanl\u0131 padi\u015fahlar\u0131, Anadolu komutanlar\u0131, \u00e7e\u015fitli bitki ve hayvan manzaralar\u0131n\u0131n yer ald\u0131\u011f\u0131 ya\u011fl\u0131 boya tablolar\u0131 ile Esma\u00fc&#8217;l-H\u00fcsna, ayet ve hadislerin bulundu\u011fu hat tablolar\u0131 sanatseverlerle bulu\u015facak.<\/span><br \/>\n<span style=\"font-family: arial, helvetica, sans-serif; font-size: 14px;\">Sergi a\u00e7\u0131l\u0131\u015f\u0131na Esenler Belediye Ba\u015fkan Yard\u0131mc\u0131s\u0131 Hasan Ta\u015f\u00e7\u0131, Hattat Ali H\u00fcsrevo\u011flu, \u015eaban Keskin ve \u00e7ok say\u0131da sanatsever kat\u0131ld\u0131.<\/span><br \/>\n<span style=\"font-family: arial, helvetica, sans-serif; font-size: 14px;\">Serginin a\u00e7\u0131l\u0131\u015f\u0131ndan \u00f6nce bir konu\u015fma yapan Hattat Ali H\u00fcsrevo\u011flu, \u201cCenab-\u0131 Hakk\u0131n ezelden bug\u00fcne M\u00fcsl\u00fcman T\u00fcrklere g\u00fczel ikram\u0131d\u0131r. Peygamber Efendimiz sonra yani ne kadar M\u00fcsl\u00fcman devlet gelmi\u015fse istisnas\u0131z hepsinin hattatlar\u0131 M\u00fcsl\u00fcman T\u00fcrklerden olmu\u015f. Bu bir tesad\u00fcf de\u011fil. Dolay\u0131s\u0131yla \u0130stanbul bu sanat\u0131n ba\u015fkentidir. D\u00fcnya ba\u015fkentidir. Bir \u015fey s\u00f6ylenir. Kur&#8217;an-\u0131 Kerim Hicaz\u2019da indi, M\u0131s\u0131r&#8217;da okundu, \u0130stanbul&#8217;da yaz\u0131ld\u0131. Bu eksik s\u00f6yleniyor. \u0130stanbul&#8217;da hem okundu hem yaz\u0131ld\u0131. Dolay\u0131s\u0131yla bug\u00fcn de d\u00fcnyan\u0131n en b\u00fcy\u00fck ve en me\u015fhur hasatlar\u0131 \u0130stanbul&#8217;dan \u00e7\u0131kmaya devam ediyor. Elhamd\u00fclillah. Bu devam edecek. \u015eu anda yani pek \u00e7ok g\u00fczellikle kar\u015f\u0131 kar\u015f\u0131ya bulunuyorsunuz\u201d diye konu\u015ftu.<\/span><\/p>\n","protected":false},"excerpt":{"rendered":"<p>Esenler\u2019de, kadife \u00fczerine resmedilen Osmanl\u0131 padi\u015fahlar\u0131, Anadolu komutanlar\u0131, \u00e7e\u015fitli bitki ve hayvan manzaralar\u0131n\u0131n yer ald\u0131\u011f\u0131 ya\u011fl\u0131 boya tablolar\u0131 ile Esma\u00fc&#8217;l-H\u00fcsna,<\/p>\n","protected":false},"author":3,"featured_media":21555,"comment_status":"open","ping_status":"open","sticky":false,"template":"","format":"standard","meta":{"colormag_page_container_layout":"default_layout","colormag_page_sidebar_layout":"default_layout","footnotes":""},"categories":[1,5,6,8],"tags":[],"class_list":["post-21554","post","type-post","status-publish","format-standard","has-post-thumbnail","hentry","category-genel","category-gundem","category-kultur-sanat","category-siyaset"],"_links":{"self":[{"href":"https:\/\/marmarayerelhizmet.com\/index.php\/wp-json\/wp\/v2\/posts\/21554","targetHints":{"allow":["GET"]}}],"collection":[{"href":"https:\/\/marmarayerelhizmet.com\/index.php\/wp-json\/wp\/v2\/posts"}],"about":[{"href":"https:\/\/marmarayerelhizmet.com\/index.php\/wp-json\/wp\/v2\/types\/post"}],"author":[{"embeddable":true,"href":"https:\/\/marmarayerelhizmet.com\/index.php\/wp-json\/wp\/v2\/users\/3"}],"replies":[{"embeddable":true,"href":"https:\/\/marmarayerelhizmet.com\/index.php\/wp-json\/wp\/v2\/comments?post=21554"}],"version-history":[{"count":0,"href":"https:\/\/marmarayerelhizmet.com\/index.php\/wp-json\/wp\/v2\/posts\/21554\/revisions"}],"wp:featuredmedia":[{"embeddable":true,"href":"https:\/\/marmarayerelhizmet.com\/index.php\/wp-json\/wp\/v2\/media\/21555"}],"wp:attachment":[{"href":"https:\/\/marmarayerelhizmet.com\/index.php\/wp-json\/wp\/v2\/media?parent=21554"}],"wp:term":[{"taxonomy":"category","embeddable":true,"href":"https:\/\/marmarayerelhizmet.com\/index.php\/wp-json\/wp\/v2\/categories?post=21554"},{"taxonomy":"post_tag","embeddable":true,"href":"https:\/\/marmarayerelhizmet.com\/index.php\/wp-json\/wp\/v2\/tags?post=21554"}],"curies":[{"name":"wp","href":"https:\/\/api.w.org\/{rel}","templated":true}]}}