{"id":21545,"date":"2024-02-10T20:12:45","date_gmt":"2024-02-10T17:12:45","guid":{"rendered":"https:\/\/marmarayerelhizmet.com\/?p=21545"},"modified":"2024-02-10T20:12:45","modified_gmt":"2024-02-10T17:12:45","slug":"gercek-belediyecilik-anlayisiyla-yola-devam","status":"publish","type":"post","link":"https:\/\/marmarayerelhizmet.com\/index.php\/2024\/02\/10\/gercek-belediyecilik-anlayisiyla-yola-devam\/","title":{"rendered":"&#8216;Ger\u00e7ek Belediyecilik Anlay\u0131\u015f\u0131yla Yola Devam&#8217;"},"content":{"rendered":"<p><strong><span style=\"font-family: arial, helvetica, sans-serif; font-size: 14px;\">Karesi Belediye Ba\u015fkan\u0131 ve aday\u0131 Din\u00e7er Orkan, Sivil Toplum Kurulu\u015flar\u0131 (STK) ve odalar\u0131 ziyaret etti. Ba\u015fkan Orkan oda ve sivil toplum kurulu\u015flar\u0131 ba\u015fkanlar\u0131 ile bir araya gelerek de\u011ferlendirmelerde bulundu.<\/span><\/strong><\/p>\n<p><span style=\"font-family: arial, helvetica, sans-serif; font-size: 14px;\">Her zaman kurum ve kurulu\u015f amirleriyle, oda ba\u015fkanlar\u0131yla, sivil toplum kurulu\u015fu temsilcileri ve vatanda\u015flar ile isti\u015fare halinde olan Karesi Belediye Ba\u015fkan\u0131 ve Cumhur \u0130ttifak\u0131 Belediye Ba\u015fkan aday\u0131 Din\u00e7er Orkan, Sivil Toplum Kurulu\u015flar\u0131 (STK) ve odalar\u0131 ziyaret etti. \u0130lk olarak Cumhur \u0130ttifak\u0131 ortaklar\u0131 AK Parti Karesi \u0130l\u00e7e Ba\u015fkan\u0131 Hakan Aka ve y\u00f6netimi ile Milliyet\u00e7i Hareket Partisi (MHP) \u0130l\u00e7e Ba\u015fkan\u0131 Mustafa Bilsem ve y\u00f6netimi ile bulu\u015fan ba\u015fkan Orkan, de\u011ferlendirme toplant\u0131s\u0131 d\u00fczenledi. Toplant\u0131n\u0131n verimli ge\u00e7ti\u011fini ifade eden Ba\u015fkan Orkan, \u201c31 Mart&#8217;ta hem\u015fehrilerimizin tevecc\u00fch\u00fcyle yeniden tarih yazacak, Karesi\u2019de \u2018Ger\u00e7ek Belediyecilik\u2019 anlay\u0131\u015f\u0131yla yola devam edece\u011fiz\u201d a\u00e7\u0131klamas\u0131nda bulundu.<br \/>\n<\/span><br \/>\n<strong><span style=\"font-family: arial, helvetica, sans-serif; font-size: 14px;\">ODA VE STK BA\u015eKANLARINA Z\u0130YARET<\/span><\/strong><br \/>\n<span style=\"font-family: arial, helvetica, sans-serif; font-size: 14px;\">Karesi Belediye Ba\u015fkan\u0131 olarak g\u00f6reve ba\u015flad\u0131\u011f\u0131 2019 y\u0131l\u0131ndan bu yana isti\u015fareye \u00f6nem veren Karesi Belediye Ba\u015fkan\u0131 ve Cumhur ittifak\u0131 Belediye Ba\u015fkan aday\u0131 Din\u00e7er Orkan, bu anlay\u0131\u015f\u0131 s\u00fcrd\u00fcrmeye devam ediyor. Ba\u015fkan Orkan, AK Parti Karesi \u0130l\u00e7e Ba\u015fkan\u0131 Hakan Aka ile birlikte s\u0131ras\u0131yla; Bal\u0131kesir B\u00f6lgesi Hayvanc\u0131l\u0131k Kooperatifi Birli\u011fi Ba\u015fkan\u0131 Faruk \u00d6zen, Bal\u0131kesir B\u00f6lgesi Tar\u0131m Kredi Kooperatifleri Birli\u011fi B\u00f6lge M\u00fcd\u00fcr\u00fc Ne\u015fe Sar\u0131lgan, Lokantac\u0131lar Odas\u0131 Ba\u015fkan\u0131 Hasan Y\u0131ld\u0131z, Bal\u0131kesir Ziraat Odas\u0131 Ba\u015fkan\u0131 Rahmi Demirbay, F\u0131r\u0131nc\u0131lar Odas\u0131 Ba\u015fkan Vekili \u0130smail Ar\u0131, Ayakkab\u0131c\u0131lar Odas\u0131 Ba\u015fkan\u0131 Turgay Kapan, Camc\u0131lar ve Foto\u011fraf\u00e7\u0131lar Odas\u0131 Ba\u015fkan\u0131 Sami Pak, \u00c7er\u00e7i Manifaturac\u0131 Ve Tuhafiyeciler Esnaf Odas\u0131 Ba\u015fkan\u0131 Fatih \u00c7ak\u0131r, Berberler Odas\u0131 Ba\u015fkan\u0131 Halil \u0130brahim Demirer, Elektrik Elektronik Teknisyenler Odas\u0131 Ba\u015fkan\u0131 Nejdet Arslan, Sebze Ve Meyveciler Esnaf Odas\u0131 Ba\u015fkan\u0131 Nurullah Bozk\u0131r, Celepler Ve Besiciler Esnaf Odas\u0131 Ba\u015fkan\u0131 \u0130smail Balaban, Ticaret Odas\u0131 Ba\u015fkan\u0131 Rahmi Kula, M\u00dcS\u0130AD Bal\u0131kesir \u015eube Ba\u015fkan\u0131 Erdem \u00d6zer, BAG\u0130AD Ba\u015fkan\u0131 Emrah Bilcanl\u0131 ve Ticaret Odas\u0131 Meclis Ba\u015fkan\u0131 Okan Tela\u015feli, K\u0131z\u0131lay \u0130l Ba\u015fkan\u0131 Mustafa Burak Kelemen\u00e7e&#8217;yi ziyaret etti.<br \/>\n<\/span><br \/>\n<strong><span style=\"font-family: arial, helvetica, sans-serif; font-size: 14px;\">KARES\u0130\u2019DE \u0130ST\u0130\u015eARE GELENE\u011e\u0130 S\u00dcR\u00dcYOR<\/span><\/strong><br \/>\n<span style=\"font-family: arial, helvetica, sans-serif; font-size: 14px;\">Karesi Belediye ba\u015fkan\u0131 olarak g\u00f6reve ba\u015flad\u0131\u011f\u0131 g\u00fcnden bu yana isti\u015fareye \u00f6nem verdiklerini s\u00f6yleyen Ba\u015fkan Din\u00e7er Orkan, bu gelene\u011fi gelecek d\u00f6nemde de s\u00fcrd\u00fcreceklerini ifade etti. Karesi\u2019nin daha ya\u015fanabilir, huzurlu, g\u00fcvenli, sorunsuz bir \u015fehir olmas\u0131 i\u00e7in \u00e7al\u0131\u015ft\u0131klar\u0131n\u0131 belirten Ba\u015fkan Orkan, \u201cKentimizde yapaca\u011f\u0131m\u0131z projelerimizi vatanda\u015flar\u0131m\u0131z\u0131n g\u00f6r\u00fc\u015f ve \u00f6nerilerini alarak hayata ge\u00e7iriyoruz. B\u00f6ylece vatanda\u015flarda yap\u0131lan projelere destek oluyor. Yapt\u0131\u011f\u0131m\u0131z \u00e7al\u0131\u015fmalarla ilgili sivil toplum kurulu\u015flar\u0131n\u0131, vatanda\u015flar\u0131m\u0131z\u0131, ilgili kurum ve kurulu\u015flar\u0131 bilgilendiriyoruz ve il\u00e7emizin geli\u015fmesine katk\u0131 sa\u011fl\u0131yoruz. Bizler insan ve hizmet odakl\u0131 belediyecilik anlay\u0131\u015f\u0131m\u0131zla Karesi&#8217;de elbirli\u011fi ile g\u00fczel hizmetler ger\u00e7ekle\u015ftirece\u011fimize inan\u0131yoruz. \u0130ki \u00f6zelli\u011fin kazan\u0131m\u0131 kurumlar i\u00e7in artan \u00f6nem kazanmakta diye d\u00fc\u015f\u00fcn\u00fcyoruz. Bu yetkinliklerle Karesi&#8217;mizin gelecekte daha da huzurlu ve m\u00fcreffeh bir kent ya\u015fam\u0131na olaca\u011f\u0131na inan\u0131yorum. Ger\u00e7ek Belediyecilik anlay\u0131\u015f\u0131yla hareket etmeye devam edece\u011fiz\u201d dedi.<\/span><\/p>\n","protected":false},"excerpt":{"rendered":"<p>Karesi Belediye Ba\u015fkan\u0131 ve aday\u0131 Din\u00e7er Orkan, Sivil Toplum Kurulu\u015flar\u0131 (STK) ve odalar\u0131 ziyaret etti. Ba\u015fkan Orkan oda ve sivil<\/p>\n","protected":false},"author":3,"featured_media":21546,"comment_status":"open","ping_status":"open","sticky":false,"template":"","format":"standard","meta":{"colormag_page_container_layout":"default_layout","colormag_page_sidebar_layout":"default_layout","footnotes":""},"categories":[1,5,8],"tags":[],"class_list":["post-21545","post","type-post","status-publish","format-standard","has-post-thumbnail","hentry","category-genel","category-gundem","category-siyaset"],"_links":{"self":[{"href":"https:\/\/marmarayerelhizmet.com\/index.php\/wp-json\/wp\/v2\/posts\/21545","targetHints":{"allow":["GET"]}}],"collection":[{"href":"https:\/\/marmarayerelhizmet.com\/index.php\/wp-json\/wp\/v2\/posts"}],"about":[{"href":"https:\/\/marmarayerelhizmet.com\/index.php\/wp-json\/wp\/v2\/types\/post"}],"author":[{"embeddable":true,"href":"https:\/\/marmarayerelhizmet.com\/index.php\/wp-json\/wp\/v2\/users\/3"}],"replies":[{"embeddable":true,"href":"https:\/\/marmarayerelhizmet.com\/index.php\/wp-json\/wp\/v2\/comments?post=21545"}],"version-history":[{"count":0,"href":"https:\/\/marmarayerelhizmet.com\/index.php\/wp-json\/wp\/v2\/posts\/21545\/revisions"}],"wp:featuredmedia":[{"embeddable":true,"href":"https:\/\/marmarayerelhizmet.com\/index.php\/wp-json\/wp\/v2\/media\/21546"}],"wp:attachment":[{"href":"https:\/\/marmarayerelhizmet.com\/index.php\/wp-json\/wp\/v2\/media?parent=21545"}],"wp:term":[{"taxonomy":"category","embeddable":true,"href":"https:\/\/marmarayerelhizmet.com\/index.php\/wp-json\/wp\/v2\/categories?post=21545"},{"taxonomy":"post_tag","embeddable":true,"href":"https:\/\/marmarayerelhizmet.com\/index.php\/wp-json\/wp\/v2\/tags?post=21545"}],"curies":[{"name":"wp","href":"https:\/\/api.w.org\/{rel}","templated":true}]}}