{"id":21542,"date":"2024-02-10T14:14:29","date_gmt":"2024-02-10T11:14:29","guid":{"rendered":"https:\/\/marmarayerelhizmet.com\/?p=21542"},"modified":"2024-02-10T14:14:29","modified_gmt":"2024-02-10T11:14:29","slug":"yesilcam-sarkilari-ile-nostalji-ruzgari","status":"publish","type":"post","link":"https:\/\/marmarayerelhizmet.com\/index.php\/2024\/02\/10\/yesilcam-sarkilari-ile-nostalji-ruzgari\/","title":{"rendered":"Ye\u015fil\u00e7am \u015eark\u0131lar\u0131 \u0130le Nostalji R\u00fczgar\u0131"},"content":{"rendered":"<p><strong><span style=\"font-family: arial, helvetica, sans-serif; font-size: 14px;\">Bal\u0131kesir T\u00fcrk M\u00fczi\u011fi Korosu&#8217;nun &#8216;Okutan Bal\u0131kesir&#8217; Projesi kapsam\u0131nda T\u00fcrk E\u011fitim Vakf\u0131 i\u015fbirli\u011fi ile ger\u00e7ekle\u015ftirdi\u011fi konserde, Ye\u015fil\u00e7am \u015fark\u0131lar\u0131 nostalji r\u00fczgar\u0131 estirdi.<br \/>\n<\/span><\/strong><br \/>\n<span style=\"font-family: arial, helvetica, sans-serif; font-size: 14px;\">Avlu Kongre ve K\u00fclt\u00fcr Merkezi&#8217;nde d\u00fczenlenen konserde; T\u00fcrk E\u011fitim Vakf\u0131&#8217;na yapt\u0131klar\u0131 ba\u011f\u0131\u015flarla e\u011fitime \u00f6nemli katk\u0131lar sa\u011flayan Zeki M\u00fcren, M\u00fczeyyen Senar, Safiye Ayla ve Ferdi \u00d6zbe\u011fen gibi sanat\u00e7\u0131lar\u0131n \u015fark\u0131lar\u0131 da seslendirildi.<\/span><br \/>\n<span style=\"font-family: arial, helvetica, sans-serif; font-size: 14px;\">Sanatseverlerin ge\u00e7mi\u015fe yolculuk yapt\u0131\u011f\u0131 konserde \u015fark\u0131larla birlikte yap\u0131lan, T\u00fcrk filmlerinin haf\u0131zalara kaz\u0131nan sahnelerinin g\u00f6sterimleri ilgiyle izlendi. Izleyicilerin de e\u015flik etti\u011fi \u015fark\u0131lar co\u015fkuyla alk\u0131\u015flan\u0131rken, konserin sunumunu ger\u00e7ekle\u015ftiren Prof. Dr. Oktay Keskin&#8217;in okudu\u011fu \u015fiirler duygulu anlar ya\u015fatt\u0131. Sanat Y\u00f6netmeni Koro \u015eefi Atik Sahil&#8217;in izleyicileri de interaktif bir \u015fekilde dahil etti\u011fi konser ayakta alk\u0131\u015fland\u0131.<\/span><br \/>\n<span style=\"font-family: arial, helvetica, sans-serif; font-size: 14px;\">T\u00fcrk E\u011fitim Vakf\u0131 Bal\u0131kesir \u015eube Ba\u015fkan\u0131 Jale Bayraktar, &#8216;Okutan Bal\u0131kesir&#8217; projesi kapsam\u0131nda ger\u00e7ekle\u015ftirilen konserin d\u00fczenlenmesinde eme\u011fi ge\u00e7en herkese te\u015fekk\u00fcr etti.<\/span><br \/>\n<span style=\"font-family: arial, helvetica, sans-serif; font-size: 14px;\">Konsere B\u00fcy\u00fck\u015fehir Belediye Ba\u015fkan Vekili Av. Mehmet Birol \u015eahin, Karesi Belediye Ba\u015fkan\u0131 Din\u00e7er Orkan, Kent Konseyi Ba\u015fkan\u0131 M\u00fcrsel Sabanc\u0131, T\u00fcrk E\u011fitim Vakf\u0131 Bal\u0131kesir \u015eube Ba\u015fkan\u0131 Jale Bayraktar, Bal\u0131kesir Musiki Derne\u011fi Onursal Ba\u015fkan\u0131 Levent Tellio\u011flu, Bal\u0131kesir Musiki Derne\u011fi Y\u00f6netim Kurulu Ba\u015fkan\u0131 Nilg\u00fcl Bulca ve \u00e7ok say\u0131da sanatsever kat\u0131ld\u0131.<\/span><\/p>\n","protected":false},"excerpt":{"rendered":"<p>Bal\u0131kesir T\u00fcrk M\u00fczi\u011fi Korosu&#8217;nun &#8216;Okutan Bal\u0131kesir&#8217; Projesi kapsam\u0131nda T\u00fcrk E\u011fitim Vakf\u0131 i\u015fbirli\u011fi ile ger\u00e7ekle\u015ftirdi\u011fi konserde, Ye\u015fil\u00e7am \u015fark\u0131lar\u0131 nostalji r\u00fczgar\u0131 estirdi.<\/p>\n","protected":false},"author":3,"featured_media":21543,"comment_status":"open","ping_status":"open","sticky":false,"template":"","format":"standard","meta":{"colormag_page_container_layout":"default_layout","colormag_page_sidebar_layout":"default_layout","footnotes":""},"categories":[1,45,5,6,8],"tags":[],"class_list":["post-21542","post","type-post","status-publish","format-standard","has-post-thumbnail","hentry","category-genel","category-egitim","category-gundem","category-kultur-sanat","category-siyaset"],"_links":{"self":[{"href":"https:\/\/marmarayerelhizmet.com\/index.php\/wp-json\/wp\/v2\/posts\/21542","targetHints":{"allow":["GET"]}}],"collection":[{"href":"https:\/\/marmarayerelhizmet.com\/index.php\/wp-json\/wp\/v2\/posts"}],"about":[{"href":"https:\/\/marmarayerelhizmet.com\/index.php\/wp-json\/wp\/v2\/types\/post"}],"author":[{"embeddable":true,"href":"https:\/\/marmarayerelhizmet.com\/index.php\/wp-json\/wp\/v2\/users\/3"}],"replies":[{"embeddable":true,"href":"https:\/\/marmarayerelhizmet.com\/index.php\/wp-json\/wp\/v2\/comments?post=21542"}],"version-history":[{"count":0,"href":"https:\/\/marmarayerelhizmet.com\/index.php\/wp-json\/wp\/v2\/posts\/21542\/revisions"}],"wp:featuredmedia":[{"embeddable":true,"href":"https:\/\/marmarayerelhizmet.com\/index.php\/wp-json\/wp\/v2\/media\/21543"}],"wp:attachment":[{"href":"https:\/\/marmarayerelhizmet.com\/index.php\/wp-json\/wp\/v2\/media?parent=21542"}],"wp:term":[{"taxonomy":"category","embeddable":true,"href":"https:\/\/marmarayerelhizmet.com\/index.php\/wp-json\/wp\/v2\/categories?post=21542"},{"taxonomy":"post_tag","embeddable":true,"href":"https:\/\/marmarayerelhizmet.com\/index.php\/wp-json\/wp\/v2\/tags?post=21542"}],"curies":[{"name":"wp","href":"https:\/\/api.w.org\/{rel}","templated":true}]}}