{"id":21536,"date":"2024-02-10T12:34:48","date_gmt":"2024-02-10T09:34:48","guid":{"rendered":"https:\/\/marmarayerelhizmet.com\/?p=21536"},"modified":"2024-02-10T12:34:48","modified_gmt":"2024-02-10T09:34:48","slug":"sef-adaylari-goz-kamastirdi","status":"publish","type":"post","link":"https:\/\/marmarayerelhizmet.com\/index.php\/2024\/02\/10\/sef-adaylari-goz-kamastirdi\/","title":{"rendered":"\u015eef Adaylar\u0131 G\u00f6z Kama\u015ft\u0131rd\u0131"},"content":{"rendered":"<p><strong><span style=\"font-family: arial, helvetica, sans-serif; font-size: 14px;\">Bal\u0131kesir Gazi Mustafa Kemal Mesleki ve Teknik Anadolu Lisesi, Alt\u0131n Kep\u00e7e Turizm ve A\u015f\u00e7\u0131lar Derne\u011fi taraf\u0131ndan d\u00fczenlenen 8. Uluslararas\u0131 Gastronomi Yar\u0131\u015fmas\u0131&#8217;nda f\u0131rt\u0131na gibi esti. Antalya-Alanya da ger\u00e7ekle\u015fen yar\u0131\u015fmada, 10 \u00f6\u011frenci birlikte m\u00fccadele ederek toplamda 6 Alt\u0131n Madalya ve 4 Bronz Madalya kazanarak adeta bir zafer elde etti.<br \/>\n<\/span><\/strong><br \/>\n<span style=\"font-family: arial, helvetica, sans-serif; font-size: 14px;\">Yar\u0131\u015fma s\u00fcrecinde \u00f6\u011frencilerle beraber ayn\u0131 heyecan\u0131 payla\u015fan \u00f6\u011fretmenleri Erhan Kolak ve Umut Serdar \u00d6zkaraca yar\u0131\u015fma hakk\u0131nda \u015fu s\u00f6zleri s\u00f6ylediler. \u00d6\u011fretmen Erhan Kolak, &#8220;\u00d6\u011frencilerimizin 8. Uluslararas\u0131 Gastronomi Yar\u0131\u015fmas\u0131&#8217;nda sergiledikleri ba\u015far\u0131, onlar\u0131n tutku dolu \u00e7al\u0131\u015fmalar\u0131n\u0131n bir sonucudur. Yar\u0131\u015fma s\u00fcrecinde \u00f6\u011frencilerim, kendi kategorilerinde \u00f6ne \u00e7\u0131karak \u00f6d\u00fcller kazand\u0131lar. Onlar\u0131n bu ba\u015far\u0131s\u0131, \u00f6\u011frenci-\u00f6\u011fretmen i\u015fbirli\u011finin ve birlikte olu\u015fturdu\u011fumuz \u00f6zel bir atmosferin \u00fcr\u00fcn\u00fcd\u00fcr. Her bir \u00f6\u011frencimin eme\u011fi benim i\u00e7in gurur verici. Yar\u0131\u015fma, onlar\u0131n sadece mutfak becerilerini de\u011fil, ayn\u0131 zamanda liderlik ve tak\u0131m \u00e7al\u0131\u015fmas\u0131 yeteneklerini de ortaya koydu. Bu s\u00fcre\u00e7te yanlar\u0131nda olmaktan dolay\u0131 mutluluk duyuyorum. \u00d6\u011frencilerimi tebrik ediyor, bu ba\u015far\u0131da eme\u011fi ge\u00e7en di\u011fer \u00f6\u011fretmen arkada\u015flar\u0131ma da te\u015fekk\u00fcr ediyorum. Gelecekteki gastronomi \u015feflerimizin ba\u015far\u0131lar\u0131na tan\u0131kl\u0131k etmek beni heyecanland\u0131r\u0131yor\u201d dedi.<\/span><br \/>\n<span style=\"font-family: arial, helvetica, sans-serif; font-size: 14px;\">Meslek \u00d6\u011fretmeni Umut Serdar \u00d6zkaraca&#8217;da, &#8220;\u00d6\u011frencilerimizin 8. Uluslararas\u0131 Gastronomi Yar\u0131\u015fmas\u0131&#8217;nda kazand\u0131klar\u0131 ba\u015far\u0131, onlar\u0131n \u00f6zverili \u00e7al\u0131\u015fmalar\u0131n\u0131n bir sonucudur. Bu yar\u0131\u015fma s\u00fcrecinde, \u00f6\u011frencilerimizle birlikte \u00e7al\u0131\u015fmaktan dolay\u0131 b\u00fcy\u00fck bir gurur duyuyorum. Her bir \u00f6\u011frencimiz, kendi kategorilerinde g\u00f6sterdikleri \u00fcst\u00fcn yetenekle adeta birer \u015fef gibi performans sergiledi. Onlar\u0131n bu ba\u015far\u0131s\u0131, sadece bireysel de\u011fil, ayn\u0131 zamanda ekip \u00e7al\u0131\u015fmas\u0131n\u0131n da bir \u00fcr\u00fcn\u00fcd\u00fcr. T\u00fcm \u00f6\u011frencilerimi tebrik ediyorum. Bu ba\u015far\u0131da eme\u011fi ge\u00e7en di\u011fer \u00f6\u011fretmen arkada\u015flar\u0131ma da te\u015fekk\u00fcr ederim. \u00d6\u011frencilerimizin gelecekteki ba\u015far\u0131lar\u0131n\u0131 izlemek i\u00e7in sab\u0131rs\u0131zlan\u0131yorum.&#8221;<\/span><br \/>\n<span style=\"font-family: arial, helvetica, sans-serif; font-size: 14px;\">Okulda yap\u0131lan \u00f6d\u00fcl t\u00f6reninde konu\u015fan M\u00fcd\u00fcr R\u0131dvan Teke&#8217;de, \u00f6\u011frencilerin ba\u015far\u0131l\u0131 performans\u0131n\u0131 ve ba\u015far\u0131lar\u0131n\u0131 vurgulayarak, &#8220;Okulumuzun \u00f6\u011frencileri, 8. Uluslararas\u0131 Gastronomi Yar\u0131\u015fmas\u0131&#8217;nda g\u00f6sterdikleri \u00fcst\u00fcn performansla b\u00fcy\u00fck bir ba\u015far\u0131 elde ettiler. Ana Yemek, En \u0130yi Lise Ekip, Y\u00f6resel Yemekler, Uzak Do\u011fu Asya, Makarna ve Bal\u0131k Yemekleri kategorilerinde kazand\u0131klar\u0131 6 Alt\u0131n Madalya ve 4 Bronz Madalya, \u00f6\u011frencilerimizin azmi ve yeteneklerinin bir g\u00f6stergesidir. Bu yar\u0131\u015fma, e\u011fitim kalitemizin ve \u00f6\u011frencilerimizin ba\u015far\u0131l\u0131 bir yans\u0131mas\u0131d\u0131r. Gastronomi \u015eehri unvan\u0131 almaya \u00e7al\u0131\u015fan \u015fehrimizden b\u00f6yle gen\u00e7lerin \u00e7\u0131kmas\u0131 bizleri ayr\u0131ca gururland\u0131rm\u0131\u015ft\u0131r. T\u00fcm \u00f6\u011frencilerimizi kutluyor, onlar\u0131n gelecekteki ba\u015far\u0131lar\u0131na olan inanc\u0131m\u0131z\u0131 yineliyorum. Ayn\u0131 zamanda \u00f6\u011frencilerimizi yeti\u015ftiren \u00f6\u011fretmenlerimize de te\u015fekk\u00fcr ediyor, ba\u015far\u0131lar\u0131n\u0131zla gurur duyuyoruz&#8221; dedi.<\/span><\/p>\n","protected":false},"excerpt":{"rendered":"<p>Bal\u0131kesir Gazi Mustafa Kemal Mesleki ve Teknik Anadolu Lisesi, Alt\u0131n Kep\u00e7e Turizm ve A\u015f\u00e7\u0131lar Derne\u011fi taraf\u0131ndan d\u00fczenlenen 8. Uluslararas\u0131 Gastronomi<\/p>\n","protected":false},"author":3,"featured_media":21537,"comment_status":"open","ping_status":"open","sticky":false,"template":"","format":"standard","meta":{"colormag_page_container_layout":"default_layout","colormag_page_sidebar_layout":"default_layout","footnotes":""},"categories":[45,1,5],"tags":[],"class_list":["post-21536","post","type-post","status-publish","format-standard","has-post-thumbnail","hentry","category-egitim","category-genel","category-gundem"],"_links":{"self":[{"href":"https:\/\/marmarayerelhizmet.com\/index.php\/wp-json\/wp\/v2\/posts\/21536","targetHints":{"allow":["GET"]}}],"collection":[{"href":"https:\/\/marmarayerelhizmet.com\/index.php\/wp-json\/wp\/v2\/posts"}],"about":[{"href":"https:\/\/marmarayerelhizmet.com\/index.php\/wp-json\/wp\/v2\/types\/post"}],"author":[{"embeddable":true,"href":"https:\/\/marmarayerelhizmet.com\/index.php\/wp-json\/wp\/v2\/users\/3"}],"replies":[{"embeddable":true,"href":"https:\/\/marmarayerelhizmet.com\/index.php\/wp-json\/wp\/v2\/comments?post=21536"}],"version-history":[{"count":0,"href":"https:\/\/marmarayerelhizmet.com\/index.php\/wp-json\/wp\/v2\/posts\/21536\/revisions"}],"wp:featuredmedia":[{"embeddable":true,"href":"https:\/\/marmarayerelhizmet.com\/index.php\/wp-json\/wp\/v2\/media\/21537"}],"wp:attachment":[{"href":"https:\/\/marmarayerelhizmet.com\/index.php\/wp-json\/wp\/v2\/media?parent=21536"}],"wp:term":[{"taxonomy":"category","embeddable":true,"href":"https:\/\/marmarayerelhizmet.com\/index.php\/wp-json\/wp\/v2\/categories?post=21536"},{"taxonomy":"post_tag","embeddable":true,"href":"https:\/\/marmarayerelhizmet.com\/index.php\/wp-json\/wp\/v2\/tags?post=21536"}],"curies":[{"name":"wp","href":"https:\/\/api.w.org\/{rel}","templated":true}]}}