{"id":21520,"date":"2024-02-10T12:05:42","date_gmt":"2024-02-10T09:05:42","guid":{"rendered":"https:\/\/marmarayerelhizmet.com\/?p=21520"},"modified":"2024-02-10T12:05:42","modified_gmt":"2024-02-10T09:05:42","slug":"super-ligde-ara-transfer-donemi-raporu","status":"publish","type":"post","link":"https:\/\/marmarayerelhizmet.com\/index.php\/2024\/02\/10\/super-ligde-ara-transfer-donemi-raporu\/","title":{"rendered":"S\u00fcper Lig\u2019de Ara Transfer D\u00f6nemi Raporu"},"content":{"rendered":"<p><strong><span style=\"font-family: arial, helvetica, sans-serif; font-size: 14px;\">T\u00fcrkiye\u2019de 2023-2024 futbol sezonu ikinci transfer ve tescil d\u00f6nemi sona erdi. Ara transfer d\u00f6neminde S\u00fcper Lig\u2019de en fazla transferi 9 oyuncuyla Adana Demirspor yaparken, transfer yasa\u011f\u0131 bulunan Antalyaspor kadrosuna oyuncu dahil edemedi. D\u00f6rt b\u00fcy\u00fcklerden Fenerbah\u00e7e ve Be\u015fikta\u015f 4&#8217;er, Galatasaray 3, Trabzonspor da 1 oyuncuyla s\u00f6zle\u015fme imzalad\u0131.<br \/>\n<\/span><\/strong><br \/>\n<span style=\"font-family: arial, helvetica, sans-serif; font-size: 14px;\">T\u00fcrkiye\u2019de 11 Ocak&#8217;ta ba\u015flayan ve 29 g\u00fcn s\u00fcren 2023-2024 futbol sezonu ikinci transfer ve tescil d\u00f6nemi gece yar\u0131s\u0131 itibar\u0131yla tamamland\u0131. S\u00fcper Lig kul\u00fcpleri de yapt\u0131klar\u0131 transferlerle kadrolar\u0131n\u0131 g\u00fc\u00e7lendirdi. 29 g\u00fcnl\u00fck ara transfer d\u00f6neminde S\u00fcper Lig&#8217;de m\u00fccadele eden 20 kul\u00fcpten 19&#8217;u kadrosuna en az bir oyuncu dahil ederken, toplam 87 futbolcu ile s\u00f6zle\u015fme imzaland\u0131.<\/span><\/p>\n<p><strong><span style=\"font-family: arial, helvetica, sans-serif; font-size: 14px;\">En fazla transferi 9 oyuncuyla Adana Demirspor yapt\u0131<\/span><\/strong><br \/>\n<span style=\"font-family: arial, helvetica, sans-serif; font-size: 14px;\">Ara transfer d\u00f6nemini en hareketli ge\u00e7iren tak\u0131m, 9 oyuncuyla s\u00f6zle\u015fme imzalayan Adana Demirspor oldu. Mavi-lacivertli ekibi, 8\u2019er transfer yapan Konyaspor ile Sivasspor takip etti. En az transfere birer oyuncuyla \u0130stanbulspor ile Trabzonspor imza atarken, kadrosuna yeni futbolcu katamayan tek tak\u0131m transfer yasa\u011f\u0131 bulunan Antalyaspor oldu.<\/span><\/p>\n<p><strong><span style=\"font-family: arial, helvetica, sans-serif; font-size: 14px;\">Fenerbah\u00e7e ve Be\u015fikta\u015f 4\u2019er transfer yapt\u0131<\/span><\/strong><br \/>\n<span style=\"font-family: arial, helvetica, sans-serif; font-size: 14px;\">D\u00f6rt b\u00fcy\u00fck tak\u0131m aras\u0131nda en \u00e7ok transferi 4\u2019er futbolcuyla Fenerbah\u00e7e ve Be\u015fikta\u015f yapt\u0131. Ligde liderlik koltu\u011funda oturan sar\u0131-lacivertliler, kadrosunu Leonardo Bonucci, \u00c7a\u011flar S\u00f6y\u00fcnc\u00fc, Rade Krunic ve eski futbolcusu Serdar Dursun\u2019la g\u00fc\u00e7lendirdi. Transferin son g\u00fcn\u00fcn\u00fc hareketli ge\u00e7iren siyah-beyazl\u0131lar ise ara transfer d\u00f6neminde Ernest Mu\u00e7i, Jonas Svensson, Joe Worrall ve Al-Musrati\u2019yi renklerine ba\u011flad\u0131.<\/span><\/p>\n<p><strong><span style=\"font-family: arial, helvetica, sans-serif; font-size: 14px;\">Galatasaray 3 yeni ismi kadrosuna katt\u0131<\/span><\/strong><br \/>\n<span style=\"font-family: arial, helvetica, sans-serif; font-size: 14px;\">K\u0131\u015f transfer d\u00f6neminde Sacha Boey\u2019i 30 milyon Euro\u2019luk rekor bedelle Alman ekibi Bayern M\u00fcnih\u2019e g\u00f6nderen Galatasaray, 3 futbolcuyu kadrosuna katt\u0131. Sar\u0131-k\u0131rm\u0131z\u0131l\u0131lar, sa\u011f bek Serge Aurier, forvet Carlos Vinicius ve sol bek Derrick K\u00f6hn ile s\u00f6zle\u015fme imzalad\u0131. Sezon ba\u015f\u0131nda \u0130talyan ekibi Genoa\u2019ya kiralanan Berkan Kutlu da ara transfer d\u00f6neminde tak\u0131ma d\u00f6nd\u00fc.<\/span><\/p>\n<p><strong><span style=\"font-family: arial, helvetica, sans-serif; font-size: 14px;\">Trabzonspor, ara transfer d\u00f6nemini sessiz ge\u00e7irdi<\/span><\/strong><br \/>\n<span style=\"font-family: arial, helvetica, sans-serif; font-size: 14px;\">D\u00f6rt b\u00fcy\u00fckler aras\u0131nda en az transferi ise Trabzonspor yapt\u0131. Abdulkadir \u00d6m\u00fcr ve Anastasios Bakasetas gibi \u00f6nemli futbolcularla yollar\u0131n\u0131 ay\u0131ran bordo-mavililer, son olarak Borussia Dortmund formas\u0131 giyen 32 ya\u015f\u0131ndaki Bel\u00e7ikal\u0131 sa\u011f bek oyuncusu Thomas Meunier ile mukavele imzalad\u0131.<\/span><br \/>\n<span style=\"font-family: arial, helvetica, sans-serif; font-size: 14px;\">Ara transfer d\u00f6neminde S\u00fcper Lig tak\u0131mlar\u0131n\u0131n yapt\u0131klar\u0131 transferler ve ayr\u0131lan futbolcular \u015f\u00f6yle:<\/span><\/p>\n<p><strong><span style=\"font-family: arial, helvetica, sans-serif; font-size: 14px;\">Fenerbah\u00e7e<\/span><\/strong><br \/>\n<span style=\"font-family: arial, helvetica, sans-serif; font-size: 14px;\">Gelenler: Leonardo Bonucci, \u00c7a\u011flar S\u00f6y\u00fcnc\u00fc (Kiral\u0131k), Rade Krunic (Kiral\u0131k), Serdar Dursun (Kiral\u0131k)<\/span><br \/>\n<span style=\"font-family: arial, helvetica, sans-serif; font-size: 14px;\">Gidenler: Samet Akaydin (Kiral\u0131k), Umut Nayir (Kiral\u0131k), Bartu\u011f Elmaz (Kiral\u0131k), Miguel Crespo (Kiral\u0131k), Emre Mor (Kiral\u0131k), Lincoln Henrique (Kiral\u0131k), Tiago \u00c7ukur (Kiral\u0131k), Bar\u0131\u015f Sungur<\/span><\/p>\n<p><strong><span style=\"font-family: arial, helvetica, sans-serif; font-size: 14px;\">Be\u015fikta\u015f<\/span><\/strong><br \/>\n<span style=\"font-family: arial, helvetica, sans-serif; font-size: 14px;\">Gelenler: Ernest Mu\u00e7i, Jonas Svensson, Joe Worrall (Kiral\u0131k), Al-Musrati (Kiral\u0131k)<\/span><br \/>\n<span style=\"font-family: arial, helvetica, sans-serif; font-size: 14px;\">Gidenler: Eric Bailly, Jean Onana (Kiral\u0131k), Emrecan Bulut (Kiral\u0131k), Valentin Rosier (Kiral\u0131k), Kerem Atakan Kesgin (Kiral\u0131k), Ahmet G\u00fclay (Kiral\u0131k)<\/span><\/p>\n<p><strong><span style=\"font-family: arial, helvetica, sans-serif; font-size: 14px;\">Galatasaray<\/span><\/strong><br \/>\n<span style=\"font-family: arial, helvetica, sans-serif; font-size: 14px;\">Gelenler: Serge Aurier, Carlos Vinicius, Derrick K\u00f6hn, Berkan Kutlu (Kiral\u0131ktan d\u00f6nd\u00fc)<\/span><br \/>\n<span style=\"font-family: arial, helvetica, sans-serif; font-size: 14px;\">Gidenler: Sacha Boey, Cedric Bakambu, Angelino, Kaz\u0131mcan Karata\u015f (Kiral\u0131k), Halil Dervi\u015fo\u011flu (Kiral\u0131k), Christian Luyindama, Baran Aksaka (Kiral\u0131k), Atakan Ordu (Kiral\u0131k)<\/span><\/p>\n<p><strong><span style=\"font-family: arial, helvetica, sans-serif; font-size: 14px;\">Trabzonspor<\/span><\/strong><br \/>\n<span style=\"font-family: arial, helvetica, sans-serif; font-size: 14px;\">Gelenler: Thomas Meunier<\/span><br \/>\n<span style=\"font-family: arial, helvetica, sans-serif; font-size: 14px;\">Gidenler: Abdulkadir \u00d6m\u00fcr, Anastasios Bakasetas, Jens Stryger Larsen, Dimitrios Kourbelis (Kiral\u0131k), Tonio Teklic (Kiral\u0131k), S\u00fcleyman Cebeci (Kiral\u0131k)<\/span><\/p>\n<p><strong><span style=\"font-family: arial, helvetica, sans-serif; font-size: 14px;\">Ba\u015fak\u015fehir<\/span><\/strong><br \/>\n<span style=\"font-family: arial, helvetica, sans-serif; font-size: 14px;\">Gelenler: Josef de Souza, Olivier Kemen, Davidson, Hamza Ljukovac<\/span><br \/>\n<span style=\"font-family: arial, helvetica, sans-serif; font-size: 14px;\">Gidenler: Alya Toure, Edgar Ie, Emmanuel Dennis, Cemali Sertel (Kiral\u0131k), Bedirhan \u00d6zyurt (Kiral\u0131k), Muhammet Arslanta\u015f (Kiral\u0131k), Eden Karzev (Kiral\u0131k), Efecan Barl\u0131k (Kiral\u0131k)<\/span><\/p>\n<p><strong><span style=\"font-family: arial, helvetica, sans-serif; font-size: 14px;\">Adana Demirspor<\/span><\/strong><br \/>\n<span style=\"font-family: arial, helvetica, sans-serif; font-size: 14px;\">Gelenler: Jose Rodriguez, Stiven Mendoza, Breyton Fougeu, Abat Aymbetov, Milad Mohammadi, Motez Nourani, Nabil Alioui, Maestro, Youcef Atal, Jovan Manev (Kiral\u0131ktan d\u00f6nd\u00fc)<\/span><br \/>\n<span style=\"font-family: arial, helvetica, sans-serif; font-size: 14px;\">Gidenler: M&#8217;Baye Niang, David Akintola, Younes Belhanda, Kevin Rodrigues, Benjamin Stambouli, Jonas Svensson, Badou Ndiaye, Aksel Akta\u015f (Kiral\u0131k), B\u00fcnyamin Balat, Erta\u00e7 \u00d6zbir, Hamza Jaganjac (Kiral\u0131k), Arber Zeneli, Hijran Boyac\u0131, Abdurrahim Dursun<\/span><\/p>\n<p><span style=\"font-family: arial, helvetica, sans-serif; font-size: 14px;\"><strong>Fatih Karag\u00fcmr\u00fck<\/strong><\/span><br \/>\n<span style=\"font-family: arial, helvetica, sans-serif; font-size: 14px;\">Gelenler: Salvatore Sirigu, Dimitrios Kourbelis (Kiral\u0131k), Tonio Teklic (Kiral\u0131k), Emre Mor (Kiral\u0131k), Koray G\u00fcnter (Kiral\u0131k), Andrea Bertolacci (Kiral\u0131k), Marcos Vinicius Amaral Alves (Kiral\u0131k)<\/span><br \/>\n<span style=\"font-family: arial, helvetica, sans-serif; font-size: 14px;\">Gidenler: Ibrahim Dresevic, Otabek Shukurov, Cem Kablan, Stefano Sturaro, Samed Onur, Matias Dituro, Serdar Dursun (Kiral\u0131k), Brahim Darri<\/span><\/p>\n<p><strong><span style=\"font-family: arial, helvetica, sans-serif; font-size: 14px;\">Konyaspor<\/span><\/strong><br \/>\n<span style=\"font-family: arial, helvetica, sans-serif; font-size: 14px;\">Gelenler: Alassane Ndao, Jakub Slowik, Teenage Hadebe, Bouly Junior Sambou, Emmanuel Boateng, Filip Damjanovic, Anderson Niangbo, Valon Ethemi (Kiral\u0131k)<\/span><br \/>\n<span style=\"font-family: arial, helvetica, sans-serif; font-size: 14px;\">Gidenler: Francisco Calvo, Paul Bernardoni, Nelson Oliveira, Ata Berk Karababa (Kiral\u0131k), Emrehan Gedikli (Kiral\u0131k), Robert Muric<\/span><\/p>\n<p><strong><span style=\"font-family: arial, helvetica, sans-serif; font-size: 14px;\">Kayserispor<\/span><\/strong><br \/>\n<span style=\"font-family: arial, helvetica, sans-serif; font-size: 14px;\">Gelenler: Otabek Shukurov, Duckens Nazon, Mehdi Bourabia<\/span><br \/>\n<span style=\"font-family: arial, helvetica, sans-serif; font-size: 14px;\">Gidenler: Mame Thiam, Olivier Kemen, Enes Ko\u00e7o\u011flu, Nurettin Korkmaz (Kiral\u0131k), Hayrullah Erkip (Kiral\u0131k), Ahmet Ka\u011fan Malatyal\u0131 (Kiral\u0131k)<\/span><\/p>\n<p><strong><span style=\"font-family: arial, helvetica, sans-serif; font-size: 14px;\">Kas\u0131mpa\u015fa<\/span><\/strong><br \/>\n<span style=\"font-family: arial, helvetica, sans-serif; font-size: 14px;\">Gelenler: O\u011fulcan \u00c7a\u011flayan, Rochinha, Jackson Porozo (Kiral\u0131k), Trazie Thomas (Kiral\u0131k), Emre Gedik (Kiral\u0131k)<\/span><br \/>\n<span style=\"font-family: arial, helvetica, sans-serif; font-size: 14px;\">Gidenler: Murat Can Y\u0131ld\u0131z, Ramazan \u00d6zkanl\u0131 (Kiral\u0131k), Hasan Emre Ye\u015filyurt, Furkan Ya\u015fa, Iron Gomis (Kiral\u0131k), Duhan Aksu<\/span><\/p>\n<p><strong><span style=\"font-family: arial, helvetica, sans-serif; font-size: 14px;\">MKE Ankarag\u00fcc\u00fc<\/span><\/strong><br \/>\n<span style=\"font-family: arial, helvetica, sans-serif; font-size: 14px;\">Gelenler: Christian Bassogog, Kaz\u0131mcan Karata\u015f (Kiral\u0131k), Riccardo Saponara, Erta\u00e7 \u00d6zbir, Alexis Flips (Kiral\u0131k), Abdurrahim Dursun<\/span><br \/>\n<span style=\"font-family: arial, helvetica, sans-serif; font-size: 14px;\">Gidenler: Lamine Diack, Mervan Yi\u011fit (Kiral\u0131k), Alperen Kuyuba\u015f\u0131 (Kiral\u0131k), Andrej Djokanovic (Kiral\u0131k), Enock Kwateng, Berkay Ate\u015fyakan, Rafal Gikiewicz<\/span><\/p>\n<p><strong><span style=\"font-family: arial, helvetica, sans-serif; font-size: 14px;\">\u0130stanbulspor<\/span><\/strong><br \/>\n<span style=\"font-family: arial, helvetica, sans-serif; font-size: 14px;\">Gelenler: Emrehan Gedikli (Kiral\u0131k)<\/span><br \/>\n<span style=\"font-family: arial, helvetica, sans-serif; font-size: 14px;\">Gidenler: Alassane Ndao, David Jensen, Berkay Tekke, Egehan G\u00f6k, Valon Ethemi (Kiral\u0131k), Kubilay K\u00f6yl\u00fc (Kiral\u0131k), Muammer Sar\u0131kaya (Kiral\u0131k), Eduart Rroca (Kiral\u0131k), Ka\u011fan Ba\u011f\u0131\u015f, Giannelli Imbula<\/span><\/p>\n<p><strong><span style=\"font-family: arial, helvetica, sans-serif; font-size: 14px;\">Antalyaspor<\/span><\/strong><br \/>\n<span style=\"font-family: arial, helvetica, sans-serif; font-size: 14px;\">Gelenler: &#8211;<\/span><br \/>\n<span style=\"font-family: arial, helvetica, sans-serif; font-size: 14px;\">Gidenler: Sinan G\u00fcm\u00fc\u015f, Erkan Eyibil (Kiral\u0131k), Mustafa Erdilman, Ege Bilsel, Gerrit Holtmann<\/span><\/p>\n<p><strong><span style=\"font-family: arial, helvetica, sans-serif; font-size: 14px;\">Sivasspor<\/span><\/strong><br \/>\n<span style=\"font-family: arial, helvetica, sans-serif; font-size: 14px;\">Gelenler: Queensy Menig, Azizbek Turgunboev, \u0130brahim Akda\u011f, Mijo Caktas, Djordje Nikolic, Bartu\u011f Elmaz (Kiral\u0131k), Kerem Atakan Kesgin (Kiral\u0131k), H\u00fcseyin Arslan<\/span><br \/>\n<span style=\"font-family: arial, helvetica, sans-serif; font-size: 14px;\">Gidenler: Yunus Emre Konak, Kader Keita, Muammer Y\u0131ld\u0131r\u0131m, Abdulkadir Parmak, Halit \u00c7okya\u015far (Kiral\u0131k), Erhan Erent\u00fcrk (Kiral\u0131k), Emirhan Tak (Kiral\u0131k), Eren Kaya (Kiral\u0131k), Samu Saiz, Gerson Rodrigues<\/span><\/p>\n<p><strong><span style=\"font-family: arial, helvetica, sans-serif; font-size: 14px;\">Alanyaspor<\/span><\/strong><br \/>\n<span style=\"font-family: arial, helvetica, sans-serif; font-size: 14px;\">Gelenler: Ui-jo Hwang (Kiral\u0131k), Daniel Kehinde Akinlosotu, Ahmed Hassan (Kiral\u0131k)<\/span><br \/>\n<span style=\"font-family: arial, helvetica, sans-serif; font-size: 14px;\">Gidenler: Emirhan \u00c7avu\u015f (Kiral\u0131k), Eren Berbero\u011flu, Sergio Cordova (Kiral\u0131k)<\/span><\/p>\n<p><strong><span style=\"font-family: arial, helvetica, sans-serif; font-size: 14px;\">Gaziantep FK<\/span><\/strong><br \/>\n<span style=\"font-family: arial, helvetica, sans-serif; font-size: 14px;\">Gelenler: Bryan Acosta, Halil Ba\u011fc\u0131, Jamiro Monteiro, Deian Sorescu (Kiral\u0131k), Aliou Badji (Kiral\u0131k)<\/span><br \/>\n<span style=\"font-family: arial, helvetica, sans-serif; font-size: 14px;\">Gidenler: Erten Ersu, Naoufel Khacef, O\u011fulcan \u00c7a\u011flayan, Albian Ajeti, Onurhan Babuscu (Kiral\u0131k), Luka Stankovski (Kiral\u0131k), Brayan Riascos<\/span><\/p>\n<p><strong><span style=\"font-family: arial, helvetica, sans-serif; font-size: 14px;\">Hatayspor<\/span><\/strong><br \/>\n<span style=\"font-family: arial, helvetica, sans-serif; font-size: 14px;\">Gelenler: Do\u011fukan Sinik (Kiral\u0131k), Abdulkadir Parmak, Cemali Sertel (Kiral\u0131k), Halil Dervi\u015fo\u011flu (Kiral\u0131k), Rui Pedro<\/span><br \/>\n<span style=\"font-family: arial, helvetica, sans-serif; font-size: 14px;\">Gidenler: Selimcan Temel (Kiral\u0131k), \u0130brahim Demir (Kiral\u0131k), Burak Bekaro\u011flu, Didier Lamkel Ze (Kiral\u0131k)<\/span><\/p>\n<p><strong><span style=\"font-family: arial, helvetica, sans-serif; font-size: 14px;\">Samsunspor<\/span><\/strong><br \/>\n<span style=\"font-family: arial, helvetica, sans-serif; font-size: 14px;\">Gelenler: Benito Raman, Muammer Y\u0131ld\u0131r\u0131m, Arbnor Muja<\/span><br \/>\n<span style=\"font-family: arial, helvetica, sans-serif; font-size: 14px;\">Gidenler: Mickael Tirpan, Sarp Ekinci (Kiral\u0131k), \u015eener Kaya (Kiral\u0131k), Yusuf Ensar Poyrazl\u0131, Berk Ta\u015fk\u0131n, Nanu (Kiral\u0131k)<\/span><\/p>\n<p><strong><span style=\"font-family: arial, helvetica, sans-serif; font-size: 14px;\">\u00c7aykur Rizespor<\/span><\/strong><br \/>\n<span style=\"font-family: arial, helvetica, sans-serif; font-size: 14px;\">Gelenler: David Akintola, Ozan Ko\u00e7, Canberk Yurdakul, Muammer Sar\u0131kaya (Kiral\u0131k)<\/span><br \/>\n<span style=\"font-family: arial, helvetica, sans-serif; font-size: 14px;\">Gidenler: Alberk Ko\u00e7, John Mary, Sinan Osmano\u011flu, Lebogang Phiri, Emirhan Y\u0131lmaz (Kiral\u0131k), Aziz Aksoy (Kiral\u0131k), Ozan Ko\u00e7 (Kiral\u0131k), Zafer G\u00f6rgen (Kiral\u0131k), Mustafa \u015eeng\u00fcl (Kiral\u0131k), Zeki Kayal\u0131, Oscar Pinchi (Kiral\u0131k)<\/span><\/p>\n<p><strong><span style=\"font-family: arial, helvetica, sans-serif; font-size: 14px;\">Pendikspor<\/span><\/strong><br \/>\n<span style=\"font-family: arial, helvetica, sans-serif; font-size: 14px;\">Gelenler: Mame Thiam, Badou Ndiaye, Umut Nayir (Kiral\u0131k)<\/span><br \/>\n<span style=\"font-family: arial, helvetica, sans-serif; font-size: 14px;\">Gidenler: Josip Vukovic, Thuram, \u0130brahim Akda\u011f, G\u00f6rkem Bitin (Kiral\u0131k), Ruhan Arda Aksoy, Oscar Romero<\/span><\/p>\n","protected":false},"excerpt":{"rendered":"<p>T\u00fcrkiye\u2019de 2023-2024 futbol sezonu ikinci transfer ve tescil d\u00f6nemi sona erdi. Ara transfer d\u00f6neminde S\u00fcper Lig\u2019de en fazla transferi 9<\/p>\n","protected":false},"author":3,"featured_media":21521,"comment_status":"open","ping_status":"open","sticky":false,"template":"","format":"standard","meta":{"colormag_page_container_layout":"default_layout","colormag_page_sidebar_layout":"default_layout","footnotes":""},"categories":[1,5,9],"tags":[],"class_list":["post-21520","post","type-post","status-publish","format-standard","has-post-thumbnail","hentry","category-genel","category-gundem","category-spor"],"_links":{"self":[{"href":"https:\/\/marmarayerelhizmet.com\/index.php\/wp-json\/wp\/v2\/posts\/21520","targetHints":{"allow":["GET"]}}],"collection":[{"href":"https:\/\/marmarayerelhizmet.com\/index.php\/wp-json\/wp\/v2\/posts"}],"about":[{"href":"https:\/\/marmarayerelhizmet.com\/index.php\/wp-json\/wp\/v2\/types\/post"}],"author":[{"embeddable":true,"href":"https:\/\/marmarayerelhizmet.com\/index.php\/wp-json\/wp\/v2\/users\/3"}],"replies":[{"embeddable":true,"href":"https:\/\/marmarayerelhizmet.com\/index.php\/wp-json\/wp\/v2\/comments?post=21520"}],"version-history":[{"count":0,"href":"https:\/\/marmarayerelhizmet.com\/index.php\/wp-json\/wp\/v2\/posts\/21520\/revisions"}],"wp:featuredmedia":[{"embeddable":true,"href":"https:\/\/marmarayerelhizmet.com\/index.php\/wp-json\/wp\/v2\/media\/21521"}],"wp:attachment":[{"href":"https:\/\/marmarayerelhizmet.com\/index.php\/wp-json\/wp\/v2\/media?parent=21520"}],"wp:term":[{"taxonomy":"category","embeddable":true,"href":"https:\/\/marmarayerelhizmet.com\/index.php\/wp-json\/wp\/v2\/categories?post=21520"},{"taxonomy":"post_tag","embeddable":true,"href":"https:\/\/marmarayerelhizmet.com\/index.php\/wp-json\/wp\/v2\/tags?post=21520"}],"curies":[{"name":"wp","href":"https:\/\/api.w.org\/{rel}","templated":true}]}}