{"id":21517,"date":"2024-02-10T12:03:59","date_gmt":"2024-02-10T09:03:59","guid":{"rendered":"https:\/\/marmarayerelhizmet.com\/?p=21517"},"modified":"2024-02-10T12:03:59","modified_gmt":"2024-02-10T09:03:59","slug":"filistine-ozgurluk-icin-yuruyorlar","status":"publish","type":"post","link":"https:\/\/marmarayerelhizmet.com\/index.php\/2024\/02\/10\/filistine-ozgurluk-icin-yuruyorlar\/","title":{"rendered":"Filistin\u2019e \u00d6zg\u00fcrl\u00fck \u0130\u00e7in Y\u00fcr\u00fcyorlar"},"content":{"rendered":"<p><strong><span style=\"font-family: arial, helvetica, sans-serif; font-size: 14px;\">\u0130srail\u2019in i\u015fgal alt\u0131na ald\u0131\u011f\u0131, her g\u00fcn y\u00fczlerce masum vatanda\u015f\u0131n katledildi\u011fi Filistin\u2019in \u00f6zg\u00fcrl\u00fc\u011fe kavu\u015fmas\u0131 i\u00e7in \u0130stanbul\u2019dan Ankara\u2019ya y\u00fcr\u00fcy\u00fc\u015f ba\u015flatan 2 arkada\u015f, y\u00fcr\u00fcy\u00fc\u015flerinin 7&#8217;inci g\u00fcn\u00fcnde Bolu&#8217;ya geldi.<br \/>\n<\/span><\/strong><br \/>\n<span style=\"font-family: arial, helvetica, sans-serif; font-size: 14px;\">\u0130srail&#8217;in Gazze&#8217;ye y\u00f6nelik sald\u0131r\u0131lar\u0131 devam ederken Fatih Yavuz ve \u0130smail Tiryaki isimli 2 arkada\u015f Filistin&#8217;e destek y\u00fcr\u00fcy\u00fc\u015f\u00fc ba\u015flatt\u0131.<\/span><br \/>\n<span style=\"font-family: arial, helvetica, sans-serif; font-size: 14px;\">\u0130stanbul\u2019un Be\u015fikta\u015f il\u00e7esinde bulunan \u0130srail Konsoloslu\u011fu\u2019na \u00e7elenk b\u0131rakarak Ankara\u2019ya y\u00fcr\u00fcy\u00fc\u015f ba\u015flatan 2 arkada\u015f, 270 kilometreyi geride b\u0131rakt\u0131. Y\u00fcr\u00fcy\u00fc\u015f\u00fcn 7\u2019nci g\u00fcn\u00fcnde Bolu&#8217;ya yeti\u015fen Fatih Yavuz ve \u0130smail Tiryaki, Filistin\u2019e \u00f6zg\u00fcrl\u00fck i\u00e7in Ankara y\u00fcr\u00fcy\u00fc\u015f\u00fcn\u00fc s\u00fcrd\u00fcr\u00fcyor. Yol boyunca vatanda\u015flar\u0131n korna bast\u0131\u011f\u0131 ve yanlar\u0131na gelerek ilgi g\u00f6sterdi\u011fi 2 arkada\u015f, her g\u00fcn y\u00fczlerce masum vatanda\u015f\u0131n katledildi\u011fi Filistin\u2019in \u00f6zg\u00fcrl\u00fc\u011fe kavu\u015fmas\u0131 i\u00e7in protestolar\u0131na devam edeceklerini belirtti.<\/span><\/p>\n<p><strong><span style=\"font-family: arial, helvetica, sans-serif; font-size: 14px;\">&#8220;D\u00fcnyadaki mazlumlar ve ma\u011fdurlar i\u00e7in y\u00fcr\u00fcyoruz&#8221;<\/span><\/strong><br \/>\n<span style=\"font-family: arial, helvetica, sans-serif; font-size: 14px;\">D\u00fcnyadaki t\u00fcm masum ve mazlumlar i\u00e7in y\u00fcr\u00fcd\u00fcklerini ifade eden \u0130smail Tiryaki, \u201cBu yolculu\u011fumuz \u0130stanbul\u2019dan katil, ter\u00f6rist \u0130srail\u2019in konsoloslu\u011funa \u00e7elenk b\u0131rakmayla ba\u015flad\u0131. 7 g\u00fcnd\u00fcr yolday\u0131z. D\u00fcnyadaki mazlumlar ve ma\u011fdurlar i\u00e7in y\u00fcr\u00fcyoruz. D\u00fcnyan\u0131n g\u00f6z\u00fcn\u00fc kapad\u0131\u011f\u0131, kula\u011f\u0131n\u0131 t\u0131kad\u0131\u011f\u0131 Filistin i\u00e7in vicdanl\u0131 insanlar\u0131n bu davaya g\u00f6n\u00fcl verdiklerini g\u00f6r\u00fcyoruz. Biz de o g\u00f6n\u00fcl verenlerle beraberiz, Ankara K\u0131z\u0131lay meydan\u0131na kadar y\u00fcr\u00fcyece\u011fiz. Orada a\u00e7\u0131klamam\u0131z\u0131 yap\u0131p bu hedefimizi sonland\u0131raca\u011f\u0131z\u201d dedi.<\/span><br \/>\n<span style=\"font-family: arial, helvetica, sans-serif; font-size: 14px;\">Vatanda\u015flar\u0131n y\u00fcr\u00fcy\u00fc\u015fe destek verdiklerini dile getiren Fatih Yavuz, \u201cYolda ger\u00e7ekten olumlu tepkilerle kar\u015f\u0131la\u015f\u0131yoruz. Vatanda\u015flar, yan\u0131m\u0131zda durarak bizlere destek oluyor. Ara\u00e7larla giden s\u00fcr\u00fcc\u00fcler korna basarak davam\u0131za destek oluyor\u201d diye konu\u015ftu.<\/span><\/p>\n","protected":false},"excerpt":{"rendered":"<p>\u0130srail\u2019in i\u015fgal alt\u0131na ald\u0131\u011f\u0131, her g\u00fcn y\u00fczlerce masum vatanda\u015f\u0131n katledildi\u011fi Filistin\u2019in \u00f6zg\u00fcrl\u00fc\u011fe kavu\u015fmas\u0131 i\u00e7in \u0130stanbul\u2019dan Ankara\u2019ya y\u00fcr\u00fcy\u00fc\u015f ba\u015flatan 2 arkada\u015f,<\/p>\n","protected":false},"author":3,"featured_media":21518,"comment_status":"open","ping_status":"open","sticky":false,"template":"","format":"standard","meta":{"colormag_page_container_layout":"default_layout","colormag_page_sidebar_layout":"default_layout","footnotes":""},"categories":[1,5],"tags":[],"class_list":["post-21517","post","type-post","status-publish","format-standard","has-post-thumbnail","hentry","category-genel","category-gundem"],"_links":{"self":[{"href":"https:\/\/marmarayerelhizmet.com\/index.php\/wp-json\/wp\/v2\/posts\/21517","targetHints":{"allow":["GET"]}}],"collection":[{"href":"https:\/\/marmarayerelhizmet.com\/index.php\/wp-json\/wp\/v2\/posts"}],"about":[{"href":"https:\/\/marmarayerelhizmet.com\/index.php\/wp-json\/wp\/v2\/types\/post"}],"author":[{"embeddable":true,"href":"https:\/\/marmarayerelhizmet.com\/index.php\/wp-json\/wp\/v2\/users\/3"}],"replies":[{"embeddable":true,"href":"https:\/\/marmarayerelhizmet.com\/index.php\/wp-json\/wp\/v2\/comments?post=21517"}],"version-history":[{"count":0,"href":"https:\/\/marmarayerelhizmet.com\/index.php\/wp-json\/wp\/v2\/posts\/21517\/revisions"}],"wp:featuredmedia":[{"embeddable":true,"href":"https:\/\/marmarayerelhizmet.com\/index.php\/wp-json\/wp\/v2\/media\/21518"}],"wp:attachment":[{"href":"https:\/\/marmarayerelhizmet.com\/index.php\/wp-json\/wp\/v2\/media?parent=21517"}],"wp:term":[{"taxonomy":"category","embeddable":true,"href":"https:\/\/marmarayerelhizmet.com\/index.php\/wp-json\/wp\/v2\/categories?post=21517"},{"taxonomy":"post_tag","embeddable":true,"href":"https:\/\/marmarayerelhizmet.com\/index.php\/wp-json\/wp\/v2\/tags?post=21517"}],"curies":[{"name":"wp","href":"https:\/\/api.w.org\/{rel}","templated":true}]}}