{"id":21506,"date":"2024-02-10T11:50:12","date_gmt":"2024-02-10T08:50:12","guid":{"rendered":"https:\/\/marmarayerelhizmet.com\/?p=21506"},"modified":"2024-02-10T11:50:12","modified_gmt":"2024-02-10T08:50:12","slug":"uzmanindan-elektronik-sigara-uyarisi","status":"publish","type":"post","link":"https:\/\/marmarayerelhizmet.com\/index.php\/2024\/02\/10\/uzmanindan-elektronik-sigara-uyarisi\/","title":{"rendered":"Uzman\u0131ndan \u2018Elektronik Sigara\u2019 Uyar\u0131s\u0131"},"content":{"rendered":"<p><strong><span style=\"font-family: arial, helvetica, sans-serif; font-size: 14px;\">Kayseri \u015eehir Hastanesi G\u00f6\u011f\u00fcs Hastal\u0131klar\u0131 ve T\u00fcberk\u00fcloz Poliklini\u011finde g\u00f6revli Uzm. Dr. Fatma \u00d6zdemir, elektronik sigara kullanman\u0131n sigara b\u0131rakmak i\u00e7in bir yol olmad\u0131\u011f\u0131n\u0131 s\u00f6yleyerek, \u201cElektronik sigaran\u0131n 2000\u2019li y\u0131llar\u0131n ba\u015f\u0131ndan 10 y\u0131l sonras\u0131na kadar akci\u011fer kanamas\u0131na sebep oldu\u011funu g\u00f6rd\u00fck\u201d dedi.<br \/>\n<\/span><\/strong><br \/>\n<span style=\"font-family: arial, helvetica, sans-serif; font-size: 14px;\">Sigara ba\u011f\u0131ml\u0131l\u0131\u011f\u0131n\u0131n tedavi edilmesi gereken bir hastal\u0131k oldu\u011funu dile getiren Kayseri \u015eehir Hastanesi G\u00f6\u011f\u00fcs Hastal\u0131klar\u0131 ve T\u00fcberk\u00fcloz Poliklini\u011finde g\u00f6revli Uzm. Dr. Fatma \u00d6zdemir, 2000\u2019li y\u0131llar\u0131n ba\u015f\u0131ndan itibaren d\u00fcnyada ve T\u00fcrkiye\u2019de sigara pandemisi oldu\u011funu s\u00f6yledi. \u00d6zdemir, \u201cT\u00fct\u00fcn kullan\u0131m\u0131 1950\u2019lerden 1990\u2019lara kadar yasal bir \u015fey gibi g\u00f6r\u00fcnd\u00fc. Faydalar\u0131 varm\u0131\u015f gibi yap\u0131ld\u0131. T\u00fct\u00fcn kullan\u0131m alan\u0131, sigaran\u0131n i\u00e7erisindeki maddelerin \u00e7e\u015fitli organik ve inorganik zararl\u0131 maddelerin akci\u011fer kanserine ve di\u011fer akci\u011fer hastal\u0131klar\u0131na yol a\u00e7t\u0131\u011f\u0131n\u0131n anla\u015f\u0131lmas\u0131 40 g\u00fcn kadar s\u00fcrd\u00fc. 2000\u2019li y\u0131llar\u0131n ba\u015f\u0131ndan beri de hem d\u00fcnyada hem de \u00fclkemizde bir sigara pandemisi var. Bizde bu pandemi ile m\u00fccadele etmekteyiz. T\u00fct\u00fcn kullan\u0131m\u0131 maalesef bu elektronik sigara ve puflar\u0131n g\u00fcndemde olmas\u0131yla birlikte sanki masum bir \u015feymi\u015f gibi yans\u0131t\u0131l\u0131yor. Maalesef ki t\u00fct\u00fcn kullan\u0131m\u0131 \u00e7ok k\u00fc\u00e7\u00fck ya\u015f grubuna kadar d\u00fc\u015fm\u00fc\u015f durumda. 2023 y\u0131l\u0131nda Cumhurba\u015fkanl\u0131\u011f\u0131n\u0131n yay\u0131mlad\u0131\u011f\u0131 genelgeyle \u00fclkemize elektronik t\u00fct\u00fcn \u00fcr\u00fcnleri kullan\u0131m\u0131 yasakland\u0131. Ancak sigara, t\u00fct\u00fcn fiyatlar\u0131na gelen zamlar ve kapal\u0131 alanda i\u00e7me bir miktar cayd\u0131r\u0131c\u0131 olsa da t\u00fct\u00fcn \u00fcr\u00fcnlerine el alt\u0131ndan ula\u015f\u0131m hala \u00e7ok kolay\u201d ifadelerini kulland\u0131.<\/span><\/p>\n<p><strong><span style=\"font-family: arial, helvetica, sans-serif; font-size: 14px;\">\u201cElektronik sigara kullan\u0131m\u0131, sigara b\u0131rakmak i\u00e7in kullan\u0131lacak bir alternatif de\u011fildir\u201d<\/span><\/strong><br \/>\n<span style=\"font-family: arial, helvetica, sans-serif; font-size: 14px;\">Elektronik sigaran\u0131n, 2000\u2019li y\u0131llar\u0131n ba\u015f\u0131ndan itibaren sigara b\u0131rakma \u00fcr\u00fcn\u00fc olarak lanse edildi\u011fini belirten \u00d6zdemir, bunun tamamen yanl\u0131\u015f oldu\u011funu ve elektronik sigara kullanman\u0131n sigaray\u0131 b\u0131rakmak i\u00e7in bir alternatif olmad\u0131\u011f\u0131n\u0131 s\u00f6yledi. \u00d6zdemir s\u00f6zlerini \u015fu \u015fekilde s\u00fcrd\u00fcrd\u00fc:<\/span><br \/>\n<span style=\"font-family: arial, helvetica, sans-serif; font-size: 14px;\">\u201cElektronik sigarada maalesef ki 2000\u2019li y\u0131llar\u0131n ba\u015f\u0131nda sanki bir sigara b\u0131rakma \u00fcr\u00fcn\u00fc gibi lanse edildi. Maalesef bu s\u00f6ylemem kanan \u00e7okta ki\u015fi oldu. Elektronik sigara, sigara b\u0131rakmak i\u00e7in kullan\u0131lacak bir alternatif de\u011fildir. Hi\u00e7biri sigara b\u0131rakma \u00fcr\u00fcn\u00fc de\u011fildir. Hepsinin i\u00e7erisinde sarma sigara kadar nikotin ve di\u011fer organik ve inorganik zehirli maddeler vard\u0131r. Normal sigaran\u0131n 1 \u00e7\u00f6p\u00fcnde 4 bine yak\u0131n organik ve inorganik madde vard\u0131r. Biz elektronik sigaran\u0131n da 2000\u2019li y\u0131llar\u0131n ba\u015f\u0131ndan 10 y\u0131l sonras\u0131na kadar akci\u011fer kanamas\u0131na sebep oldu\u011funu g\u00f6rd\u00fck. Bundan bir 10 y\u0131l sonrada elektronik sigaran\u0131n ve di\u011fer t\u00fct\u00fcn \u00fcr\u00fcnlerinin ne kadar daha \u00e7ok zararl\u0131 oldu\u011funu g\u00f6rece\u011fiz. Normal sigara m\u0131 elektronik sigara m\u0131? diye sorarsan\u0131z. Tabii ki hi\u00e7biri sigaran\u0131n alternatifi de\u011fildir.\u201d<\/span><\/p>\n","protected":false},"excerpt":{"rendered":"<p>Kayseri \u015eehir Hastanesi G\u00f6\u011f\u00fcs Hastal\u0131klar\u0131 ve T\u00fcberk\u00fcloz Poliklini\u011finde g\u00f6revli Uzm. Dr. Fatma \u00d6zdemir, elektronik sigara kullanman\u0131n sigara b\u0131rakmak i\u00e7in bir<\/p>\n","protected":false},"author":3,"featured_media":21507,"comment_status":"open","ping_status":"open","sticky":false,"template":"","format":"standard","meta":{"colormag_page_container_layout":"default_layout","colormag_page_sidebar_layout":"default_layout","footnotes":""},"categories":[1,5,7],"tags":[],"class_list":["post-21506","post","type-post","status-publish","format-standard","has-post-thumbnail","hentry","category-genel","category-gundem","category-saglik"],"_links":{"self":[{"href":"https:\/\/marmarayerelhizmet.com\/index.php\/wp-json\/wp\/v2\/posts\/21506","targetHints":{"allow":["GET"]}}],"collection":[{"href":"https:\/\/marmarayerelhizmet.com\/index.php\/wp-json\/wp\/v2\/posts"}],"about":[{"href":"https:\/\/marmarayerelhizmet.com\/index.php\/wp-json\/wp\/v2\/types\/post"}],"author":[{"embeddable":true,"href":"https:\/\/marmarayerelhizmet.com\/index.php\/wp-json\/wp\/v2\/users\/3"}],"replies":[{"embeddable":true,"href":"https:\/\/marmarayerelhizmet.com\/index.php\/wp-json\/wp\/v2\/comments?post=21506"}],"version-history":[{"count":0,"href":"https:\/\/marmarayerelhizmet.com\/index.php\/wp-json\/wp\/v2\/posts\/21506\/revisions"}],"wp:featuredmedia":[{"embeddable":true,"href":"https:\/\/marmarayerelhizmet.com\/index.php\/wp-json\/wp\/v2\/media\/21507"}],"wp:attachment":[{"href":"https:\/\/marmarayerelhizmet.com\/index.php\/wp-json\/wp\/v2\/media?parent=21506"}],"wp:term":[{"taxonomy":"category","embeddable":true,"href":"https:\/\/marmarayerelhizmet.com\/index.php\/wp-json\/wp\/v2\/categories?post=21506"},{"taxonomy":"post_tag","embeddable":true,"href":"https:\/\/marmarayerelhizmet.com\/index.php\/wp-json\/wp\/v2\/tags?post=21506"}],"curies":[{"name":"wp","href":"https:\/\/api.w.org\/{rel}","templated":true}]}}