{"id":21498,"date":"2024-02-09T23:50:06","date_gmt":"2024-02-09T20:50:06","guid":{"rendered":"https:\/\/marmarayerelhizmet.com\/?p=21498"},"modified":"2024-02-09T23:50:51","modified_gmt":"2024-02-09T20:50:51","slug":"turkiyenin-insanli-ilk-uzay-misyonu-tamamlandi","status":"publish","type":"post","link":"https:\/\/marmarayerelhizmet.com\/index.php\/2024\/02\/09\/turkiyenin-insanli-ilk-uzay-misyonu-tamamlandi\/","title":{"rendered":"T\u00fcrkiye\u2019nin \u0130nsanl\u0131 \u0130lk Uzay Misyonu Tamamland\u0131"},"content":{"rendered":"<p><strong><span style=\"font-family: arial, helvetica, sans-serif; font-size: 14px;\">T\u00fcrkiye\u2019nin ilk astronotu Alper Gezeravc\u0131\u2019n\u0131n da aralar\u0131nda bulundu\u011fu Ax-3 ekibi, ini\u015f yapt\u0131klar\u0131 Florida a\u00e7\u0131klar\u0131nda Dragon kaps\u00fcl\u00fcnden \u00e7\u0131kart\u0131ld\u0131. Sanayi ve Teknoloji Bakan\u0131 Mehmet Fatih Kac\u0131r, yolculu\u011fun tamamlanmas\u0131ndan hemen sonra Alper Gezeravc\u0131 ile bir telefon g\u00f6r\u00fc\u015fmesi ger\u00e7ekle\u015ftirdi.<br \/>\n<\/span><\/strong><br \/>\n<span style=\"font-family: arial, helvetica, sans-serif; font-size: 14px;\">T\u00fcrkiye\u2019nin insanl\u0131 ilk uzay bilim misyonu tamamland\u0131. T\u00fcrkiye\u2019nin ilk astronotu Alper Gezeravc\u0131\u2019n\u0131n da i\u00e7inde bulundu\u011fu Axiom-3 ekibini ta\u015f\u0131yan Dragon kaps\u00fcl\u00fc, yakla\u015f\u0131k 48 saat s\u00fcren bir yolculu\u011fun ard\u0131ndan ABD\u2019nin Florida a\u00e7\u0131klar\u0131nda okyanusa indi. Kaps\u00fcl\u00fcn, yer ekibi taraf\u0131ndan gemiye al\u0131nmas\u0131n\u0131n ard\u0131ndan, Ax-3 ekibi Dragon kaps\u00fcl\u00fcnden \u00e7\u0131kar\u0131ld\u0131.<\/span><br \/>\n<span style=\"font-family: arial, helvetica, sans-serif; font-size: 14px;\">Sanayi ve Teknoloji Bakan\u0131 Mehmet Fatih Kac\u0131r, yolculu\u011fun tamamlanmas\u0131ndan hemen sonra Alper Gezeravc\u0131 ile bir telefon g\u00f6r\u00fc\u015fmesi ger\u00e7ekle\u015ftirdi. Gezeravc\u0131\u2019n\u0131n sa\u011fl\u0131k durumunu soran Bakan Kac\u0131r, \u201cSizinle gurur duyuyoruz, iftihar ediyoruz. T\u00fcrkiye\u2019nin insanl\u0131 ilk uzay bilim misyonunu ger\u00e7ekle\u015ftirdiniz. Tarihte T\u00fcrk milleti i\u00e7in yeni bir sayfa a\u00e7m\u0131\u015f oldunuz. Antalya\u2019da T\u00fcrkiye\u2019nin p\u0131r\u0131l p\u0131r\u0131l evlatlar\u0131yla bir araday\u0131z. Sizin ger\u00e7ekle\u015ftirdi\u011finiz misyon onlarda da muazzam bir heyecan ve co\u015fku olu\u015fturmu\u015f durumda\u201d ifadelerini kulland\u0131.<\/span><\/p>\n<p><strong><span style=\"font-family: arial, helvetica, sans-serif; font-size: 14px;\">&#8220;Gezeravc\u0131, yolculu\u011fa ili\u015fkin bilgi verdi&#8221;<\/span><\/strong><br \/>\n<span style=\"font-family: arial, helvetica, sans-serif; font-size: 14px;\">Planl\u0131 g\u00f6revin uzad\u0131\u011f\u0131 andan itibaren Bakan Kac\u0131r\u2019\u0131n s\u00fcreci yak\u0131ndan takip etti\u011fini belirten Alper Gezeravc\u0131, yolculu\u011funa ili\u015fkin bilgi verdi. Gezeravc\u0131, &#8220;\u00d6ncelikle devletimizin bu noktadaki kararl\u0131l\u0131\u011f\u0131, g\u00fc\u00e7l\u00fc iradesiyle Cumhurba\u015fkan\u0131m\u0131z\u0131n ortaya koydu\u011fu vizyon ile ISS\u2019e ula\u015fan 22 devletin aras\u0131nda vatanda\u015f\u0131n\u0131 ISS\u2019e en seri \u015fekilde b\u00fct\u00fcn gereklilikleri sa\u011flayarak ula\u015ft\u0131rabilen devlet olduk. Ba\u015fta Say\u0131n Cumhurba\u015fkan\u0131m\u0131z, Sanayi ve Teknoloji Bakanl\u0131\u011f\u0131m\u0131z, T\u00fcrkiye Uzay Ajans\u0131, T\u00dcB\u0130TAK Uzay\u2019\u0131n de\u011ferli \u00e7al\u0131\u015fanlar\u0131na \u00e7ok te\u015fekk\u00fcr ederim. Sizlerin deste\u011fi olmadan bu g\u00f6rev bu kadar ba\u015far\u0131l\u0131 olamazd\u0131, her \u015fey i\u00e7in minnettar\u0131m&#8221; \u015feklinde konu\u015ftu.<\/span><\/p>\n<p><strong><span style=\"font-family: arial, helvetica, sans-serif; font-size: 14px;\">&#8220;Alper Gezeravc\u0131\u2019dan ilham alacaklar&#8221;<\/span><\/strong><br \/>\n<span style=\"font-family: arial, helvetica, sans-serif; font-size: 14px;\">Kac\u0131r, \u201cBu uzun ve zorlu g\u00f6rev boyunca sizi kararl\u0131, cesaretli ve \u00f6zg\u00fcvenli g\u00f6rd\u00fck. \u015eimdi de bu uzun ve zorlu g\u00f6revi ba\u015farman\u0131n huzurunu siman\u0131zda g\u00f6zlemleme imkan\u0131na sahibiz. Belki astronotlar\u0131m\u0131z\u0131 uzaya ta\u015f\u0131yacak roket sistemlerini geli\u015ftirecek, uzay istasyonlar\u0131 kuracak sistemleri, alt sistemleri, teknolojileri geli\u015ftirecek bilim insanlar\u0131, m\u00fchendisler yeti\u015fecek ama emin olun her biri T\u00fcrkiye\u2019nin insanl\u0131 ilk uzay misyonundan ve Alper Gezeravc\u0131\u2019dan ilham alm\u0131\u015f olacaklar&#8221; \u015feklinde konu\u015ftu.<\/span><\/p>\n<p><strong><span style=\"font-family: arial, helvetica, sans-serif; font-size: 14px;\">&#8220;21 g\u00fcn sonra d\u00fcnyaya d\u00f6n\u00fc\u015f&#8221;<\/span><\/strong><br \/>\n<span style=\"font-family: arial, helvetica, sans-serif; font-size: 14px;\">Bakan Kac\u0131r, program\u0131 kapsam\u0131nda bulundu\u011fu Antalya\u2019da, T\u00fcrkiye\u2019nin insanl\u0131 ilk uzay misyonuna ili\u015fkin bas\u0131n mensuplar\u0131na a\u00e7\u0131klamalarda bulundu. T\u00fcrkiye&#8217;de bug\u00fcn tarihi bir ana \u015fahitlik yap\u0131ld\u0131\u011f\u0131n\u0131 dile getiren Kac\u0131r, T\u00fcrkiye&#8217;nin insanl\u0131 ilk uzay bilim misyonunu ger\u00e7ekle\u015ftiren Gezeravc\u0131&#8217;n\u0131n 21 g\u00fcn sonra D\u00fcnya&#8217;ya d\u00f6n\u00fc\u015f yapt\u0131\u011f\u0131n\u0131 s\u00f6yledi.<\/span><\/p>\n<p><strong><span style=\"font-family: arial, helvetica, sans-serif; font-size: 14px;\">&#8220;D\u00f6n\u00fc\u015f yolunda yakla\u015f\u0131k 48 saat&#8221;<\/span><\/strong><br \/>\n<span style=\"font-family: arial, helvetica, sans-serif; font-size: 14px;\">Gezeravc\u0131\u2019n\u0131n D\u00fcnya\u2019dan uluslararas\u0131 uzay istasyonuna yakla\u015f\u0131k 36 saatte eri\u015fti\u011fini an\u0131msatan Bakan Kac\u0131r, d\u00f6n\u00fc\u015f yolunda da 47 saatten fazla zaman ge\u00e7irdi\u011fini belirtti. Alper Gezeravc\u0131&#8217;n\u0131n T\u00fcrk bilim insanlar\u0131 taraf\u0131ndan haz\u0131rlanan 13 bilimsel deneyi de ger\u00e7ekle\u015ftirdi\u011fini aktaran Kac\u0131r, \u201cBu deneyler biyoloji, genetik t\u0131p, malzeme, malzeme birimi gibi alanlarda bilim insanlar\u0131m\u0131z\u0131n haz\u0131rlad\u0131\u011f\u0131 ve literat\u00fcre \u00f6nemli katk\u0131lar sa\u011flayaca\u011f\u0131n\u0131 \u00fcmit etti\u011fimiz hem T\u00fcrkiye&#8217;deki uzay \u00e7al\u0131\u015fmalar\u0131m\u0131za hem de k\u00fcresel d\u00fczeyde uzay bilimi ve teknolojilerine ili\u015fkin \u00e7abalara \u00f6nemli kazan\u0131mlar getirece\u011fini \u00fcmit etti\u011fimiz \u00e7al\u0131\u015fmalar. Bu \u00e7al\u0131\u015fmalar\u0131 \u00e7ok daha ileri noktalara ta\u015f\u0131may\u0131 ama\u00e7l\u0131yoruz&#8221; \u015feklinde konu\u015ftu.<\/span><\/p>\n<p><strong><span style=\"font-family: arial, helvetica, sans-serif; font-size: 14px;\">&#8220;Yeni bir perde&#8221;<\/span><\/strong><br \/>\n<span style=\"font-family: arial, helvetica, sans-serif; font-size: 14px;\">T\u00fcrkiye\u2019nin, Alper Gezeravc\u0131\u2019n\u0131n ger\u00e7ekle\u015ftirdi\u011fi insanl\u0131 ilk uzay bilim misyonuyla tarih sayfas\u0131nda yeni bir perde a\u00e7t\u0131\u011f\u0131n\u0131 belirten Bakan Kac\u0131r, &#8220;T\u00fcrkiye&#8217;de bu misyon \u00e7ocuklar\u0131m\u0131z ve gen\u00e7lerimiz ba\u015fta olmak \u00fczere toplumun t\u00fcm kesimleri taraf\u0131ndan sahiplenilmi\u015f, \u00e7ok yak\u0131ndan takip edilmi\u015ftir. B\u00f6ylelikle T\u00fcrkiye&#8217;nin bir bilim toplumuna d\u00f6n\u00fc\u015fmesi s\u00fcrecinde de \u00e7ok \u00f6nemli kazan\u0131mlar elde edilmi\u015ftir&#8221; dedi.<\/span><\/p>\n<p><strong><span style=\"font-family: arial, helvetica, sans-serif; font-size: 14px;\">&#8220;Ay\u2019a eri\u015fece\u011fiz\u201d<\/span><\/strong><br \/>\n<span style=\"font-family: arial, helvetica, sans-serif; font-size: 14px;\">Milli Teknoloji Hamlesi kapsam\u0131nda en \u00f6nemli \u00e7al\u0131\u015fma alanlar\u0131ndan biri olan Milli Uzay Program\u0131 projelerini ad\u0131m ad\u0131m ger\u00e7ekle\u015ftirmeye devam ettiklerini dile getiren Kac\u0131r, &#8220;T\u00fcrkiye&#8217;yi milli imkanlarla geli\u015ftirdi\u011fimiz b\u00f6lgesel konumlama ve zamanlama sistemi ile in\u015fallah Milli Uzay Program\u0131 kapsam\u0131nda tan\u0131\u015ft\u0131r\u0131yor olaca\u011f\u0131z. Ay misyonumuzu milli hibrit etki sistemi ile ger\u00e7ekle\u015ftirerek bu kez 380 bin kilometre \u00f6tedeki Ay&#8217;a in\u015fallah eri\u015fece\u011fiz&#8221; diye konu\u015ftu.<\/span><\/p>\n<p><strong><span style=\"font-family: arial, helvetica, sans-serif; font-size: 14px;\">\u201c\u0130ddial\u0131 projelere devam edece\u011fiz\u201d<\/span><\/strong><br \/>\n<span style=\"font-family: arial, helvetica, sans-serif; font-size: 14px;\">Kac\u0131r, milletin deste\u011fiyle iddial\u0131 projeler yapmaya devam edeceklerini bildirdi. Kendilerine destekte bulunan Cumhurba\u015fkan\u0131 Recep Tayyip Erdo\u011fan ba\u015fta olmak \u00fczere T\u00fcrk milletine te\u015fekk\u00fcr eden Bakan Kac\u0131r, T\u00fcrk gen\u00e7lerinin, \u00e7ocuklar\u0131n\u0131n hayallerindeki her t\u00fcrl\u00fc s\u0131n\u0131r\u0131 ortadan kald\u0131rabilecek, ufuklar\u0131n\u0131 g\u00f6ky\u00fcz\u00fcn\u00fcn s\u0131n\u0131rlar\u0131n\u0131n \u00f6tesine ta\u015f\u0131yacak i\u015flere imza atmaya devam edeceklerini ifade etti.<\/span><\/p>\n<p><strong><span style=\"font-family: arial, helvetica, sans-serif; font-size: 14px;\">&#8220;Dragon kaps\u00fcl\u00fc okyanus a\u00e7\u0131klar\u0131na indi&#8221;<\/span><\/strong><br \/>\n<span style=\"font-family: arial, helvetica, sans-serif; font-size: 14px;\">Alper Gezeravc\u0131\u2019n\u0131n da i\u00e7inde yer ald\u0131\u011f\u0131 Ax-3 ekibini ta\u015f\u0131yan SpaceX&#8217;e ait Dragon kaps\u00fcl\u00fc, yakla\u015f\u0131k 48 saat s\u00fcren bir yolculu\u011fun ard\u0131ndan, ABD&#8217;nin Florida eyaleti a\u00e7\u0131klar\u0131nda okyanusa ini\u015f yapt\u0131.<\/span><\/p>\n<p><strong><span style=\"font-family: arial, helvetica, sans-serif; font-size: 14px;\">&#8220;Yolculuk, 7 \u015eubat\u2019ta ba\u015flad\u0131&#8221;<\/span><\/strong><br \/>\n<span style=\"font-family: arial, helvetica, sans-serif; font-size: 14px;\">Ax-3 ekibi, Uluslararas\u0131 Uzay \u0130stasyonu&#8217;ndan (ISS) 7 \u015eubat TS\u0130 17.20&#8217;de ayr\u0131lm\u0131\u015ft\u0131. Gezeravc\u0131\u2019n\u0131n da yer ald\u0131\u011f\u0131 Ax-3 ekibini ta\u015f\u0131yan Dragon kaps\u00fcl\u00fc, ABD yerel saatiyle 18 Ocak 16.49&#8217;da (19 Ocak TS\u0130 00.49) NASA&#8217;n\u0131n Florida&#8217;daki Kennedy Uzay Merkezi&#8217;nden ba\u015far\u0131yla f\u0131rlat\u0131lm\u0131\u015ft\u0131. Yolculu\u011fu yakla\u015f\u0131k 36 saat s\u00fcren Ax-3 m\u00fcrettebat\u0131, 20 Ocak&#8217;ta ISS&#8217;ye ula\u015fm\u0131\u015ft\u0131.<\/span><\/p>\n","protected":false},"excerpt":{"rendered":"<p>T\u00fcrkiye\u2019nin ilk astronotu Alper Gezeravc\u0131\u2019n\u0131n da aralar\u0131nda bulundu\u011fu Ax-3 ekibi, ini\u015f yapt\u0131klar\u0131 Florida a\u00e7\u0131klar\u0131nda Dragon kaps\u00fcl\u00fcnden \u00e7\u0131kart\u0131ld\u0131. Sanayi ve Teknoloji<\/p>\n","protected":false},"author":3,"featured_media":20489,"comment_status":"open","ping_status":"open","sticky":false,"template":"","format":"standard","meta":{"colormag_page_container_layout":"default_layout","colormag_page_sidebar_layout":"default_layout","footnotes":""},"categories":[1,5],"tags":[],"class_list":["post-21498","post","type-post","status-publish","format-standard","has-post-thumbnail","hentry","category-genel","category-gundem"],"_links":{"self":[{"href":"https:\/\/marmarayerelhizmet.com\/index.php\/wp-json\/wp\/v2\/posts\/21498","targetHints":{"allow":["GET"]}}],"collection":[{"href":"https:\/\/marmarayerelhizmet.com\/index.php\/wp-json\/wp\/v2\/posts"}],"about":[{"href":"https:\/\/marmarayerelhizmet.com\/index.php\/wp-json\/wp\/v2\/types\/post"}],"author":[{"embeddable":true,"href":"https:\/\/marmarayerelhizmet.com\/index.php\/wp-json\/wp\/v2\/users\/3"}],"replies":[{"embeddable":true,"href":"https:\/\/marmarayerelhizmet.com\/index.php\/wp-json\/wp\/v2\/comments?post=21498"}],"version-history":[{"count":0,"href":"https:\/\/marmarayerelhizmet.com\/index.php\/wp-json\/wp\/v2\/posts\/21498\/revisions"}],"wp:featuredmedia":[{"embeddable":true,"href":"https:\/\/marmarayerelhizmet.com\/index.php\/wp-json\/wp\/v2\/media\/20489"}],"wp:attachment":[{"href":"https:\/\/marmarayerelhizmet.com\/index.php\/wp-json\/wp\/v2\/media?parent=21498"}],"wp:term":[{"taxonomy":"category","embeddable":true,"href":"https:\/\/marmarayerelhizmet.com\/index.php\/wp-json\/wp\/v2\/categories?post=21498"},{"taxonomy":"post_tag","embeddable":true,"href":"https:\/\/marmarayerelhizmet.com\/index.php\/wp-json\/wp\/v2\/tags?post=21498"}],"curies":[{"name":"wp","href":"https:\/\/api.w.org\/{rel}","templated":true}]}}