{"id":21495,"date":"2024-02-09T12:39:40","date_gmt":"2024-02-09T09:39:40","guid":{"rendered":"https:\/\/marmarayerelhizmet.com\/?p=21495"},"modified":"2024-02-09T18:41:33","modified_gmt":"2024-02-09T15:41:33","slug":"adat-akreditasyon-sinavini-tamamladi","status":"publish","type":"post","link":"https:\/\/marmarayerelhizmet.com\/index.php\/2024\/02\/09\/adat-akreditasyon-sinavini-tamamladi\/","title":{"rendered":"ADAT, Akreditasyon S\u0131nav\u0131n\u0131 Tamamlad\u0131"},"content":{"rendered":"<p><span style=\"font-family: arial, helvetica, sans-serif; font-size: 14px;\"><strong>Bal\u0131kesir Gen\u00e7lik ve Spor \u0130l M\u00fcd\u00fcrl\u00fc\u011f\u00fc Adat Ekibi Hafif Arama Kurtarma Akreditasyon S\u0131nav\u0131n\u0131 Ba\u015far\u0131yla Tamamlad\u0131.<\/strong><\/span><\/p>\n<p><span style=\"font-family: arial, helvetica, sans-serif; font-size: 14px;\">Adat Ekibi Hafif Arama Kurtarma Akreditasyon s\u0131nav\u0131n\u0131 ba\u015far\u0131yla tamamlayarak bir ilke imza att\u0131.<\/span><br \/>\n<span style=\"font-family: arial, helvetica, sans-serif; font-size: 14px;\">2021 y\u0131l\u0131nda Bal\u0131kesir Gen\u00e7lik ve Spor \u0130l M\u00fcd\u00fcrl\u00fc\u011f\u00fc himayesinde, Bal\u0131kesir Birle\u015fmi\u015f Milletler 75. Y\u0131l Gen\u00e7lik Merkezi koordinesinde g\u00f6n\u00fcll\u00fc gen\u00e7ler ve kurum personellerinden olu\u015fan \u201cAcil Durum Ve Afet Timi\u201d kurulmu\u015ftu.<\/span><br \/>\n<span style=\"font-family: arial, helvetica, sans-serif; font-size: 14px;\">Ekip, Afet E\u011fitim y\u0131l\u0131 \u00e7er\u00e7evesinde AFAD taraf\u0131ndan ger\u00e7ekle\u015ftirilen online ve uygulama e\u011fitimlerini tamamlad\u0131ktan sonra Afad G\u00f6n\u00fcll\u00fcs\u00fc olmu\u015f ve daha sonras\u0131nda bir \u00e7ok alanda \u00e7e\u015fitli e\u011fitimler alarak akreditasyon s\u00fcrecine ge\u00e7ti. Adat ekibi, AFAD taraf\u0131ndan \u201cKentsel Arama Kurtarma Akreditasyon Y\u00f6netmeli\u011fi\u201d kapsam\u0131nda hafif arama kurtarma s\u0131n\u0131f\u0131nda akredite olmay\u0131 ba\u015fard\u0131. Ekip, ger\u00e7e\u011fi aratmayan bir senaryoyu ba\u015far\u0131yla tamamlad\u0131 ve Akreditasyon Sertifikalar\u0131n\u0131 almaya hak kazand\u0131.\u00a0<\/span><br \/>\n<span style=\"font-family: arial, helvetica, sans-serif; font-size: 14px;\">Hafif arama kurtarma akreditasyon s\u0131nav\u0131, arama kurtarma ekiplerinin afet durumlar\u0131nda m\u00fcdahale edebilme yetkinli\u011fini belgelemek i\u00e7in girdikleri bir s\u0131nav.<\/span><br \/>\n<span style=\"font-family: arial, helvetica, sans-serif; font-size: 14px;\">S\u0131navda, ekiplerin arama, kurtarma, ilk yard\u0131m, ileti\u015fim, lojistik ve y\u00f6netim gibi konularda bilgi ve becerileri \u00f6l\u00e7\u00fcl\u00fcyor. S\u0131nav sonucunda ba\u015far\u0131l\u0131 olan ekipler, hafif arama kurtarma akreditasyon belgesi almaya hak kazan\u0131yor. Bu belge, ekiplerin T\u00fcrkiye\u2019de ve yurt d\u0131\u015f\u0131nda olas\u0131 afetlere m\u00fcdahale etmek i\u00e7in \u00e7a\u011fr\u0131labilmesini sa\u011fl\u0131yor.<\/span><br \/>\n<span style=\"font-family: arial, helvetica, sans-serif; font-size: 14px;\">\u00dclkemizde \u015fubat ay\u0131nda ya\u015fanan deprem felaketinde Arama Kurtarma ve il\u00e7elerimizde y\u00fcr\u00fct\u00fclen kay\u0131p arama g\u00f6revlerinde de yer alan ekip, ger\u00e7ekle\u015febilecek\u00a0 afet ve acil durumlarda m\u00fcdahale etmek i\u00e7in gerekli e\u011fitim, donan\u0131m ve tecr\u00fcbeye sahip oldu\u011funu kan\u0131tlad\u0131.<\/span><br \/>\n<span style=\"font-family: arial, helvetica, sans-serif; font-size: 14px;\">Gen\u00e7lik ve Spor Bakanl\u0131\u011f\u0131na ba\u011fl\u0131 olarak olu\u015fturulan ve Bal\u0131kesir\u2019de akredite olan ilk ekip \u00fcnvan\u0131n\u0131 elde eden Adat, afetlere haz\u0131r olmak i\u00e7in s\u00fcrekli e\u011fitim ald\u0131klar\u0131n\u0131 ve g\u00f6n\u00fcll\u00fc olarak \u00e7al\u0131\u015ft\u0131klar\u0131n\u0131 belirtti.<\/span><\/p>\n","protected":false},"excerpt":{"rendered":"<p>Bal\u0131kesir Gen\u00e7lik ve Spor \u0130l M\u00fcd\u00fcrl\u00fc\u011f\u00fc Adat Ekibi Hafif Arama Kurtarma Akreditasyon S\u0131nav\u0131n\u0131 Ba\u015far\u0131yla Tamamlad\u0131. Adat Ekibi Hafif Arama Kurtarma<\/p>\n","protected":false},"author":3,"featured_media":21496,"comment_status":"open","ping_status":"open","sticky":false,"template":"","format":"standard","meta":{"colormag_page_container_layout":"default_layout","colormag_page_sidebar_layout":"default_layout","footnotes":""},"categories":[1,5,9],"tags":[],"class_list":["post-21495","post","type-post","status-publish","format-standard","has-post-thumbnail","hentry","category-genel","category-gundem","category-spor"],"_links":{"self":[{"href":"https:\/\/marmarayerelhizmet.com\/index.php\/wp-json\/wp\/v2\/posts\/21495","targetHints":{"allow":["GET"]}}],"collection":[{"href":"https:\/\/marmarayerelhizmet.com\/index.php\/wp-json\/wp\/v2\/posts"}],"about":[{"href":"https:\/\/marmarayerelhizmet.com\/index.php\/wp-json\/wp\/v2\/types\/post"}],"author":[{"embeddable":true,"href":"https:\/\/marmarayerelhizmet.com\/index.php\/wp-json\/wp\/v2\/users\/3"}],"replies":[{"embeddable":true,"href":"https:\/\/marmarayerelhizmet.com\/index.php\/wp-json\/wp\/v2\/comments?post=21495"}],"version-history":[{"count":0,"href":"https:\/\/marmarayerelhizmet.com\/index.php\/wp-json\/wp\/v2\/posts\/21495\/revisions"}],"wp:featuredmedia":[{"embeddable":true,"href":"https:\/\/marmarayerelhizmet.com\/index.php\/wp-json\/wp\/v2\/media\/21496"}],"wp:attachment":[{"href":"https:\/\/marmarayerelhizmet.com\/index.php\/wp-json\/wp\/v2\/media?parent=21495"}],"wp:term":[{"taxonomy":"category","embeddable":true,"href":"https:\/\/marmarayerelhizmet.com\/index.php\/wp-json\/wp\/v2\/categories?post=21495"},{"taxonomy":"post_tag","embeddable":true,"href":"https:\/\/marmarayerelhizmet.com\/index.php\/wp-json\/wp\/v2\/tags?post=21495"}],"curies":[{"name":"wp","href":"https:\/\/api.w.org\/{rel}","templated":true}]}}