{"id":21489,"date":"2024-02-09T18:34:08","date_gmt":"2024-02-09T15:34:08","guid":{"rendered":"https:\/\/marmarayerelhizmet.com\/?p=21489"},"modified":"2024-02-09T18:34:08","modified_gmt":"2024-02-09T15:34:08","slug":"istanbulda-bahar-havasi","status":"publish","type":"post","link":"https:\/\/marmarayerelhizmet.com\/index.php\/2024\/02\/09\/istanbulda-bahar-havasi\/","title":{"rendered":"\u0130stanbul&#8217;da Bahar Havas\u0131"},"content":{"rendered":"<p><strong><span style=\"font-family: arial, helvetica, sans-serif; font-size: 14px;\">\u0130stanbul&#8217;da k\u0131\u015f mevsiminin ortas\u0131nda ya\u015fanan s\u0131cakl\u0131k, \u015fehirde bahar havas\u0131 estirdi. Vatanda\u015flar g\u00fcne\u015fli havay\u0131 f\u0131rsat bilip d\u0131\u015far\u0131ya ak\u0131n etti.<\/span><\/strong><\/p>\n<p><span style=\"font-family: arial, helvetica, sans-serif; font-size: 14px;\">\u0130stanbul\u2019da hafta ba\u015f\u0131ndan bu yana devam eden mevsim normallerinin \u00fczerinde seyreden hava s\u0131cakl\u0131\u011f\u0131 \u015fehrin atmosferini adeta bahar havas\u0131na \u00e7evirdi. S\u0131cak havay\u0131 f\u0131rsat bilen \u0130stanbullular d\u0131\u015far\u0131ya ak\u0131n ederek g\u00fcne\u015fli havan\u0131n keyfini \u00e7\u0131kard\u0131. Sahil \u015feridini dolduran vatanda\u015flar, g\u00fcne\u015fli havan\u0131n tad\u0131n\u0131 \u00e7\u0131kart\u0131rken termometreler ise bug\u00fcn \u0130stanbul\u2019da 17 dereceleri g\u00f6sterdi.<\/span><\/p>\n<p><strong><span style=\"font-family: arial, helvetica, sans-serif; font-size: 14px;\">\u201cHava g\u00fczel olunca \u0130stanbul daha g\u00fczel\u201d<\/span><\/strong><br \/>\n<span style=\"font-family: arial, helvetica, sans-serif; font-size: 14px;\">E\u015fiyle beraber hava s\u0131cakl\u0131\u011f\u0131n\u0131n artmas\u0131yla kendilerini d\u0131\u015far\u0131 att\u0131klar\u0131n\u0131 belirten M\u00fcsl\u00fcm Aktabur, \u201cHava s\u0131cakl\u0131\u011f\u0131n\u0131n artmas\u0131yla f\u0131rsat bulup d\u0131\u015far\u0131 \u00e7\u0131kt\u0131k. Havan\u0131n mevsim s\u0131cakl\u0131klar\u0131n\u0131n \u00fcst\u00fcnde oldu\u011funu g\u00f6r\u00fcnce kendimizi d\u0131\u015far\u0131 att\u0131k. Uzun zamand\u0131r havalar so\u011fuk ve ya\u011fmurluydu. Bug\u00fcn \u00e7ok g\u00fczel bir hava var. \u0130nsanlar bunu de\u011ferlendiriyor. Bizde e\u015fimle beraber bu havay\u0131 f\u0131rsat bildik. Tabii ki arada bir ya\u011fmur ya\u011fmas\u0131 da gerekiyor. Arada bir g\u00fcne\u015f y\u00fcz\u00fcn\u00fc g\u00f6sterince bizim i\u00e7in g\u00fczel oluyor. Hava g\u00fczel olunca \u0130stanbul daha g\u00fczel&#8221; dedi.<\/span><\/p>\n<p><span style=\"font-family: arial, helvetica, sans-serif; font-size: 14px;\">Havan\u0131n s\u0131cakl\u0131\u011f\u0131n\u0131 f\u0131rsat bilip d\u0131\u015far\u0131 \u00e7\u0131kt\u0131klar\u0131n\u0131 belirten Emine Aktabur, \u201cHavan\u0131n bu kadar s\u0131cak olmas\u0131 bizi d\u0131\u015far\u0131 \u00e7\u0131kard\u0131. \u00c7ocuklar\u0131 eve b\u0131rakt\u0131k gezmeye geldik. Biraz dola\u015ft\u0131k, \u015fimdi ise soluklanmak i\u00e7in oturuyoruz. G\u00fcne\u015fin tad\u0131n\u0131 \u00e7\u0131kart\u0131yoruz. K\u0131\u015f aylar\u0131nda b\u00f6yle hava bulmak zor oluyor, bulmu\u015fken d\u0131\u015far\u0131 \u00e7\u0131kal\u0131m dedik&#8221; ifadelerini kulland\u0131.<\/span><\/p>\n","protected":false},"excerpt":{"rendered":"<p>\u0130stanbul&#8217;da k\u0131\u015f mevsiminin ortas\u0131nda ya\u015fanan s\u0131cakl\u0131k, \u015fehirde bahar havas\u0131 estirdi. Vatanda\u015flar g\u00fcne\u015fli havay\u0131 f\u0131rsat bilip d\u0131\u015far\u0131ya ak\u0131n etti. \u0130stanbul\u2019da hafta<\/p>\n","protected":false},"author":3,"featured_media":21490,"comment_status":"open","ping_status":"open","sticky":false,"template":"","format":"standard","meta":{"colormag_page_container_layout":"default_layout","colormag_page_sidebar_layout":"default_layout","footnotes":""},"categories":[1,5],"tags":[],"class_list":["post-21489","post","type-post","status-publish","format-standard","has-post-thumbnail","hentry","category-genel","category-gundem"],"_links":{"self":[{"href":"https:\/\/marmarayerelhizmet.com\/index.php\/wp-json\/wp\/v2\/posts\/21489","targetHints":{"allow":["GET"]}}],"collection":[{"href":"https:\/\/marmarayerelhizmet.com\/index.php\/wp-json\/wp\/v2\/posts"}],"about":[{"href":"https:\/\/marmarayerelhizmet.com\/index.php\/wp-json\/wp\/v2\/types\/post"}],"author":[{"embeddable":true,"href":"https:\/\/marmarayerelhizmet.com\/index.php\/wp-json\/wp\/v2\/users\/3"}],"replies":[{"embeddable":true,"href":"https:\/\/marmarayerelhizmet.com\/index.php\/wp-json\/wp\/v2\/comments?post=21489"}],"version-history":[{"count":0,"href":"https:\/\/marmarayerelhizmet.com\/index.php\/wp-json\/wp\/v2\/posts\/21489\/revisions"}],"wp:featuredmedia":[{"embeddable":true,"href":"https:\/\/marmarayerelhizmet.com\/index.php\/wp-json\/wp\/v2\/media\/21490"}],"wp:attachment":[{"href":"https:\/\/marmarayerelhizmet.com\/index.php\/wp-json\/wp\/v2\/media?parent=21489"}],"wp:term":[{"taxonomy":"category","embeddable":true,"href":"https:\/\/marmarayerelhizmet.com\/index.php\/wp-json\/wp\/v2\/categories?post=21489"},{"taxonomy":"post_tag","embeddable":true,"href":"https:\/\/marmarayerelhizmet.com\/index.php\/wp-json\/wp\/v2\/tags?post=21489"}],"curies":[{"name":"wp","href":"https:\/\/api.w.org\/{rel}","templated":true}]}}