{"id":21486,"date":"2024-02-09T18:26:41","date_gmt":"2024-02-09T15:26:41","guid":{"rendered":"https:\/\/marmarayerelhizmet.com\/?p=21486"},"modified":"2024-02-09T18:26:41","modified_gmt":"2024-02-09T15:26:41","slug":"bizim-cocuklarin-fiksturu-belli-oldu","status":"publish","type":"post","link":"https:\/\/marmarayerelhizmet.com\/index.php\/2024\/02\/09\/bizim-cocuklarin-fiksturu-belli-oldu\/","title":{"rendered":"&#8216;Bizim \u00c7ocuklar&#8217;\u0131n Fikst\u00fcr\u00fc Belli Oldu"},"content":{"rendered":"<p><strong><span style=\"font-family: arial, helvetica, sans-serif; font-size: 14px;\">Uluslar Ligi B Ligi 4 Grup&#8217;ta Galler, \u0130zlanda ve Karada\u011f ile e\u015fle\u015fen A Milli Futbol Tak\u0131m\u0131&#8217;n\u0131n fikst\u00fcr\u00fc belli oldu. Milliler ilk ma\u00e7\u0131nda 6 Eyl\u00fcl Cuma g\u00fcn\u00fc deplasmanda Galler ile m\u00fccadele edecek.<br \/>\n<\/span><\/strong><br \/>\n<span style=\"font-family: arial, helvetica, sans-serif; font-size: 14px;\">A Milli Futbol Tak\u0131m\u0131&#8217;n\u0131n B Ligi 4. Grup&#8217;ta Galler, \u0130zlanda ve Karada\u011f ile kar\u015f\u0131la\u015faca\u011f\u0131 UEFA Uluslar Ligi fikst\u00fcr\u00fc a\u00e7\u0131kland\u0131. Ay-y\u0131ld\u0131zl\u0131lar grubun ilk m\u00fcsabakas\u0131nda 6 Eyl\u00fcl Cuma g\u00fcn\u00fc Galler&#8217;e konuk olacak. Milliler grubun son kar\u015f\u0131la\u015fmas\u0131nda ise 19 Kas\u0131m Sal\u0131 g\u00fcn\u00fc deplasmanda Karada\u011f ile oynayacak.<\/span><br \/>\n<span style=\"font-family: arial, helvetica, sans-serif; font-size: 14px;\">A Milli Tak\u0131m&#8217;\u0131n ma\u00e7 tarihleri ve saatleri (TS\u0130) \u015f\u00f6yle:<\/span><\/p>\n<p><span style=\"font-family: arial, helvetica, sans-serif; font-size: 14px;\">6 Eyl\u00fcl Cuma 2024<\/span><br \/>\n<span style=\"font-family: arial, helvetica, sans-serif; font-size: 14px;\">21.45 Galler &#8211; T\u00fcrkiye<\/span><\/p>\n<p><span style=\"font-family: arial, helvetica, sans-serif; font-size: 14px;\">9 Eyl\u00fcl Pazartesi 2024<\/span><br \/>\n<span style=\"font-family: arial, helvetica, sans-serif; font-size: 14px;\">21.45 T\u00fcrkiye &#8211; \u0130zlanda<\/span><\/p>\n<p><span style=\"font-family: arial, helvetica, sans-serif; font-size: 14px;\">11 Ekim Cuma 2024<\/span><br \/>\n<span style=\"font-family: arial, helvetica, sans-serif; font-size: 14px;\">21.45 T\u00fcrkiye &#8211; Karada\u011f<\/span><\/p>\n<p><span style=\"font-family: arial, helvetica, sans-serif; font-size: 14px;\">14 Ekim Pazartesi 2024<\/span><br \/>\n<span style=\"font-family: arial, helvetica, sans-serif; font-size: 14px;\">21.45 \u0130zlanda &#8211; T\u00fcrkiye<\/span><\/p>\n<p><span style=\"font-family: arial, helvetica, sans-serif; font-size: 14px;\">16 Kas\u0131m Cumartesi 2024<\/span><br \/>\n<span style=\"font-family: arial, helvetica, sans-serif; font-size: 14px;\">20.00 T\u00fcrkiye &#8211; Galler<\/span><\/p>\n<p><span style=\"font-family: arial, helvetica, sans-serif; font-size: 14px;\">19 Kas\u0131m Sal\u0131 2024<\/span><br \/>\n<span style=\"font-family: arial, helvetica, sans-serif; font-size: 14px;\">22.45 Karada\u011f &#8211; T\u00fcrkiye<\/span><\/p>\n","protected":false},"excerpt":{"rendered":"<p>Uluslar Ligi B Ligi 4 Grup&#8217;ta Galler, \u0130zlanda ve Karada\u011f ile e\u015fle\u015fen A Milli Futbol Tak\u0131m\u0131&#8217;n\u0131n fikst\u00fcr\u00fc belli oldu. Milliler<\/p>\n","protected":false},"author":3,"featured_media":21487,"comment_status":"open","ping_status":"open","sticky":false,"template":"","format":"standard","meta":{"colormag_page_container_layout":"default_layout","colormag_page_sidebar_layout":"default_layout","footnotes":""},"categories":[1,5,9],"tags":[],"class_list":["post-21486","post","type-post","status-publish","format-standard","has-post-thumbnail","hentry","category-genel","category-gundem","category-spor"],"_links":{"self":[{"href":"https:\/\/marmarayerelhizmet.com\/index.php\/wp-json\/wp\/v2\/posts\/21486","targetHints":{"allow":["GET"]}}],"collection":[{"href":"https:\/\/marmarayerelhizmet.com\/index.php\/wp-json\/wp\/v2\/posts"}],"about":[{"href":"https:\/\/marmarayerelhizmet.com\/index.php\/wp-json\/wp\/v2\/types\/post"}],"author":[{"embeddable":true,"href":"https:\/\/marmarayerelhizmet.com\/index.php\/wp-json\/wp\/v2\/users\/3"}],"replies":[{"embeddable":true,"href":"https:\/\/marmarayerelhizmet.com\/index.php\/wp-json\/wp\/v2\/comments?post=21486"}],"version-history":[{"count":0,"href":"https:\/\/marmarayerelhizmet.com\/index.php\/wp-json\/wp\/v2\/posts\/21486\/revisions"}],"wp:featuredmedia":[{"embeddable":true,"href":"https:\/\/marmarayerelhizmet.com\/index.php\/wp-json\/wp\/v2\/media\/21487"}],"wp:attachment":[{"href":"https:\/\/marmarayerelhizmet.com\/index.php\/wp-json\/wp\/v2\/media?parent=21486"}],"wp:term":[{"taxonomy":"category","embeddable":true,"href":"https:\/\/marmarayerelhizmet.com\/index.php\/wp-json\/wp\/v2\/categories?post=21486"},{"taxonomy":"post_tag","embeddable":true,"href":"https:\/\/marmarayerelhizmet.com\/index.php\/wp-json\/wp\/v2\/tags?post=21486"}],"curies":[{"name":"wp","href":"https:\/\/api.w.org\/{rel}","templated":true}]}}