{"id":21476,"date":"2024-02-09T18:16:17","date_gmt":"2024-02-09T15:16:17","guid":{"rendered":"https:\/\/marmarayerelhizmet.com\/?p=21476"},"modified":"2024-02-09T18:16:17","modified_gmt":"2024-02-09T15:16:17","slug":"antrenman-salonuna-uysalin-adi-verildi","status":"publish","type":"post","link":"https:\/\/marmarayerelhizmet.com\/index.php\/2024\/02\/09\/antrenman-salonuna-uysalin-adi-verildi\/","title":{"rendered":"Antrenman Salonuna Uysal\u2019\u0131n Ad\u0131 Verildi"},"content":{"rendered":"<p><strong><span style=\"font-family: arial, helvetica, sans-serif; font-size: 14px;\">Bal\u0131kesir \u00dcniversitesi Burhan Erday\u0131 Spor Salonunda yer alan antrenman salonuna, vefat eden Bigadi\u00e7 Meslek Y\u00fcksekokulu akademisyenlerinden ayn\u0131 zamanda AK Parti Bal\u0131kesir \u0130l Gen\u00e7lik Kollar\u0131 Ba\u015fkan\u0131 \u00d6\u011fr. G\u00f6r. H\u00fcseyin Murat Uysal\u2019\u0131n ad\u0131 verildi.<br \/>\n<\/span><\/strong><br \/>\n<span style=\"font-family: arial, helvetica, sans-serif; font-size: 14px;\">Burhan Erday\u0131 Spor Salonundaki antrenman salonunun a\u00e7\u0131l\u0131\u015f\u0131nda konu\u015fan Bal\u0131kesir \u00dcniversitesi Rekt\u00f6r\u00fc Prof. Dr. Y\u00fccel O\u011furlu, gen\u00e7 ya\u015fta hayat\u0131n\u0131 kaybeden \u00f6\u011fretim g\u00f6revlisi H\u00fcseyin Murat Uysal\u2019\u0131 rahmetle and\u0131. Antrenman Salonu\u2019nun gen\u00e7 sporcular\u0131 yeti\u015ftirme ad\u0131na b\u00fcy\u00fck \u00f6neme sahip oldu\u011funu vurgulayan O\u011furlu, \u201cBurada bir hat\u0131ray\u0131 ya\u015fatma ad\u0131na bir araya geldik. \u00dcniversitemizde \u00f6\u011fretim g\u00f6revlisi olarak \u00e7al\u0131\u015fan H\u00fcseyin Murat Uysal karde\u015fimizin bizleri vefat\u0131ndan sonra ne yapabilece\u011fimizi d\u00fc\u015f\u00fcnd\u00fck ve onun hat\u0131ras\u0131n\u0131 spor salonunda ya\u015fatal\u0131m dedik. Biz kendisine Allah\u2019tan rahmet ailesine sab\u0131rlar diliyoruz\u201d diye konu\u015ftu.<br \/>\n<\/span><br \/>\n<strong><span style=\"font-family: arial, helvetica, sans-serif; font-size: 14px;\">Gen\u00e7 ya\u015fta \u00e7ok i\u015fler yapt\u0131<\/span><\/strong><br \/>\n<span style=\"font-family: arial, helvetica, sans-serif; font-size: 14px;\">B\u00fcy\u00fck\u015fehir Belediye Ba\u015fkan\u0131 Y\u00fccel Y\u0131lmaz da a\u00e7\u0131l\u0131\u015fta yapt\u0131\u011f\u0131 konu\u015fmada H\u00fcseyin Murat Uysal\u2019\u0131n unutulmayaca\u011f\u0131n\u0131 belirterek, \u201cH\u00fcseyin Murat Uysal benim hayat\u0131m\u0131n son 12 senesinde hemen her g\u00fcn g\u00f6rd\u00fc\u011f\u00fcm, merhabala\u015ft\u0131\u011f\u0131m ki\u015filerden birisiydi. H\u00fcseyin ile birlikte bu \u015fehirle dertlendi\u011fimiz, gen\u00e7lerle, \u00f6\u011frencilerle ilgili bir\u00e7ok projeyi hayata ge\u00e7irdi\u011fimiz bir karde\u015fimizdi. Vefat\u0131ndan dolay\u0131 \u00e7ok h\u00fcz\u00fcn duyduk. Ama gen\u00e7 ya\u015fta \u00e7ok i\u015fler yapm\u0131\u015f birisi olarak arkas\u0131ndan \u00e7ok iyi yad edilmeyi, dua edilmeyi hak eden bir arkada\u015f\u0131m\u0131zd\u0131. Ben rekt\u00f6r\u00fcm\u00fcze \u00e7ok te\u015fekk\u00fcr ediyorum. Ac\u0131l\u0131 ailesine sab\u0131rlar diliyorum. Onun emaneti bizim emanetimizdir diyoruz. \u0130smini ve geride b\u0131rakt\u0131\u011f\u0131 her \u015feyi ye\u015fertmek, ya\u015fatmak \u00fcst\u00fcm\u00fcze vazifedir diye d\u00fc\u015f\u00fcn\u00fcyorum. Onun ismini b\u00f6yle gen\u00e7lerin spor yapaca\u011f\u0131 alana verdiklerinden dolay\u0131 \u00fcniversite y\u00f6netimine te\u015fekk\u00fcr ediyorum\u201d ifadelerini kulland\u0131.<br \/>\n<\/span><br \/>\n<strong><span style=\"font-family: arial, helvetica, sans-serif; font-size: 14px;\">Hizmetlerim yolda\u015f\u0131 olacak<\/span><\/strong><br \/>\n<span style=\"font-family: arial, helvetica, sans-serif; font-size: 14px;\">Vali \u0130smail Ustao\u011flu da antrenman salonunun a\u00e7\u0131l\u0131\u015f\u0131nda yapt\u0131\u011f\u0131 konu\u015fmada merhum H\u00fcseyin Murat Uysal\u2019\u0131 rahmetle and\u0131klar\u0131n\u0131 belirterek, \u201cYak\u0131n bir ge\u00e7mi\u015f zamanda \u00e7ok k\u0131ymetli bir karde\u015fimizi kaybettik. Ailesini o zaman da ziyaret ettik. Ger\u00e7ekten babas\u0131 ve e\u015finin o vakur duru\u015fu beni \u00e7ok etkilemi\u015fti. De\u011ferli karde\u015fimiz tam bir dava adam\u0131 oldu. Yani k\u00fc\u00e7\u00fck ya\u015ftan itibaren vatan\u0131, milleti, gen\u00e7ler i\u00e7in \u00e7ok g\u00fczel \u015feylerin alt\u0131na imza att\u0131rd\u0131. A\u00e7\u0131k\u00e7as\u0131 bir taraftan \u00fcz\u00fcld\u00fck, gen\u00e7 ya\u015fta kaybetti\u011fimiz karde\u015fimizin \u00fcz\u00fcnt\u00fcs\u00fc vard\u0131, di\u011fer yandan da gurur duyduk. Allah\u2019tan rahmet diliyoruz. Onun y\u0131llard\u0131r gen\u00e7ler i\u00e7in yapm\u0131\u015f oldu\u011fu hizmetler \u00f6b\u00fcr d\u00fcnyada onun in\u015fallah yolda\u015f\u0131 olacakt\u0131r. Biz ona inan\u0131yoruz, inanc\u0131m\u0131z da bunu s\u00f6yl\u00fcyor. Ama \u00fcniversitemiz b\u00fcnyesinde hem burada \u00f6\u011fretim g\u00f6revlisi olan bu k\u0131ymetli karde\u015fimizin hat\u0131ralar\u0131n\u0131 ya\u015fatma ad\u0131na rekt\u00f6rl\u00fc\u011f\u00fcm\u00fcz ve belediyemiz aras\u0131ndaki i\u015fbirli\u011fi sonucu b\u00f6yle bir salona onun ad\u0131n\u0131n verilmesi de ayr\u0131 bir gurur veriyor bize. \u00c7\u00fcnk\u00fc burada gen\u00e7lerimiz hem sportif aktiviteler yaparken in\u015fallah biz inan\u0131yoruz ki onlarda ayn\u0131 zamanda H\u00fcseyin karde\u015fimiz gibi vatan\u0131na, milletine, bayra\u011f\u0131na faydal\u0131 olabilme ad\u0131na burada yeti\u015feceklerdir\u201d dedi.<\/span><br \/>\n<span style=\"font-family: arial, helvetica, sans-serif; font-size: 14px;\">Antrenman salonunun a\u00e7\u0131l\u0131\u015f\u0131na ; Bal\u0131kesir Valisi \u0130smail Ustao\u011flu, Bal\u0131kesir B\u00fcy\u00fck\u015fehir Belediye Ba\u015fkan\u0131 Y\u00fccel Y\u0131lmaz, AK Parti \u0130l Ba\u015fkan\u0131 Mehmet Aydemir, Bal\u0131kesir \u00dcniversitesi Rekt\u00f6r\u00fc Prof. Dr. Y\u00fccel O\u011furlu, Bal\u0131kesir Gen\u00e7lik ve Spor \u0130l M\u00fcd\u00fcr\u00fc Adem \u00d6zalp, AK Parti Alt\u0131eyl\u00fcl Belediye Ba\u015fkan Aday\u0131 Mesut Eray, Milli boks\u00f6r Ali Eren Demirezen\u2019in yan\u0131 s\u0131ra, \u00d6\u011fr. G\u00f6r. H\u00fcseyin Murat Uysal\u2019\u0131n ailesi ve protokol \u00fcyelerinin kat\u0131l\u0131m\u0131 ile ger\u00e7ekle\u015ftirildi.<\/span><\/p>\n","protected":false},"excerpt":{"rendered":"<p>Bal\u0131kesir \u00dcniversitesi Burhan Erday\u0131 Spor Salonunda yer alan antrenman salonuna, vefat eden Bigadi\u00e7 Meslek Y\u00fcksekokulu akademisyenlerinden ayn\u0131 zamanda AK Parti<\/p>\n","protected":false},"author":3,"featured_media":21477,"comment_status":"open","ping_status":"open","sticky":false,"template":"","format":"standard","meta":{"colormag_page_container_layout":"default_layout","colormag_page_sidebar_layout":"default_layout","footnotes":""},"categories":[45,1,5,8,9],"tags":[],"class_list":["post-21476","post","type-post","status-publish","format-standard","has-post-thumbnail","hentry","category-egitim","category-genel","category-gundem","category-siyaset","category-spor"],"_links":{"self":[{"href":"https:\/\/marmarayerelhizmet.com\/index.php\/wp-json\/wp\/v2\/posts\/21476","targetHints":{"allow":["GET"]}}],"collection":[{"href":"https:\/\/marmarayerelhizmet.com\/index.php\/wp-json\/wp\/v2\/posts"}],"about":[{"href":"https:\/\/marmarayerelhizmet.com\/index.php\/wp-json\/wp\/v2\/types\/post"}],"author":[{"embeddable":true,"href":"https:\/\/marmarayerelhizmet.com\/index.php\/wp-json\/wp\/v2\/users\/3"}],"replies":[{"embeddable":true,"href":"https:\/\/marmarayerelhizmet.com\/index.php\/wp-json\/wp\/v2\/comments?post=21476"}],"version-history":[{"count":0,"href":"https:\/\/marmarayerelhizmet.com\/index.php\/wp-json\/wp\/v2\/posts\/21476\/revisions"}],"wp:featuredmedia":[{"embeddable":true,"href":"https:\/\/marmarayerelhizmet.com\/index.php\/wp-json\/wp\/v2\/media\/21477"}],"wp:attachment":[{"href":"https:\/\/marmarayerelhizmet.com\/index.php\/wp-json\/wp\/v2\/media?parent=21476"}],"wp:term":[{"taxonomy":"category","embeddable":true,"href":"https:\/\/marmarayerelhizmet.com\/index.php\/wp-json\/wp\/v2\/categories?post=21476"},{"taxonomy":"post_tag","embeddable":true,"href":"https:\/\/marmarayerelhizmet.com\/index.php\/wp-json\/wp\/v2\/tags?post=21476"}],"curies":[{"name":"wp","href":"https:\/\/api.w.org\/{rel}","templated":true}]}}